{"id":454849,"date":"2020-01-07T00:03:45","date_gmt":"2020-01-07T06:03:45","guid":{"rendered":"https:\/\/www.diarioimagen.net\/?p=454849"},"modified":"2020-01-07T00:05:16","modified_gmt":"2020-01-07T06:05:16","slug":"pide-lopez-obrador-elevar-pensiones-y-becas-a-rango-constitucional","status":"publish","type":"post","link":"https:\/\/www.diarioimagen.net\/?p=454849","title":{"rendered":"Pide L\u00f3pez Obrador elevar pensiones y becas a rango constitucional"},"content":{"rendered":"<ul>\n<li><em><strong>\u201cEste derecho debe ir acompa\u00f1ado del presupuesto requerido\u201d<\/strong><\/em><\/li>\n<\/ul>\n<p>&nbsp;<\/p>\n<div id=\"attachment_454850\" style=\"width: 470px\" class=\"wp-caption aligncenter\"><a href=\"https:\/\/www.diarioimagen.net\/?attachment_id=454850\" rel=\"attachment wp-att-454850\"><img loading=\"lazy\" decoding=\"async\" aria-describedby=\"caption-attachment-454850\" class=\"size-large wp-image-454850\" src=\"https:\/\/www.diarioimagen.net\/wp-content\/uploads\/2020\/01\/PENSIONES7-POR-460x268.jpg\" alt=\"\" width=\"460\" height=\"268\" srcset=\"https:\/\/www.diarioimagen.net\/wp-content\/uploads\/2020\/01\/PENSIONES7-POR-460x268.jpg 460w, https:\/\/www.diarioimagen.net\/wp-content\/uploads\/2020\/01\/PENSIONES7-POR-240x140.jpg 240w, https:\/\/www.diarioimagen.net\/wp-content\/uploads\/2020\/01\/PENSIONES7-POR.jpg 480w\" sizes=\"auto, (max-width: 460px) 100vw, 460px\" \/><\/a><p id=\"caption-attachment-454850\" class=\"wp-caption-text\">Manuel L\u00f3pez Obrador exhort\u00f3 a los legisladores elevar a rango constitucional el otorgamiento de pensiones a los adultos mayores y discapacitados.<\/p><\/div>\n<p>&nbsp;<\/p>\n<p>El presidente Andr\u00e9s Manuel L\u00f3pez Obrador exhort\u00f3 este lunes a los legisladores que aprueben elevar a rango constitucional el otorgamiento de pensiones a los adultos mayores y discapacitados, as\u00ed como las becas.<\/p>\n<p>En su conferencia matutina, expres\u00f3 que si la C\u00e1mara de Diputados aprueba elevar a derecho constitucional contar con esos derechos, debe ir acompa\u00f1ado del presupuesto requerido para que \u201cno sea letra muerta\u201d.<\/p>\n<p>Record\u00f3 que hace 25 a\u00f1os se elev\u00f3 a rango constitucional el derecho a la salud, pero no se dot\u00f3 del presupuesto que asegure se cumpla, por ello indic\u00f3 que se tienen que autorizar los recursos necesarios para atender a la poblaci\u00f3n contemplada en los programas sociales.<\/p>\n<p>\u201cQueremos que se consoliden; son de las cosas que tenemos que apurarnos a dejarlas bien consolidadas para que en el futuro no puedan cancelar estas acciones. Este a\u00f1o tienen que aprobar los legisladores el que se convierta en un derecho la pensi\u00f3n para los adultos mayores, se eleve a rango constitucional, tambi\u00e9n la pensi\u00f3n a discapacitados y las becas\u201d, expres\u00f3.<\/p>\n<p>\u201cAhora los legisladores que tienen la responsabilidad exclusiva autorizar el presupuesto, tienen que garantizar que esos problemas no tengan problemas financieros; que siempre se les asignen los presupuestos\u201d, finaliz\u00f3.<\/p>\n","protected":false},"excerpt":{"rendered":"<p>El presidente Andr\u00e9s Manuel L\u00f3pez Obrador exhort\u00f3 este lunes a los legisladores que aprueben elevar a rango constitucional el otorgamiento de pensiones a los adultos mayores y discapacitados, as\u00ed como las becas.<\/p>\n","protected":false},"author":1,"featured_media":454850,"comment_status":"open","ping_status":"open","sticky":false,"template":"","format":"standard","meta":{"_monsterinsights_skip_tracking":false,"_monsterinsights_sitenote_active":false,"_monsterinsights_sitenote_note":"","_monsterinsights_sitenote_category":0,"footnotes":""},"categories":[8],"tags":[11642,43678,86667,2131],"class_list":["post-454849","post","type-post","status-publish","format-standard","has-post-thumbnail","hentry","category-finanzas","tag-becas","tag-finanzas","tag-manuel-lopez-obrador","tag-pensiones"],"_links":{"self":[{"href":"https:\/\/www.diarioimagen.net\/index.php?rest_route=\/wp\/v2\/posts\/454849","targetHints":{"allow":["GET"]}}],"collection":[{"href":"https:\/\/www.diarioimagen.net\/index.php?rest_route=\/wp\/v2\/posts"}],"about":[{"href":"https:\/\/www.diarioimagen.net\/index.php?rest_route=\/wp\/v2\/types\/post"}],"author":[{"embeddable":true,"href":"https:\/\/www.diarioimagen.net\/index.php?rest_route=\/wp\/v2\/users\/1"}],"replies":[{"embeddable":true,"href":"https:\/\/www.diarioimagen.net\/index.php?rest_route=%2Fwp%2Fv2%2Fcomments&post=454849"}],"version-history":[{"count":0,"href":"https:\/\/www.diarioimagen.net\/index.php?rest_route=\/wp\/v2\/posts\/454849\/revisions"}],"wp:featuredmedia":[{"embeddable":true,"href":"https:\/\/www.diarioimagen.net\/index.php?rest_route=\/wp\/v2\/media\/454850"}],"wp:attachment":[{"href":"https:\/\/www.diarioimagen.net\/index.php?rest_route=%2Fwp%2Fv2%2Fmedia&parent=454849"}],"wp:term":[{"taxonomy":"category","embeddable":true,"href":"https:\/\/www.diarioimagen.net\/index.php?rest_route=%2Fwp%2Fv2%2Fcategories&post=454849"},{"taxonomy":"post_tag","embeddable":true,"href":"https:\/\/www.diarioimagen.net\/index.php?rest_route=%2Fwp%2Fv2%2Ftags&post=454849"}],"curies":[{"name":"wp","href":"https:\/\/api.w.org\/{rel}","templated":true}]}}