{"id":454905,"date":"2020-01-07T00:13:33","date_gmt":"2020-01-07T06:13:33","guid":{"rendered":"https:\/\/www.diarioimagen.net\/?p=454905"},"modified":"2020-01-07T04:00:50","modified_gmt":"2020-01-07T10:00:50","slug":"pese-a-operativos-sigue-tala-en-reservas-de-la-monarca","status":"publish","type":"post","link":"https:\/\/www.diarioimagen.net\/?p=454905","title":{"rendered":"Pese a operativos sigue tala en reservas de la Monarca"},"content":{"rendered":"<ul>\n<li><em><strong>Se incrementa el cambio de uso de suelo<\/strong><\/em><\/li>\n<li><em><strong>Ampliaci\u00f3n de las fronteras agropecuarias y urbanas<\/strong><\/em><\/li>\n<\/ul>\n<p>&nbsp;<\/p>\n<div id=\"attachment_455002\" style=\"width: 470px\" class=\"wp-caption aligncenter\"><a href=\"https:\/\/www.diarioimagen.net\/?attachment_id=455002\" rel=\"attachment wp-att-455002\"><img loading=\"lazy\" decoding=\"async\" aria-describedby=\"caption-attachment-455002\" class=\"size-large wp-image-455002\" src=\"https:\/\/www.diarioimagen.net\/wp-content\/uploads\/2020\/01\/MONARCA7-460x259.jpg\" alt=\"\" width=\"460\" height=\"259\" srcset=\"https:\/\/www.diarioimagen.net\/wp-content\/uploads\/2020\/01\/MONARCA7-460x259.jpg 460w, https:\/\/www.diarioimagen.net\/wp-content\/uploads\/2020\/01\/MONARCA7-240x135.jpg 240w, https:\/\/www.diarioimagen.net\/wp-content\/uploads\/2020\/01\/MONARCA7-235x132.jpg 235w, https:\/\/www.diarioimagen.net\/wp-content\/uploads\/2020\/01\/MONARCA7-202x114.jpg 202w, https:\/\/www.diarioimagen.net\/wp-content\/uploads\/2020\/01\/MONARCA7-350x196.jpg 350w, https:\/\/www.diarioimagen.net\/wp-content\/uploads\/2020\/01\/MONARCA7-220x123.jpg 220w, https:\/\/www.diarioimagen.net\/wp-content\/uploads\/2020\/01\/MONARCA7-237x132.jpg 237w, https:\/\/www.diarioimagen.net\/wp-content\/uploads\/2020\/01\/MONARCA7.jpg 480w\" sizes=\"auto, (max-width: 460px) 100vw, 460px\" \/><\/a><p id=\"caption-attachment-455002\" class=\"wp-caption-text\">Detectan tala ilegal en la comunidad ind\u00edgena San Felipe de los Alzati, y en los ejidos \u201cCrescencio Morales\u201d y \u201cNicol\u00e1s Romero\u201d, de Zit\u00e1cuaro, as\u00ed como en los ejidos \u201cRondanilla\u201d, en Angangueo, y \u201cEl Calabozo Fracci\u00f3n I y II\u201d, en el municipio de Seguido.<\/p><\/div>\n<p>&nbsp;<\/p>\n<p>En la zona de la mariposa monarca, que abarca municipios del Estado de M\u00e9xico y de Michoac\u00e1n, la Procuradur\u00eda Federal de Protecci\u00f3n al Ambiente (Profepa) detect\u00f3 taladores, transportistas y algunos due\u00f1os de centros de almacenamiento y transformaci\u00f3n de materias primas forestales (CAT) que aprovechan madera ilegal, adem\u00e1s de cambios de uso de suelo por la ampliaci\u00f3n de las fronteras agropecuarias y urbanas.<\/p>\n<p>Espec\u00edficamente, informa que en los \u00faltimos seis meses ha observado tala ilegal en la comunidad ind\u00edgena San Felipe de los Alzati, y en los ejidos \u201cCrescencio Morales\u201d y \u201cNicol\u00e1s Romero\u201d, del municipio de Zit\u00e1cuaro, as\u00ed como en los ejidos \u201cRondanilla\u201d, en Angangueo, y \u201cEl Calabozo Fracci\u00f3n I y II\u201d, en el municipio de Seguido, todos en el estado de Michoac\u00e1n.<\/p>\n<p>Asimismo, se\u00f1ala que en 2017 se increment\u00f3 el cambio de uso de suelo para el establecimiento de huertas de aguacate, principalmente en los municipios de Donato Guerra, en el Estado de M\u00e9xico, y en Zit\u00e1cuaro y Ocampo, Michoac\u00e1n.<\/p>\n<p>Para evitar el aumento de los delitos forestales, la Profepa realiza operativos de inspecci\u00f3n y vigilancia permanentes en la Reserva de la Bi\u00f3sfera Mariposa Monarca, en espec\u00edfico en la Zona N\u00facleo, para erradicar la tala ilegal a gran escala.<\/p>\n<p>La Reserva de la Biosfera Mariposa Monarca abarca diez municipios de los estados de M\u00e9xico: Donato Guerra, San Jos\u00e9 del Rinc\u00f3n, Temascalcingo y Villa de Allende, y de Michoac\u00e1n: Angangueo, Aporo, Contepec, Ocampo, Senguio y Zit\u00e1cuaro.<\/p>\n<p>Estos bosques forman parte del ecosistema templado de M\u00e9xico y en ellos predominan las masas forestales de pino, pino-encino y oyamel, siendo \u00e9stos los que propician los microclimas adecuados para las migraciones de mariposas, ya que es ah\u00ed donde establecen sus colonias de hibernaci\u00f3n. El oyamel se distribuye en las monta\u00f1as m\u00e1s altas, entre los 2 mil 400 y los 3 mil 600 metros de altitud, en laderas o ca\u00f1adas h\u00famedas, donde habitan especies representativas de las regiones ne\u00e1rtica y neotropical, que incluyen anfibios, reptiles y m\u00e1s de 130 especies de aves y 56 de mam\u00edferos. La Reserva alberga tambi\u00e9n 423 especies de plantas vasculares.<\/p>\n<p>Como especies ic\u00f3nicas destacan la mariposa Monarca, el ajolote (Ambystoma rivulare), la salamandra (Ambystoma ordinarium), la falsa salamandra (Pseudoeurycea bellii), el b\u00faho cornudo (Bubo virginianus), el coyote (Canis latrans), el venado cola blanca (Odocoileus virginianus), el algodoncillo (Asclepia syriaca), oyamel (Abies religiosa), cipr\u00e9s mexicano (Cupressus lusitanica) y pi\u00f1onero azul (Pinus maximartinezii).<\/p>\n<p>Los bosques donde hiberna la mariposa monarca favorecen la captaci\u00f3n h\u00eddrica que provee de agua a las poblaciones de la regi\u00f3n e incluso a las ciudades de M\u00e9xico y Toluca; son el asiento de diversas culturas ind\u00edgenas; proveen servicios ambientales globales, secuestran carbono y satisfacen necesidades tanto recreativas como espirituales.<\/p>\n<p>Parte de esta superficie ha sido afectada por la deforestaci\u00f3n y se estima que entre 2001 y 2012 la tala ilegal afect\u00f3 dos mil 507 hect\u00e1reas (ha), de las cuales mil 503 fueron por tala clandestina a gran escala y 554 ha por tala \u201chormiga\u201d.<\/p>\n<p style=\"text-align: center;\"><strong>Reactivan los comit\u00e9s <\/strong><strong>de vigilancia ambiental<\/strong><\/p>\n<p>Como una medida preventiva y de inhibici\u00f3n de nuevos derribos y para dar atenci\u00f3n inmediata a los il\u00edcitos denunciados, se reactivaron los comit\u00e9s de vigilancia ambiental participativa, grupos integrados por ejidatarios y comuneros que habitan en la Reserva, lo que increment\u00f3 los recorridos de vigilancia y reforz\u00f3 la confianza entre los pobladores.<\/p>\n<p>Los operativos permanentes son apoyados por las secretar\u00edas de la Defensa Nacional y de la Marina, y por la Guardia Nacional, lo que ha permitido tareas de inspecci\u00f3n y vigilancia en las fases de aprovechamiento, transporte, almacenamiento y transformaci\u00f3n de materias primas forestales.<\/p>\n<p>Adem\u00e1s, permite imponer sanciones administrativas o penales, favoreciendo la restauraci\u00f3n y compensaci\u00f3n en predios afectados por tala y privilegiando el decomiso de maquinaria, herramientas y materias primas forestales irregulares.<\/p>\n<p>El trabajo coordinado ha tenido como resultado 151 acciones de inspecci\u00f3n y vigilancia, que permitieron poner a disposici\u00f3n del Ministerio P\u00fablico de la Federaci\u00f3n a cinco personas, clausurar 19 predios y dos Centros de Almacenamiento y Transformaci\u00f3n de Materias Primas Forestales, as\u00ed como el aseguramiento de 20 veh\u00edculos, ocho motosierras, ocho herramientas y equipos, 510.8 metros c\u00fabicos de madera y 902 kilogramos de carb\u00f3n.<\/p>\n","protected":false},"excerpt":{"rendered":"<p>En la zona de la mariposa monarca, que abarca municipios del Estado de M\u00e9xico y de Michoac\u00e1n, la Procuradur\u00eda Federal de Protecci\u00f3n al Ambiente (Profepa) detect\u00f3 taladores, transportistas y algunos due\u00f1os de centros de almacenamiento y transformaci\u00f3n de materias primas forestales (CAT) que aprovechan madera ilegal, adem\u00e1s de cambios de uso de suelo por la ampliaci\u00f3n de las fronteras agropecuarias y urbanas.<\/p>\n","protected":false},"author":3,"featured_media":455002,"comment_status":"open","ping_status":"open","sticky":false,"template":"","format":"standard","meta":{"_monsterinsights_skip_tracking":false,"_monsterinsights_sitenote_active":false,"_monsterinsights_sitenote_note":"","_monsterinsights_sitenote_category":0,"footnotes":""},"categories":[5],"tags":[43675,803,47615],"class_list":["post-454905","post","type-post","status-publish","format-standard","has-post-thumbnail","hentry","category-estado-de-mexico","tag-estado-de-mexico","tag-michoacan","tag-monarca"],"_links":{"self":[{"href":"https:\/\/www.diarioimagen.net\/index.php?rest_route=\/wp\/v2\/posts\/454905","targetHints":{"allow":["GET"]}}],"collection":[{"href":"https:\/\/www.diarioimagen.net\/index.php?rest_route=\/wp\/v2\/posts"}],"about":[{"href":"https:\/\/www.diarioimagen.net\/index.php?rest_route=\/wp\/v2\/types\/post"}],"author":[{"embeddable":true,"href":"https:\/\/www.diarioimagen.net\/index.php?rest_route=\/wp\/v2\/users\/3"}],"replies":[{"embeddable":true,"href":"https:\/\/www.diarioimagen.net\/index.php?rest_route=%2Fwp%2Fv2%2Fcomments&post=454905"}],"version-history":[{"count":0,"href":"https:\/\/www.diarioimagen.net\/index.php?rest_route=\/wp\/v2\/posts\/454905\/revisions"}],"wp:featuredmedia":[{"embeddable":true,"href":"https:\/\/www.diarioimagen.net\/index.php?rest_route=\/wp\/v2\/media\/455002"}],"wp:attachment":[{"href":"https:\/\/www.diarioimagen.net\/index.php?rest_route=%2Fwp%2Fv2%2Fmedia&parent=454905"}],"wp:term":[{"taxonomy":"category","embeddable":true,"href":"https:\/\/www.diarioimagen.net\/index.php?rest_route=%2Fwp%2Fv2%2Fcategories&post=454905"},{"taxonomy":"post_tag","embeddable":true,"href":"https:\/\/www.diarioimagen.net\/index.php?rest_route=%2Fwp%2Fv2%2Ftags&post=454905"}],"curies":[{"name":"wp","href":"https:\/\/api.w.org\/{rel}","templated":true}]}}