{"id":454938,"date":"2020-01-07T00:12:07","date_gmt":"2020-01-07T06:12:07","guid":{"rendered":"https:\/\/www.diarioimagen.net\/?p=454938"},"modified":"2020-01-07T06:00:46","modified_gmt":"2020-01-07T12:00:46","slug":"monreal18-prioridades-legislativas-la-ineludible-comparacion-con-amlo","status":"publish","type":"post","link":"https:\/\/www.diarioimagen.net\/?p=454938","title":{"rendered":"Monreal: 18 prioridades legislativas; la ineludible comparaci\u00f3n con AMLO"},"content":{"rendered":"<h2>Tras la puerta del poder<\/h2>\n<h5>Roberto Vizca\u00edno<\/h5>\n<p>&nbsp;<\/p>\n<p><a href=\"https:\/\/www.diarioimagen.net\/?attachment_id=455029\" rel=\"attachment wp-att-455029\"><img loading=\"lazy\" decoding=\"async\" class=\"aligncenter size-large wp-image-455029\" src=\"https:\/\/www.diarioimagen.net\/wp-content\/uploads\/2020\/01\/los-deseos-de-todos-LUIS-XAVIER-460x355.jpg\" alt=\"\" width=\"460\" height=\"355\" srcset=\"https:\/\/www.diarioimagen.net\/wp-content\/uploads\/2020\/01\/los-deseos-de-todos-LUIS-XAVIER-460x355.jpg 460w, https:\/\/www.diarioimagen.net\/wp-content\/uploads\/2020\/01\/los-deseos-de-todos-LUIS-XAVIER-240x185.jpg 240w, https:\/\/www.diarioimagen.net\/wp-content\/uploads\/2020\/01\/los-deseos-de-todos-LUIS-XAVIER-768x593.jpg 768w, https:\/\/www.diarioimagen.net\/wp-content\/uploads\/2020\/01\/los-deseos-de-todos-LUIS-XAVIER.jpg 1200w\" sizes=\"auto, (max-width: 460px) 100vw, 460px\" \/><\/a><\/p>\n<p>&nbsp;<\/p>\n<p>Al compartir la rosca de Reyes como agradable pretexto, <strong>Ricardo Monreal<\/strong> dio a conocer ayer a los reporteros los 18 temas prioritarios de la agenda legislativa de febrero a abril en el Senado. Un nuevo avance en el redise\u00f1o del Estado.<\/p>\n<p>\u201cLey de Amnist\u00eda; fuero<strong>;<\/strong> elevar a rango constitucional las pensiones a adultos mayores; uso de la marihuana; regulaci\u00f3n del outsourcing; Reforma Judicial; \u00a0Reforma al Sistema Financiero; regulaci\u00f3n de la econom\u00eda circular; nueva Reforma Electoral; bienestar animal\u2026<\/p>\n<p>\u201cRegulaciones en materia de cambio clim\u00e1tico y medioambiente; Reforma de Derecho al Olvido en Plataformas Digitales; Derecho a la Verdad; Derecho al Libre Desarrollo a la Personalidad (son dict\u00e1menes que ya est\u00e1n muy avanzados, afirm\u00f3)\u2026<\/p>\n<p>\u201cLeyes secundarias del 19 constitucional sobre delitos graves; reducci\u00f3n del financiamiento p\u00fablico a los partidos pol\u00edticos; establecer por Ley porcentajes de contenidos nacionales en servicios OTT (o sea, en contenidos audiovisuales de plataformas como Netflix, Amazon, YouTube y otras)\u2026\u201d<\/p>\n<p>Son, dijo el presidente de la Junta de Coordinaci\u00f3n Pol\u00edtica y l\u00edder de la mayor\u00eda de Morena en el Senado, 18 temas \u201cque consideramos prioritarios, aunque no son limitados, no son limitativos\u201d para ser tramitados en el per\u00edodo febrero a abril\u201d.<\/p>\n<p>Pero no s\u00f3lo tenemos eso, aclar\u00f3, \u201ctenemos otros pendientes, \u00bfcu\u00e1les son?<\/p>\n<p>\u201cAlgunos nombramientos como \u00f3rgano colegiado: el Consejo Ciudadano de la Fiscal\u00eda General de la Rep\u00fablica (nos falta nombrarlo, son cinco). Vamos a lanzar la convocatoria en los pr\u00f3ximos d\u00edas.<\/p>\n<p>\u201cFalta designar un magistrado del \u00d3rgano Jurisdiccional Local en materia Electoral del estado de Nayarit ya que en Nayarit se hizo una reforma reduciendo el n\u00famero de magistrados, y nosotros hab\u00edamos nombrado un n\u00famero de magistrados. Quit\u00f3 uno y est\u00e1 pendiente nombrar por el Senado uno.<\/p>\n<p>\u201cNos faltan los consejeros del Consejo Ciudadano, nos faltan dos del INAI, que tenemos que lanzar la convocatoria tambi\u00e9n en enero para empezar a revisarla, citarlos a comparecer en febrero.<\/p>\n<p>\u201cLuego nos faltan tres consejeros del Consejo Ciudadano del Sistema P\u00fablico de Radiodifusi\u00f3n del Estado Mexicano.<\/p>\n<p>\u201cNos falta un magistrado de la Sala Especializada del Tribunal Electoral del Poder Judicial de la Federaci\u00f3n, que ese magistrado tiene como dos a\u00f1os o m\u00e1s, desde antes que lleg\u00e1ramos nosotros, que no se ha nombrado; no tuvo consenso de los tres propuestos por la Corte y ya dos de ellos o tres, ya no quiere nadie, entonces tenemos que volver a lanzar otra convocatoria.<\/p>\n<p>\u201cNos falta un consejero independiente del Consejo de Administraci\u00f3n de Petr\u00f3leos Mexicanos.<\/p>\n<p>\u201cNos faltan integrantes de la Comisi\u00f3n de Selecci\u00f3n para designar el Comit\u00e9 de Participaci\u00f3n Ciudadana del Sistema Nacional Anticorrupci\u00f3n.<\/p>\n<p>\u201cNos faltan magistrados del Tribunal de Justicia Administrativa, que tambi\u00e9n qued\u00f3 pendiente; y nos faltan magistrados del Tribunal Agrario que est\u00e1n incompletos.<\/p>\n<p>\u201cEs decir, tenemos nombramientos que arrastramos desde la legislatura pasada, y que yo espero que avancemos mucho en febrero, marzo y abril, pero requerimos en la mayor\u00eda de ellos mayor\u00eda calificada, por eso es que no hemos logrado los consensos\u201d, precis\u00f3.<\/p>\n<p style=\"text-align: center;\"><strong>Con Ebrard<\/strong><\/p>\n<p>Inform\u00f3 adem\u00e1s de un encuentro informativo y de actualizaci\u00f3n con el Canciller <strong>Marcelo Ebrard<\/strong> (especialmente sobre la posible aprobaci\u00f3n en el Congreso de EU del T-MEC), y para sugerirle crear un grupo plural y multi institucional o institucional entre el Ejecutivo y el Legislativo que implemente el T-MEC en especial que precise lo relativo a los paneles. A esto en Estados Unidos le llaman <em>agencia de seguimiento<\/em>.<\/p>\n<p>Se revis\u00f3 el tema de Bolivia y el conflicto Ir\u00e1n-Estados Unidos y el acuerdo comercial con la Uni\u00f3n Europea, pr\u00f3ximo a salir.<\/p>\n<p><strong>Ebrard<\/strong> invit\u00f3 a la Jucopo del Senado (a los coordinadores parlamentarios) a la reuni\u00f3n de la CELAC del mi\u00e9rcoles, que re\u00fane a los m\u00e1s de 20 pa\u00edses de Am\u00e9rica Latina. E igual a la reuni\u00f3n anual de embajadores y a c\u00f3nsules de M\u00e9xico en el mundo.<\/p>\n<p>Frente al reclamo de algunos gobiernos de la regi\u00f3n por la evasiva actuaci\u00f3n de M\u00e9xico (por ejemplo, en el caso del reconocimiento de <strong>Juan Guaid\u00f3<\/strong>, como presidente de Venezuela), dijo que para \u00e9l, \u201cen los hechos, M\u00e9xico est\u00e1 recobrando su papel y su interlocuci\u00f3n en este hemisferio del mundo, en este Continente\u201d.<\/p>\n<p>Y consider\u00f3 normal que se presenten ausencias en el encuentro de la CELAC como \u00f3rgano revisor de la pol\u00edtica internacional.<\/p>\n<p style=\"text-align: center;\"><strong>Con la oposici\u00f3n: \u201cBien\u201d<\/strong><\/p>\n<p>Interrogado sobre las relaciones de las fuerzas parlamentarias, que salieron muy da\u00f1adas luego del encontronazo del nombramiento de la presidenta de la Comisi\u00f3n Nacional de Derechos Humanos, <strong>Monreal<\/strong> dijo:<\/p>\n<p>\u201cEsta pregunta es muy puntual. La relaci\u00f3n con los coordinadores de grupos parlamentarios miembros de la Junta es muy buena. Hoy he conversado con ellos, nos vamos a reunir en los pr\u00f3ximos d\u00edas para precisar la agenda.<\/p>\n<p>\u201cEsta (la que hab\u00eda apenas dado a conocer) es la agenda que est\u00e1 pendiente, pero ellos tienen otras propuestas de agenda, entonces vamos a conjuntarlas, pero hay una buena relaci\u00f3n de respeto y que podemos sacar adelante la mayor parte de los puntos\u201d.<\/p>\n<p>Por lo dem\u00e1s consider\u00f3 que el llamado \u201cbloque opositor\u201d (integrado por las bancadas del PAN, PRI, MC y PRD) representa una fuerza en la correlaci\u00f3n legislativa que act\u00faa dentro de lo normal.<\/p>\n<p>\u201c\u2026 y voy a intentar convencerlos para que en algunas materias caminemos juntos en consenso; en todas voy a buscar que sea por consenso.<\/p>\n<p>\u201cPorque hay, por ejemplo, nombramientos que nos falta ratificar del Ejecutivo Federal, que no hemos logrado sacarlos adelante por la mayor\u00eda calificada.<\/p>\n<p>\u201cHay un comisionado de la Comisi\u00f3n Reguladora de Energ\u00eda, hay un comisionado de la Comisi\u00f3n Nacional de Hidrocarburos que nombra el Ejecutivo y ratifica el Senado; hay un consejero independiente de la Comisi\u00f3n Federal de Electricidad.<\/p>\n<p>\u201cTodos estos son por mayor\u00eda calificada, tengo que hablar con ellos, la Comisi\u00f3n Reguladora de Energ\u00eda, para ponernos de acuerdo y tratar de que est\u00e9 completo ese tipo de \u00f3rganos aut\u00f3nomos.<\/p>\n<p>\u201cIncluso hay un vocal del IPAB y de la Protecci\u00f3n del Ahorro Bancario, que no se ha nombrado o que no se ha ratificado por el Senado.<\/p>\n<p>\u201cLa relaci\u00f3n es buena, no hay sino una actitud de respeto con todos y con la colegisladora tambi\u00e9n\u201d, indic\u00f3.<\/p>\n<p style=\"text-align: center;\"><strong>La inevitable comparaci\u00f3n<\/strong><\/p>\n<p>Fuera de las ma\u00f1aneras de <strong>L\u00f3pez Obrador<\/strong>, no existe otro personaje en el poder actual m\u00e1s que <strong>Ricardo Monreal<\/strong> que participe constantemente en conferencias de prensa.<\/p>\n<p>Si me equivoco u olvido a alguno, por favor d\u00edganlo.<\/p>\n<p>Y como son dos casos muy marcados por su importancia en el Poder, pues es inevitable compararlos.<\/p>\n<p>Mientras en las ma\u00f1aneras, a quienes algunos ya llaman \u201clas <em>laga\u00f1eras<\/em>\u201d por aquello de que pr\u00e1cticamente todos llegan semidormidos, no pocos salen siempre inconformes porque <strong>AMLO<\/strong> simplemente no responde lo que se le pregunta, o porque se echa largos y mareadores \u201cchoros\u201d pseudo-hist\u00f3ricos, o afirmaciones plagadas de mentiras, en las conferencias de <strong>Monreal<\/strong> existe la oportunidad de la r\u00e9plica hasta que el reportero queda satisfecho.<\/p>\n<p>No se trata de amarrar navajas, sino de confrontar dos estilos entre pol\u00edticos que, sin duda, definir\u00e1n el futuro del pa\u00eds. Cada uno en un poder distinto al del otro.<\/p>\n<p>Uno ya es presidente y el otro, puede llegar a serlo. As\u00ed de simple.<\/p>\n<p><em><a href=\"mailto:rvizcainoa@gmail.com\" target=\"_blank\" rel=\"noopener noreferrer\">rvizcainoa@gmail.com<\/a><br \/>\n<u><a href=\"http:\/\/endirecto.mx\" target=\"_blank\" rel=\"noopener noreferrer\">www.endirecto.mx<\/a><br \/>\n<a href=\"https:\/\/twitter.com\/_rvizcaino\" target=\"_blank\" rel=\"noopener noreferrer\">@_RVizcaino<\/a><br \/>\n<a href=\"https:\/\/www.facebook.com\/rvizcainoa\" target=\"_blank\" rel=\"noopener noreferrer\">facebook.com\/rvizcainoa<\/a><\/u><\/em><\/p>\n","protected":false},"excerpt":{"rendered":"<p><span style=\"color: #005497;\"><strong>Roberto Vizca\u00edno<\/strong><\/span><br \/>\n<br \/>\nAl compartir la rosca de Reyes como agradable pretexto, <strong>Ricardo Monreal<\/strong> dio a conocer ayer a los reporteros los 18 temas prioritarios de la agenda legislativa de febrero a abril en el Senado. Un nuevo avance en el redise\u00f1o del Estado.<\/p>\n","protected":false},"author":3,"featured_media":455029,"comment_status":"open","ping_status":"open","sticky":false,"template":"","format":"standard","meta":{"_monsterinsights_skip_tracking":false,"_monsterinsights_sitenote_active":false,"_monsterinsights_sitenote_note":"","_monsterinsights_sitenote_category":0,"footnotes":""},"categories":[136],"tags":[43674,93,94],"class_list":["post-454938","post","type-post","status-publish","format-standard","has-post-thumbnail","hentry","category-roberto-vizcaino-opinion","tag-opinion","tag-roberto-vizcaino","tag-tras-la-puerta-del-poder"],"_links":{"self":[{"href":"https:\/\/www.diarioimagen.net\/index.php?rest_route=\/wp\/v2\/posts\/454938","targetHints":{"allow":["GET"]}}],"collection":[{"href":"https:\/\/www.diarioimagen.net\/index.php?rest_route=\/wp\/v2\/posts"}],"about":[{"href":"https:\/\/www.diarioimagen.net\/index.php?rest_route=\/wp\/v2\/types\/post"}],"author":[{"embeddable":true,"href":"https:\/\/www.diarioimagen.net\/index.php?rest_route=\/wp\/v2\/users\/3"}],"replies":[{"embeddable":true,"href":"https:\/\/www.diarioimagen.net\/index.php?rest_route=%2Fwp%2Fv2%2Fcomments&post=454938"}],"version-history":[{"count":0,"href":"https:\/\/www.diarioimagen.net\/index.php?rest_route=\/wp\/v2\/posts\/454938\/revisions"}],"wp:featuredmedia":[{"embeddable":true,"href":"https:\/\/www.diarioimagen.net\/index.php?rest_route=\/wp\/v2\/media\/455029"}],"wp:attachment":[{"href":"https:\/\/www.diarioimagen.net\/index.php?rest_route=%2Fwp%2Fv2%2Fmedia&parent=454938"}],"wp:term":[{"taxonomy":"category","embeddable":true,"href":"https:\/\/www.diarioimagen.net\/index.php?rest_route=%2Fwp%2Fv2%2Fcategories&post=454938"},{"taxonomy":"post_tag","embeddable":true,"href":"https:\/\/www.diarioimagen.net\/index.php?rest_route=%2Fwp%2Fv2%2Ftags&post=454938"}],"curies":[{"name":"wp","href":"https:\/\/api.w.org\/{rel}","templated":true}]}}