{"id":454944,"date":"2020-01-07T00:04:02","date_gmt":"2020-01-07T06:04:02","guid":{"rendered":"https:\/\/www.diarioimagen.net\/?p=454944"},"modified":"2020-01-07T05:37:20","modified_gmt":"2020-01-07T11:37:20","slug":"seguridad-publica-de-cuautitlan-puso-en-marcha-el-operativo-reyes-magos","status":"publish","type":"post","link":"https:\/\/www.diarioimagen.net\/?p=454944","title":{"rendered":"Seguridad P\u00fablica de Cuautitl\u00e1n puso en marcha el Operativo Reyes Magos"},"content":{"rendered":"<ul>\n<li><strong><em>Domingo 5 y lunes 6 de enero<\/em><\/strong><\/li>\n<\/ul>\n<p>&nbsp;<\/p>\n<div id=\"attachment_455013\" style=\"width: 470px\" class=\"wp-caption aligncenter\"><a href=\"https:\/\/www.diarioimagen.net\/?attachment_id=455013\" rel=\"attachment wp-att-455013\"><img loading=\"lazy\" decoding=\"async\" aria-describedby=\"caption-attachment-455013\" class=\"size-large wp-image-455013\" src=\"https:\/\/www.diarioimagen.net\/wp-content\/uploads\/2020\/01\/CUAU-460x259.jpg\" alt=\"\" width=\"460\" height=\"259\" srcset=\"https:\/\/www.diarioimagen.net\/wp-content\/uploads\/2020\/01\/CUAU-460x259.jpg 460w, https:\/\/www.diarioimagen.net\/wp-content\/uploads\/2020\/01\/CUAU-240x135.jpg 240w, https:\/\/www.diarioimagen.net\/wp-content\/uploads\/2020\/01\/CUAU-235x132.jpg 235w, https:\/\/www.diarioimagen.net\/wp-content\/uploads\/2020\/01\/CUAU-202x114.jpg 202w, https:\/\/www.diarioimagen.net\/wp-content\/uploads\/2020\/01\/CUAU-350x196.jpg 350w, https:\/\/www.diarioimagen.net\/wp-content\/uploads\/2020\/01\/CUAU-220x123.jpg 220w, https:\/\/www.diarioimagen.net\/wp-content\/uploads\/2020\/01\/CUAU-237x132.jpg 237w, https:\/\/www.diarioimagen.net\/wp-content\/uploads\/2020\/01\/CUAU.jpg 480w\" sizes=\"auto, (max-width: 460px) 100vw, 460px\" \/><\/a><p id=\"caption-attachment-455013\" class=\"wp-caption-text\">El operativo Reyes Magos comenz\u00f3 desde las primeras horas del domingo 5 de enero y concluiy\u00f3 a las 9 de la ma\u00f1ana del lunes 6 de enero.<\/p><\/div>\n<p>&nbsp;<\/p>\n<p><strong>Cuautitl\u00e1n, Estado de M\u00e9xico<\/strong>.- Salvaguardar la seguridad f\u00edsica y patrimonial\u00a0 de los ciudadanos que\u00a0 acuden a la zona centro y centros comerciales del municipio a realizar sus compras del 6 de enero, es el objetivo del operativo de seguridad implementado por el gobierno municipal a trav\u00e9s de la Direcci\u00f3n de Seguridad P\u00fablica, Tr\u00e1nsito y Vialidad.<\/p>\n<p>El operativo Reyes Magos estuvo en marcha desde las primeras horas de este domingo 5 de enero y concluy\u00f3 a las 9 de la ma\u00f1ana del lunes 6 de enero, el cual como parte de las acciones a emprender se design\u00f3 una c\u00e9lula de\u00a0 11 patrullas, 3 motocicletas y\u00a0 25 elementos pie tierra para brindar seguridad a los cientos de ciudadanos que confluyen en calles y avenidas del primer cuadro del municipio.<\/p>\n<p>Este operativo tambi\u00e9n coloc\u00f3 un puesto de auxilio operado por la coordinaci\u00f3n de Protecci\u00f3n Civil, a un costado de la catedral sobre la calle Carrillo Puerto.<\/p>\n<p>En tanto la vigilancia de los centros comerciales, tiendas departamentales, bazares y zonas con alguna actividad comercial, es reforzada con elementos pie tierra y unidades asignas a cada sector del municipio.<\/p>\n<p>Con el denominado \u201cCord\u00f3n de seguridad\u201d se recorren calles aleda\u00f1as a la zona centro,\u00a0 poniendo especial atenci\u00f3n en las entradas y salidas del Tren suburbano as\u00ed como en paraderos del transporte p\u00fablico.<\/p>\n<p>El grupo \u201cAstros\u201d es el encargado de la vigilancia en zonas bancarias y de cajeros autom\u00e1ticos que se ubican en los diferentes sectores de la demarcaci\u00f3n.<\/p>\n","protected":false},"excerpt":{"rendered":"<p>Salvaguardar la seguridad f\u00edsica y patrimonial\u00a0 de los ciudadanos que\u00a0 acuden a la zona centro y centros comerciales del municipio a realizar sus compras del 6 de enero, es el objetivo del operativo de seguridad implementado por el gobierno municipal a trav\u00e9s de la Direcci\u00f3n de Seguridad P\u00fablica, Tr\u00e1nsito y Vialidad.<\/p>\n","protected":false},"author":3,"featured_media":455013,"comment_status":"open","ping_status":"open","sticky":false,"template":"","format":"standard","meta":{"_monsterinsights_skip_tracking":false,"_monsterinsights_sitenote_active":false,"_monsterinsights_sitenote_note":"","_monsterinsights_sitenote_category":0,"footnotes":""},"categories":[5],"tags":[681,43675,89358],"class_list":["post-454944","post","type-post","status-publish","format-standard","has-post-thumbnail","hentry","category-estado-de-mexico","tag-cuautitlan","tag-estado-de-mexico","tag-operativo-reyes-magos"],"_links":{"self":[{"href":"https:\/\/www.diarioimagen.net\/index.php?rest_route=\/wp\/v2\/posts\/454944","targetHints":{"allow":["GET"]}}],"collection":[{"href":"https:\/\/www.diarioimagen.net\/index.php?rest_route=\/wp\/v2\/posts"}],"about":[{"href":"https:\/\/www.diarioimagen.net\/index.php?rest_route=\/wp\/v2\/types\/post"}],"author":[{"embeddable":true,"href":"https:\/\/www.diarioimagen.net\/index.php?rest_route=\/wp\/v2\/users\/3"}],"replies":[{"embeddable":true,"href":"https:\/\/www.diarioimagen.net\/index.php?rest_route=%2Fwp%2Fv2%2Fcomments&post=454944"}],"version-history":[{"count":0,"href":"https:\/\/www.diarioimagen.net\/index.php?rest_route=\/wp\/v2\/posts\/454944\/revisions"}],"wp:featuredmedia":[{"embeddable":true,"href":"https:\/\/www.diarioimagen.net\/index.php?rest_route=\/wp\/v2\/media\/455013"}],"wp:attachment":[{"href":"https:\/\/www.diarioimagen.net\/index.php?rest_route=%2Fwp%2Fv2%2Fmedia&parent=454944"}],"wp:term":[{"taxonomy":"category","embeddable":true,"href":"https:\/\/www.diarioimagen.net\/index.php?rest_route=%2Fwp%2Fv2%2Fcategories&post=454944"},{"taxonomy":"post_tag","embeddable":true,"href":"https:\/\/www.diarioimagen.net\/index.php?rest_route=%2Fwp%2Fv2%2Ftags&post=454944"}],"curies":[{"name":"wp","href":"https:\/\/api.w.org\/{rel}","templated":true}]}}