{"id":454951,"date":"2020-01-07T00:02:06","date_gmt":"2020-01-07T06:02:06","guid":{"rendered":"https:\/\/www.diarioimagen.net\/?p=454951"},"modified":"2020-01-07T05:49:58","modified_gmt":"2020-01-07T11:49:58","slug":"continua-la-pista-de-hielo-en-huixquilucan","status":"publish","type":"post","link":"https:\/\/www.diarioimagen.net\/?p=454951","title":{"rendered":"Contin\u00faa la pista de hielo en Huixquilucan"},"content":{"rendered":"<p><a href=\"https:\/\/www.diarioimagen.net\/?attachment_id=455022\" rel=\"attachment wp-att-455022\"><img loading=\"lazy\" decoding=\"async\" class=\"aligncenter size-large wp-image-455022\" src=\"https:\/\/www.diarioimagen.net\/wp-content\/uploads\/2020\/01\/HUIXQUILUCAN-460x259.jpg\" alt=\"\" width=\"460\" height=\"259\" srcset=\"https:\/\/www.diarioimagen.net\/wp-content\/uploads\/2020\/01\/HUIXQUILUCAN-460x259.jpg 460w, https:\/\/www.diarioimagen.net\/wp-content\/uploads\/2020\/01\/HUIXQUILUCAN-240x135.jpg 240w, https:\/\/www.diarioimagen.net\/wp-content\/uploads\/2020\/01\/HUIXQUILUCAN-235x132.jpg 235w, https:\/\/www.diarioimagen.net\/wp-content\/uploads\/2020\/01\/HUIXQUILUCAN-202x114.jpg 202w, https:\/\/www.diarioimagen.net\/wp-content\/uploads\/2020\/01\/HUIXQUILUCAN-350x196.jpg 350w, https:\/\/www.diarioimagen.net\/wp-content\/uploads\/2020\/01\/HUIXQUILUCAN-220x123.jpg 220w, https:\/\/www.diarioimagen.net\/wp-content\/uploads\/2020\/01\/HUIXQUILUCAN-237x132.jpg 237w, https:\/\/www.diarioimagen.net\/wp-content\/uploads\/2020\/01\/HUIXQUILUCAN.jpg 480w\" sizes=\"auto, (max-width: 460px) 100vw, 460px\" \/><\/a><\/p>\n<p>&nbsp;<\/p>\n<p><strong>Huixquilucan, Estado de M\u00e9xico<\/strong><strong>.-<\/strong> El gobierno local, encabezado por Enrique Vargas del Villar, reitera la invitaci\u00f3n a las familias para que asistan a la pista de hielo, que por cuarto a\u00f1o consecutivo se instala en la Explanada Municipal. Para que los asistentes disfruten de ratos de esparcimiento en este espacio, los huixquiluquenses podr\u00e1n aprender a patinar o practicar este deporte.<\/p>\n<p>Cabe recordar que el acceso y pr\u00e9stamo de patines es gratuito, en caso de que sean menores de edad, deber\u00e1n acudir con un adulto y hacer el registro correspondiente. La pista de hielo estar\u00e1 abierta hasta el\u00a0 8 de enero.<\/p>\n","protected":false},"excerpt":{"rendered":"<p>El gobierno local, encabezado por Enrique Vargas del Villar, reitera la invitaci\u00f3n a las familias para que asistan a la pista de hielo, que por cuarto a\u00f1o consecutivo se instala en la Explanada Municipal. Para que los asistentes disfruten de ratos de esparcimiento en este espacio, los huixquiluquenses podr\u00e1n aprender a patinar o practicar este deporte.<\/p>\n","protected":false},"author":3,"featured_media":455022,"comment_status":"open","ping_status":"open","sticky":false,"template":"","format":"standard","meta":{"_monsterinsights_skip_tracking":false,"_monsterinsights_sitenote_active":false,"_monsterinsights_sitenote_note":"","_monsterinsights_sitenote_category":0,"footnotes":""},"categories":[5],"tags":[43675,1097,46601],"class_list":["post-454951","post","type-post","status-publish","format-standard","has-post-thumbnail","hentry","category-estado-de-mexico","tag-estado-de-mexico","tag-huixquilucan","tag-pista-de-hielo"],"_links":{"self":[{"href":"https:\/\/www.diarioimagen.net\/index.php?rest_route=\/wp\/v2\/posts\/454951","targetHints":{"allow":["GET"]}}],"collection":[{"href":"https:\/\/www.diarioimagen.net\/index.php?rest_route=\/wp\/v2\/posts"}],"about":[{"href":"https:\/\/www.diarioimagen.net\/index.php?rest_route=\/wp\/v2\/types\/post"}],"author":[{"embeddable":true,"href":"https:\/\/www.diarioimagen.net\/index.php?rest_route=\/wp\/v2\/users\/3"}],"replies":[{"embeddable":true,"href":"https:\/\/www.diarioimagen.net\/index.php?rest_route=%2Fwp%2Fv2%2Fcomments&post=454951"}],"version-history":[{"count":0,"href":"https:\/\/www.diarioimagen.net\/index.php?rest_route=\/wp\/v2\/posts\/454951\/revisions"}],"wp:featuredmedia":[{"embeddable":true,"href":"https:\/\/www.diarioimagen.net\/index.php?rest_route=\/wp\/v2\/media\/455022"}],"wp:attachment":[{"href":"https:\/\/www.diarioimagen.net\/index.php?rest_route=%2Fwp%2Fv2%2Fmedia&parent=454951"}],"wp:term":[{"taxonomy":"category","embeddable":true,"href":"https:\/\/www.diarioimagen.net\/index.php?rest_route=%2Fwp%2Fv2%2Fcategories&post=454951"},{"taxonomy":"post_tag","embeddable":true,"href":"https:\/\/www.diarioimagen.net\/index.php?rest_route=%2Fwp%2Fv2%2Ftags&post=454951"}],"curies":[{"name":"wp","href":"https:\/\/api.w.org\/{rel}","templated":true}]}}