{"id":454962,"date":"2020-01-07T00:02:21","date_gmt":"2020-01-07T06:02:21","guid":{"rendered":"https:\/\/www.diarioimagen.net\/?p=454962"},"modified":"2020-01-07T01:23:00","modified_gmt":"2020-01-07T07:23:00","slug":"pendientes-de-2019","status":"publish","type":"post","link":"https:\/\/www.diarioimagen.net\/?p=454962","title":{"rendered":"Pendientes de 2019"},"content":{"rendered":"<h2>La Retaguardia<\/h2>\n<h5>Adriana Moreno Cordero<\/h5>\n<p>&nbsp;<\/p>\n<ul>\n<li><strong><em>Beltrones investigado por FGR; se suma a larga lista<\/em><\/strong><\/li>\n<li><strong><em>Que el Presidente se vaya buscando otro nombre<\/em><\/strong><\/li>\n<\/ul>\n<p>&nbsp;<\/p>\n<p>Reci\u00e9n empieza este 2020, que de acuerdo a diversos especialistas, ser\u00e1 un a\u00f1o muy dif\u00edcil, especialmente para M\u00e9xico, cuando es inevitable recordar que muchos fueron los temas que se quedaron en el tintero en el ya pasado 2019 y uno de ellos es si el exsenador y exdirigente del PRI, <strong>Manlio Fabio Beltrones<\/strong>, es investigado por la Fiscal\u00eda General de la Rep\u00fablica, cuyo titular es <strong>Alejandro Gertz Manero<\/strong>.<\/p>\n<p>Haciendo de manera obligada, un poco de historia, el pasado 12 de diciembre, el peri\u00f3dico\u00a0<strong>Reforma,<\/strong>\u00a0public\u00f3 como nota principal en su primera plana, que la\u00a0FGR, estar\u00eda investigando al tambi\u00e9n exdiputado y exgoberandor de Sonora,<strong> Beltrones<\/strong>\u00a0<strong>Rivera<\/strong>, quien, -seg\u00fan se supo-, ya tramit\u00f3 un amparo en contra de cualquier orden de aprehensi\u00f3n que haya sido liberada en su contra, en este caso, a solicitud de la\u00a0<strong>FGR<\/strong>\u00a0y la\u00a0propia Fiscal\u00eda estatal de Chihuahua.<\/p>\n<p>Sin embargo, lo que le falt\u00f3 publicar al peri\u00f3dico\u00a0<strong>Reforma<\/strong>, es que cuando <strong>Manlio Fabio\u00a0Beltrones<\/strong>, siendo gobernador de Sonora durante el per\u00edodo 1991-1997, nombr\u00f3 Director de la Aduana de\u00a0<strong>Sonoyta<\/strong>, -poblaci\u00f3n que hace frontera con\u00a0Luckeville, condado perteneciente al estado de Arizona<strong>\u00a0<\/strong>en Estados Unidos-, a\u00a0<strong>Lucio Cano,<\/strong>\u00a0por cierto quien tiene en sus antecedentes familiares ser primo de <strong>Rafael\u00a0Aguilar Guajardo<\/strong>, creador del C\u00e1rtel de Ju\u00e1rez, cuando fue delegado en todo el norte del pa\u00eds de la extinta\u00a0Polic\u00eda Federal de Seguridad, desaparecida en 1985.<\/p>\n<p>Empieza este a\u00f1o y se sigue especulando\u00a0que<strong> Manlio Fabio Beltrones<\/strong>\u00a0ya pas\u00f3 a la lista de pr\u00f3fugos de la justicia que se encuentran fuera del pa\u00eds, y ejemplos hay muchos, siendo uno de los m\u00e1s significativos el de\u00a0<strong>Romero Deschamps,<\/strong>\u00a0el otrora poderoso dirigente del sindicato de Pemex<strong>; <\/strong>ah\u00ed est\u00e1 tambi\u00e9n,<strong> Alberto El\u00edas Beltr\u00e1n<\/strong>, ex-titular de la entonces\u00a0Procuradur\u00eda General de la Rep\u00fablica, quien estar\u00eda siendo investigado por presunto lavado de dinero.<\/p>\n<p>En este orden de ideas, solo la extitular de la Sedatu y de Sedesol, <strong>Rosario Robles Berlanga<\/strong>, se encuentra en la c\u00e1rcel<\/p>\n<p>Esto, sin olvidar al exministro de la Suprema Corte de Justicia de la Naci\u00f3n,\u00a0<strong>Eduardo Medina Mora<\/strong>, quien renunci\u00f3 al m\u00e1ximo tribunal de la Naci\u00f3n en medio de un serie de duros se\u00f1alamientos y en el m\u00e1s absoluto silencio de su parte, sin revelar nunca cu\u00e1les fueron los motivos que lo obligaron a renunciar.<\/p>\n<p>Por cierto, por aquellas casualidades de la vida, ayer mismo, la nueva ministra de la SCJN, <strong>Margarita R\u00edos Farjat<\/strong>, lleg\u00f3 al m\u00e1ximo Tribunal del pa\u00eds para sustituir precisamente a Medina Mora. La encargada de recibirla fue la ministra <strong>Yasm\u00edn Esquivel Mossa<\/strong>, quien en la ceremonia, record\u00f3 que por primera vez en la historia de la SCJN, \u201cconcurrimos a este pleno tres mujeres ministras\u201d, por lo cual, es muy importante reconocer la labor de las mujeres pioneras, \u201cque nos han precedido en esta alta responsabilidad en este Tribunal Pleno, y tuvieron que pasar m\u00e1s de 140 a\u00f1os para que se nombrara a la primer mujer ministra en 1961, <strong>Mar\u00eda Cristina Salmor\u00e1n de Tamayo<\/strong>\u201d.<\/p>\n<p style=\"text-align: center;\"><strong>MUNICIONES<\/strong><\/p>\n<p>*** Ayer, el presidente de la Junta de Coordinaci\u00f3n Pol\u00edtica del Senado de la Rep\u00fablica, <strong>Ricardo Monreal<\/strong>, volvi\u00f3 a la actividad; parti\u00f3 la tradicional Rosca de Reyes, se sac\u00f3 el ni\u00f1o y anunci\u00f3 que en los pr\u00f3ximos d\u00edas se reunir\u00e1 con los coordinadores del resto de las fracciones parlamentarias representadas en la C\u00e1mara alta, con el objetivo de generar consensos muy necesarios, para sacar adelante, los 17 temas que comprenden el segundo periodo ordinario de sesiones, entre los que destacan la aprobaci\u00f3n la ley de amnist\u00eda, -que por cierto ha generado much\u00edsimo ruido en la sociedad-, y la reforma judicial \u201cson prioritarias, Triple A\u201d. Asimismo, est\u00e1 el tema del cannabis, que para el tambi\u00e9n coordinador de la bancada de Morena en el Senado, es una obligaci\u00f3n constitucional y un mandato de la Suprema Corte. \u201cTodas son prioridades para nosotros\u201d.<\/p>\n<p>*** Quien lo dir\u00eda, hace un a\u00f1o, el presidente <strong>Andr\u00e9s Manuel L\u00f3pez Obrador<\/strong> estaba en \u201clos cuernos de la luna\u201d, acababa de asumir los destinos de la Naci\u00f3n y eso le permit\u00eda prometer cualquier cantidad de cosas. Sus tan gustadas conferencias de prensa ma\u00f1aneras despertaban gran expectaci\u00f3n, sin embargo, apenas a un a\u00f1o de distancia, casi todo ha perdido su encanto en Palacio Nacional. Ayer, con tal de atraer la atenci\u00f3n de los reporteros de la fuente, el Presidente tuvo que prometer que el tan tra\u00eddo y llevado Aeropuerto de Santa Luc\u00eda, ser\u00e1 inaugurado el 21 de marzo de 2022. Pues no son pocos los que coinciden que el tabasque\u00f1o ya deber\u00eda de irse buscando otro nombre, pero lo cierto es que muchas cosas pueden ocurrir en poco m\u00e1s de dos a\u00f1os. Tambi\u00e9n es probable que lo inaugure pero con la obra inconclusa, \u00e9l que gusta tanto de dar \u201catole con el dedo\u201d a quien se deje. Quiz\u00e1s por eso, tiene alg\u00fan tiempecillo que corre la versi\u00f3n por los corrillos pol\u00edticos que una vez que supuestamente termine con la obra de Santa Luc\u00eda, con todo y su bell\u00edsimo cerro, el presidente podr\u00eda reactivar ni m\u00e1s ni menos, que el Aeropuerto de Texcoco y que eso correr\u00eda a cargo de los empresarios. \u00bfSer\u00e1?<\/p>\n<p>*** De gira por Morelos y muy a su pesar, el tabasque\u00f1o fue recibido con abucheos y francas muestras de rechazo, encabezadas por el nieto del general Emiliano Zapata, <strong>Jorge Zapata<\/strong>, quien volvi\u00f3 a poner el dedo en el rengl\u00f3n de la controvertida pintura que se exhibi\u00f3 en Bellas Artes, pero eso fue lo de menos. Acompa\u00f1ado por el gobernador del estado,\u00a0 <strong>Cuauht\u00e9moc Blanco<\/strong>, ni \u00e9ste ni el Ejecutivo pudieron acallar las muestras de rechazo, es m\u00e1s, faltando a la verdad, el presidente dijo que en Anenecuilco lo hab\u00edan recibido con mucho cari\u00f1o. Entonces, para acallar las protestas, L\u00f3pez Obrador llam\u00f3 a la tolerancia porque, dijo, hasta en las familias hay diferencias. A prop\u00f3sito, su \u00edndice de popularidad baj\u00f3 de manera importante, a contrapelo de los que aseguran que se increment\u00f3. El presidente anda por ah\u00ed del 53 por ciento.<\/p>\n<p>*** Reanudamos este espacio, deseando a los lectores todo tipo de parabienes en este naciente 2020 y esperando seguir contando con su preferencia. \u00a1Felicidades!<\/p>\n<p><a href=\"mailto:morcora@gmail.com\" target=\"_blank\" rel=\"noopener noreferrer\"><em>morcora@gmail.com<\/em><\/a><\/p>\n","protected":false},"excerpt":{"rendered":"<p><span style=\"color: #005497;\"><strong>Adriana Moreno Cordero<\/strong><\/span><\/p>\n","protected":false},"author":3,"featured_media":0,"comment_status":"open","ping_status":"open","sticky":false,"template":"","format":"standard","meta":{"_monsterinsights_skip_tracking":false,"_monsterinsights_sitenote_active":false,"_monsterinsights_sitenote_note":"","_monsterinsights_sitenote_category":0,"footnotes":""},"categories":[69370],"tags":[69369,69368,43674],"class_list":["post-454962","post","type-post","status-publish","format-standard","hentry","category-adriana-moreno-cordero","tag-adriana-moreno-cordero","tag-la-retaguardia","tag-opinion"],"_links":{"self":[{"href":"https:\/\/www.diarioimagen.net\/index.php?rest_route=\/wp\/v2\/posts\/454962","targetHints":{"allow":["GET"]}}],"collection":[{"href":"https:\/\/www.diarioimagen.net\/index.php?rest_route=\/wp\/v2\/posts"}],"about":[{"href":"https:\/\/www.diarioimagen.net\/index.php?rest_route=\/wp\/v2\/types\/post"}],"author":[{"embeddable":true,"href":"https:\/\/www.diarioimagen.net\/index.php?rest_route=\/wp\/v2\/users\/3"}],"replies":[{"embeddable":true,"href":"https:\/\/www.diarioimagen.net\/index.php?rest_route=%2Fwp%2Fv2%2Fcomments&post=454962"}],"version-history":[{"count":0,"href":"https:\/\/www.diarioimagen.net\/index.php?rest_route=\/wp\/v2\/posts\/454962\/revisions"}],"wp:attachment":[{"href":"https:\/\/www.diarioimagen.net\/index.php?rest_route=%2Fwp%2Fv2%2Fmedia&parent=454962"}],"wp:term":[{"taxonomy":"category","embeddable":true,"href":"https:\/\/www.diarioimagen.net\/index.php?rest_route=%2Fwp%2Fv2%2Fcategories&post=454962"},{"taxonomy":"post_tag","embeddable":true,"href":"https:\/\/www.diarioimagen.net\/index.php?rest_route=%2Fwp%2Fv2%2Ftags&post=454962"}],"curies":[{"name":"wp","href":"https:\/\/api.w.org\/{rel}","templated":true}]}}