{"id":454969,"date":"2020-01-07T00:04:06","date_gmt":"2020-01-07T06:04:06","guid":{"rendered":"https:\/\/www.diarioimagen.net\/?p=454969"},"modified":"2020-01-07T01:27:19","modified_gmt":"2020-01-07T07:27:19","slug":"violencia-e-inseguridad-2","status":"publish","type":"post","link":"https:\/\/www.diarioimagen.net\/?p=454969","title":{"rendered":"\u00a0Violencia e inseguridad"},"content":{"rendered":"<h2>Punto por punto<\/h2>\n<h5>Augusto Corro<\/h5>\n<p>&nbsp;<\/p>\n<p>El gobierno del presidente Andr\u00e9s Manuel L\u00f3pez Obrador sigue sin resolver los problemas may\u00fasculos de inseguridad y violencia que azotan al pa\u00eds.<\/p>\n<p>Y para ser sinceros, esa problem\u00e1tica social continuar\u00e1, quiz\u00e1, por tiempo indefinido, a pesar del esfuerzo que se realice para erradicarla.<\/p>\n<p>Fueron muchos a\u00f1os en los que las autoridades no combatieron a la delincuencia, sino que con su protecci\u00f3n le permitieron multiplicarse y crecer.<\/p>\n<p>Por ejemplo, la guerra fallida contra los c\u00e1rteles de la droga provoc\u00f3 la muerte y desaparici\u00f3n de miles de personas.<\/p>\n<p>En diferentes partes de nuestro territorio, la delincuencia es la encargada de gobernar. Los municipios son parte del crimen organizado. Las polic\u00edas est\u00e1n a las \u00f3rdenes de los capos o de los caciques.<\/p>\n<p>Tras un a\u00f1o de gobierno de L\u00f3pez Obrador no se ven los resultados de la lucha contra violencia y la delincuencia. Los \u00edndices de criminalidad siguen inamovibles.<\/p>\n<p>Con la creaci\u00f3n de la Guardia Nacional (GN) se ofrecieron expectativas de efectividad en el combate a la delincuencia, pero a\u00fan no se ven resultados.<\/p>\n<p>Tampoco se nota la acci\u00f3n del secretario de Seguridad, Alfonso Durazo, para, por lo menos, detener la espiral de violencia.<\/p>\n<p>Sin duda, el tema de la inseguridad deber\u00e1 ser atendido como una de las principales prioridades del gobierno de L\u00f3pez Obrador, pues si hay violencia incontrolable, las inversiones se paralizan.<\/p>\n<p>A nadie le agrada invertir en donde los \u00edndices de criminalidad son elevados y la impunidad que gozan los delincuentes es casi total.<\/p>\n<p><strong>2020 muy movido <\/strong><\/p>\n<p>Como sabe, amable lector, en Estados Unidos se encuentra preso y en espera de un juicio el exsecretario de Seguridad, Genaro Garc\u00eda Luna.<\/p>\n<p>El exfuncionario es acusado de varios delitos relacionados con el narcotr\u00e1fico.<\/p>\n<p>Entre otras cosas, uno de los testigos, Jes\u00fas Zambada, dijo que el exfuncionario recibi\u00f3, al menos, dos entregas millonarias en d\u00f3lares, por la protecci\u00f3n al C\u00e1rtel de Sinaloa.<\/p>\n<p>En la primera audiencia ante el juez, Garc\u00eda Luna se declar\u00f3 inocente. Esto lo podr\u00eda conducir a un juicio donde, seguramente, aparecer\u00e1n nombres de pol\u00edticos, funcionarios y personas involucradas.<\/p>\n<p>Y el lodo que salpicar\u00e1 alcanzar\u00eda a los expresidentes Vicente Fox y Felipe Calder\u00f3n quienes mantuvieron una estrecha colaboraci\u00f3n del exfuncionario encargado de la Seguridad P\u00fablica.<\/p>\n<p>\u00bfQu\u00e9 tanto sab\u00edan los exmandatarios de los presuntos nexos de su colaborador con los c\u00e1rteles de la droga?<\/p>\n<p>La respuesta se conocer\u00e1 conforme avance el juicio. Los acusadores y los defensores tendr\u00e1n en la mira a los expresidentes, principalmente a Calder\u00f3n, quien declar\u00f3 la guerra a la delincuencia organizada.<\/p>\n<p>El combate fallido a la criminalidad durante el gobierno calderonista solo dej\u00f3 un escenario de muerte y desolaci\u00f3n.<\/p>\n<p>Uno de los principales organizadores de ese combate fue Garc\u00eda Luna, hombre de todas las confianzas de Calder\u00f3n.<\/p>\n<p>En el presente, adem\u00e1s de Garc\u00eda Luna se encuentran en apuros los funcionarios que colaboraban con \u00e9l. Algunos nombres de ellos ya se conocieron. Adem\u00e1s las autoridades ya los investigan en M\u00e9xico.<\/p>\n<p>No dude usted amable lector, que el 2020 ser\u00e1 un a\u00f1o de sorpresas.<\/p>\n<p style=\"text-align: center;\"><strong>\u00bfC\u00e1rceles o infiernos?<\/strong><\/p>\n<p>Parece que a nadie le interesa lo que ocurre en las c\u00e1rceles mexicanas.<\/p>\n<p>Las autoridades \u00fanicamente se encargan de investigar las masacres y se olvidan del infierno en que viven miles de reclusos.<\/p>\n<p>Si hay una matanza en tal o cual prisi\u00f3n, se repite la operaci\u00f3n de siempre: se llevan a los presos a otros centros penitenciarios.<\/p>\n<p>Pero el conflicto contin\u00faa.<\/p>\n<p>El martes 31 de diciembre de 2019, en el Centro Regional de Readaptaci\u00f3n Social de Cieneguillas, Zacatecas, se registr\u00f3 una ri\u00f1a que dej\u00f3 16 muertos.<\/p>\n<p>En el enfrentamiento participaron delincuentes del C\u00e1rtel de Sinaloa y del C\u00e1rtel del Golfo. Los primeros fueron se\u00f1alados como los agresores.<\/p>\n<p>Los presuntos implicados fueron llevados a otras c\u00e1rceles y es posible que ese episodio tr\u00e1gico pronto sea olvidado.<\/p>\n<p><span class=\"Apple-converted-space\"><em><u><a href=\"mailto:aco2742@hotmail.com\" target=\"_blank\" rel=\"noopener noreferrer\">aco2742@hotmail.com<\/a><\/u><\/em><\/span><\/p>\n","protected":false},"excerpt":{"rendered":"<p><span style=\"color: #005497;\"><strong>Augusto Corro<\/strong><\/span><\/p>\n","protected":false},"author":3,"featured_media":0,"comment_status":"open","ping_status":"open","sticky":false,"template":"","format":"standard","meta":{"_monsterinsights_skip_tracking":false,"_monsterinsights_sitenote_active":false,"_monsterinsights_sitenote_note":"","_monsterinsights_sitenote_category":0,"footnotes":""},"categories":[157],"tags":[43686,43674,11515],"class_list":["post-454969","post","type-post","status-publish","format-standard","hentry","category-augusto-corro","tag-augusto-corro","tag-opinion","tag-punto-por-punto"],"_links":{"self":[{"href":"https:\/\/www.diarioimagen.net\/index.php?rest_route=\/wp\/v2\/posts\/454969","targetHints":{"allow":["GET"]}}],"collection":[{"href":"https:\/\/www.diarioimagen.net\/index.php?rest_route=\/wp\/v2\/posts"}],"about":[{"href":"https:\/\/www.diarioimagen.net\/index.php?rest_route=\/wp\/v2\/types\/post"}],"author":[{"embeddable":true,"href":"https:\/\/www.diarioimagen.net\/index.php?rest_route=\/wp\/v2\/users\/3"}],"replies":[{"embeddable":true,"href":"https:\/\/www.diarioimagen.net\/index.php?rest_route=%2Fwp%2Fv2%2Fcomments&post=454969"}],"version-history":[{"count":0,"href":"https:\/\/www.diarioimagen.net\/index.php?rest_route=\/wp\/v2\/posts\/454969\/revisions"}],"wp:attachment":[{"href":"https:\/\/www.diarioimagen.net\/index.php?rest_route=%2Fwp%2Fv2%2Fmedia&parent=454969"}],"wp:term":[{"taxonomy":"category","embeddable":true,"href":"https:\/\/www.diarioimagen.net\/index.php?rest_route=%2Fwp%2Fv2%2Fcategories&post=454969"},{"taxonomy":"post_tag","embeddable":true,"href":"https:\/\/www.diarioimagen.net\/index.php?rest_route=%2Fwp%2Fv2%2Ftags&post=454969"}],"curies":[{"name":"wp","href":"https:\/\/api.w.org\/{rel}","templated":true}]}}