{"id":454971,"date":"2020-01-07T00:03:22","date_gmt":"2020-01-07T06:03:22","guid":{"rendered":"https:\/\/www.diarioimagen.net\/?p=454971"},"modified":"2020-01-07T01:29:32","modified_gmt":"2020-01-07T07:29:32","slug":"mexico-un-desastre-iglesia","status":"publish","type":"post","link":"https:\/\/www.diarioimagen.net\/?p=454971","title":{"rendered":"M\u00e9xico, un desastre: Iglesia"},"content":{"rendered":"<h2>Espacio Electoral<\/h2>\n<h5>Eleazar Flores<\/h5>\n<p>&nbsp;<\/p>\n<p><strong>\u00bfQU\u00c9 RESPONDER\u00c1 AMLO?<\/strong>-. En su homil\u00eda dominical, el obispo auxiliar de la arquidi\u00f3cesis de M\u00e9xico Carlos Samaniego L\u00f3pez, dijo el domingo entre otras cosas que \u201cM\u00e9xico es un desastre y con un\u00a0 gobierno fundamentalista, so pretexto de democracia\u201d, ni m\u00e1s ni menos.<\/p>\n<p>Carlos Samaniego, hombre de todas las confianzas del cardenal primado de M\u00e9xico Carlos Aguiar Retes , fue respaldado desde las p\u00e1ginas del semanario \u201cDesde la fe\u201d, de la propia Arquidi\u00f3cesis.<\/p>\n<p>Ser\u00e1 interesante conocer la opini\u00f3n sobre el particular del padre de la Cuarta Transformaci\u00f3n en su ma\u00f1anera de este martes, no vaya a salir que la jerarqu\u00eda cat\u00f3lica mexicana forme parte de los conservadores o \u201cfif\u00eds\u201d que atacan al r\u00e9gimen por sus medidas populistas, apoyadas en el rudimentario procedimiento de levantar la mano para conseguir aprobaci\u00f3n importante alguna.<\/p>\n<p>\u201cM\u00e9xico es un desastre, es no tener un gu\u00eda, una ilusi\u00f3n, un sue\u00f1o, sin estrella\u00a0 que gu\u00ede nuestros pasos\u201d, dijo en su serm\u00f3n el obispo auxiliar de la Arquidi\u00f3cesis de M\u00e9xico Carlos Samaniego L\u00f3pez, quien desde siempre ha estado cerca del cardenal primado de M\u00e9xico, Carlos Aguiar Retes, cuando, \u00e9ste era arzobispo de Tlalnepantla.<\/p>\n<p>\u201cNo podemos resignarnos como ciudadanos individuales ni como sociedad organizada a tener un gobierno que maneja de manera unilateral y unipersonal los grandes problemas de este pa\u00eds o recurrir a la mano alzada, donde hay m\u00edtines a modo\u201d, sigui\u00f3 diciendo en su homil\u00eda el destacado miembro del Episcopado mexicano formado sacerdote en Cuautitl\u00e1n Izcalli y Naucalpan.<\/p>\n<p>El obispo auxiliar de la Arquidi\u00f3cesis de M\u00e9xico, seguramente extern\u00f3 lo que muchos mexicanos piensan en cuanto al recurso a la \u201cmano alzada\u201d para lograr la aprobaci\u00f3n de obras importantes como lo son el Tren Maya, el aeropuerto de Santa Luc\u00eda y la refiner\u00eda de Dos Bocas, en Veracruz, por citar pocas de las muchas \u201cconsultas\u201d llevadas a cabo por el presidente L\u00f3pez Obrador.<\/p>\n<p>No es un secreto a voces que cuando no es a mano alzada, el gobierno recurre a la desacreditada \u201cconsulta popular\u201d que organizan grupos afines al gobierno, ellos mismos llevan la contabilidad sin la m\u00ednima garant\u00eda de legalidad dado que no se cubren requisitos m\u00ednimos de evitar votaci\u00f3n doble al no usar tinta indeleble. Ejemplos sobran en estos trece meses de la 4T.<\/p>\n<p>Por todos los juicios dominicales de la Arquidi\u00f3cesis de M\u00e9xico, respaldadas por el semanario dominical \u201cDesde fe\u201d, se espera alguna reacci\u00f3n del propio presidente de la rep\u00fablica, o cuando menos de la secretaria de Gobernaci\u00f3n, S\u00e1nchez Cordero, de quien al parecer dependen las relaciones con todas las iglesias y congregaciones reconocidas en nuestro pa\u00eds.<\/p>\n<p>Callar ser\u00e1 sin\u00f3nimo de aceptaci\u00f3n, aun cuando todo puede suceder.<\/p>\n<p><a href=\"mailto:elefa44@gmail.com\" target=\"_blank\" rel=\"noopener noreferrer\"><em>elefa44@gmail.com<\/em><\/a><\/p>\n","protected":false},"excerpt":{"rendered":"<p><span style=\"color: #005497;\"><strong>Eleazar Flores<\/strong><\/span><\/p>\n","protected":false},"author":3,"featured_media":0,"comment_status":"open","ping_status":"open","sticky":false,"template":"","format":"standard","meta":{"_monsterinsights_skip_tracking":false,"_monsterinsights_sitenote_active":false,"_monsterinsights_sitenote_note":"","_monsterinsights_sitenote_category":0,"footnotes":""},"categories":[81743],"tags":[81744,81776,43674],"class_list":["post-454971","post","type-post","status-publish","format-standard","hentry","category-eleazar-flores","tag-eleazar-flores","tag-espacio-electoral","tag-opinion"],"_links":{"self":[{"href":"https:\/\/www.diarioimagen.net\/index.php?rest_route=\/wp\/v2\/posts\/454971","targetHints":{"allow":["GET"]}}],"collection":[{"href":"https:\/\/www.diarioimagen.net\/index.php?rest_route=\/wp\/v2\/posts"}],"about":[{"href":"https:\/\/www.diarioimagen.net\/index.php?rest_route=\/wp\/v2\/types\/post"}],"author":[{"embeddable":true,"href":"https:\/\/www.diarioimagen.net\/index.php?rest_route=\/wp\/v2\/users\/3"}],"replies":[{"embeddable":true,"href":"https:\/\/www.diarioimagen.net\/index.php?rest_route=%2Fwp%2Fv2%2Fcomments&post=454971"}],"version-history":[{"count":0,"href":"https:\/\/www.diarioimagen.net\/index.php?rest_route=\/wp\/v2\/posts\/454971\/revisions"}],"wp:attachment":[{"href":"https:\/\/www.diarioimagen.net\/index.php?rest_route=%2Fwp%2Fv2%2Fmedia&parent=454971"}],"wp:term":[{"taxonomy":"category","embeddable":true,"href":"https:\/\/www.diarioimagen.net\/index.php?rest_route=%2Fwp%2Fv2%2Fcategories&post=454971"},{"taxonomy":"post_tag","embeddable":true,"href":"https:\/\/www.diarioimagen.net\/index.php?rest_route=%2Fwp%2Fv2%2Ftags&post=454971"}],"curies":[{"name":"wp","href":"https:\/\/api.w.org\/{rel}","templated":true}]}}