{"id":454982,"date":"2020-01-07T00:03:26","date_gmt":"2020-01-07T06:03:26","guid":{"rendered":"https:\/\/www.diarioimagen.net\/?p=454982"},"modified":"2020-01-07T01:36:56","modified_gmt":"2020-01-07T07:36:56","slug":"los-hijos-del-diablo","status":"publish","type":"post","link":"https:\/\/www.diarioimagen.net\/?p=454982","title":{"rendered":"\u201cLos hijos del diablo\u201d"},"content":{"rendered":"<h2>Folclor urbano<\/h2>\n<h5>Salvador Estrada<\/h5>\n<p>&nbsp;<\/p>\n<p>El incendio en los mercados capitalinos ha puesto de manifiesto que la causa presuntamente es el diablo, bueno sus hijitos los famosos \u201cdiablitos\u201d, que como son tantos y est\u00e1n tan enmara\u00f1ados hacen \u00a1pum\u00a1 y surge la llama del corto circuito y \u00a1fuego, se quema el mercado\u00a1<\/p>\n<p>La Merced, un mercado de tradici\u00f3n, ha sufrido incendios frecuentes y el de San Cosme\u00a0tambi\u00e9n lo que ha llevado a sus locatarios sufrir la p\u00e9rdida de sus negocios y llorar por la falta de recursos econ\u00f3micos.<\/p>\n<p>Pero esos mercados funcionan en las ruinas, los locatarios se acomodaron como pudieron para seguir vendiendo, sobre todo lo hicieron en las fiestas decembrinas, para sacar \u201cel gasto\u201d y esperar que la alcald\u00eda correspondiente reconstruya el inmueble.<\/p>\n<p>Ante esta situaci\u00f3n el gobierno capitalino junto con Comisi\u00f3n Federal de Electricidad y las alcald\u00edas integrar\u00e1n, para\u00a0este a\u00f1o, un fondo de doscientos millones de pesos para las obras de rehabilitaci\u00f3n\u00a0que sean necesarias principalmente \u00a0en las redes el\u00e9ctricas.<\/p>\n<p>Para que la desgracia no vuelva a suceder es necesario \u201cacabar con los diablitos\u201d y en cuanto surjan por ah\u00ed, los mismos locatarios deben evitarlo o denunciarlo a las autoridades.<\/p>\n<p>\u201cColgarse\u201d de los cables de luz, \u201dcon los diablitos\u201d no es exclusividad de los mercados, tambi\u00e9n se pueden ver en los \u00a0puestos callejeros y muchos a un lado de los mercados, lo mismo que en algunas \u201cciudades perdidas\u201d.<\/p>\n<p>En la Ciudad de M\u00e9xico existen 329 mercados p\u00fablicos, entre los que se encuentran La Lagunilla, Jamaica, Granaditas, Mixcoac, que son los de mayor aforo, por su tama\u00f1o, en los cuales se empezar\u00e1n a revisar sus instalaciones el\u00e9ctricas.<\/p>\n<p>Lo ideal ser\u00eda que los cables de luz fueran subterr\u00e1neos en todos los mercados y terminar con los a\u00e9reos y que la reconstrucci\u00f3n de los mercados incendiados se hicieran as\u00ed y con locales amplios, con lavabos para el lavado de los productos, como fruta y verduras, y un piso de mosaicos de f\u00e1cil limpieza, para que el mercado se vea siempre con, luz y limpio, con un administrador honesto y unos sanitarios de \u201cprimer mundo\u201d.<\/p>\n<p>Actualmente los mercados tienen problemas entre los locatarios y su administrador, hay cacicazgo de familias que tienen control \u00a0y poseen diversos locales.<\/p>\n<p>Los locatarios pagan una cuota a la alcald\u00eda, unos m\u00e1s y otros menos, y para ser honestos deben de pagar igual todos para evitar privilegios y que el administrador rinda cuentas del uso de los sanitarios que pagan los clientes de los mercados.<\/p>\n<p>Esos centros de abasto, que se empiezan a rehabilitar, deben ser ejemplo de un mercado moderno, una vez terminados, para que los dem\u00e1s sean reconstruidos ahora y no esperar otros \u201ccortos circuitos\u201d ocasionados por los \u201chijos del diablo\u201d.<\/p>\n<p><em><a href=\"mailto:chavasec@yahoo.com.mx\" target=\"_blank\" rel=\"noopener noreferrer\">chavasec@yahoo.com.mx<\/a><\/em><\/p>\n","protected":false},"excerpt":{"rendered":"<p><span style=\"color: #005497;\"><strong>Salvador Estrada<\/strong><\/span><\/p>\n","protected":false},"author":3,"featured_media":0,"comment_status":"open","ping_status":"open","sticky":false,"template":"","format":"standard","meta":{"_monsterinsights_skip_tracking":false,"_monsterinsights_sitenote_active":false,"_monsterinsights_sitenote_note":"","_monsterinsights_sitenote_category":0,"footnotes":""},"categories":[41601],"tags":[41599,43674,41600],"class_list":["post-454982","post","type-post","status-publish","format-standard","hentry","category-salvador-estrada-opinion","tag-folclor-urbano","tag-opinion","tag-salvador-estrada"],"_links":{"self":[{"href":"https:\/\/www.diarioimagen.net\/index.php?rest_route=\/wp\/v2\/posts\/454982","targetHints":{"allow":["GET"]}}],"collection":[{"href":"https:\/\/www.diarioimagen.net\/index.php?rest_route=\/wp\/v2\/posts"}],"about":[{"href":"https:\/\/www.diarioimagen.net\/index.php?rest_route=\/wp\/v2\/types\/post"}],"author":[{"embeddable":true,"href":"https:\/\/www.diarioimagen.net\/index.php?rest_route=\/wp\/v2\/users\/3"}],"replies":[{"embeddable":true,"href":"https:\/\/www.diarioimagen.net\/index.php?rest_route=%2Fwp%2Fv2%2Fcomments&post=454982"}],"version-history":[{"count":0,"href":"https:\/\/www.diarioimagen.net\/index.php?rest_route=\/wp\/v2\/posts\/454982\/revisions"}],"wp:attachment":[{"href":"https:\/\/www.diarioimagen.net\/index.php?rest_route=%2Fwp%2Fv2%2Fmedia&parent=454982"}],"wp:term":[{"taxonomy":"category","embeddable":true,"href":"https:\/\/www.diarioimagen.net\/index.php?rest_route=%2Fwp%2Fv2%2Fcategories&post=454982"},{"taxonomy":"post_tag","embeddable":true,"href":"https:\/\/www.diarioimagen.net\/index.php?rest_route=%2Fwp%2Fv2%2Ftags&post=454982"}],"curies":[{"name":"wp","href":"https:\/\/api.w.org\/{rel}","templated":true}]}}