{"id":454984,"date":"2020-01-07T00:08:59","date_gmt":"2020-01-07T06:08:59","guid":{"rendered":"https:\/\/www.diarioimagen.net\/?p=454984"},"modified":"2020-01-07T01:51:17","modified_gmt":"2020-01-07T07:51:17","slug":"la-hipocresia-y-bolsas-de-plastico","status":"publish","type":"post","link":"https:\/\/www.diarioimagen.net\/?p=454984","title":{"rendered":"La hipocres\u00eda y bolsas de pl\u00e1stico"},"content":{"rendered":"<h2>Poder y dinero<\/h2>\n<h5>V\u00edctor S\u00e1nchez Ba\u00f1os<\/h5>\n<p>&nbsp;<\/p>\n<ul>\n<li><strong><em>Excelente medida sin opciones al pueblo<\/em><\/strong><\/li>\n<li><em><strong>Reciclaje obligatorio afecta a votantes<\/strong> <\/em><\/li>\n<\/ul>\n<p>&nbsp;<\/p>\n<p style=\"text-align: right;\"><strong><em>Demorar la justicia es injusticia<br \/>\n<\/em><\/strong><em>Walter Savage Landor, <\/em><em>1775-1864; escritor ingl\u00e9s.<\/em><\/p>\n<p>&nbsp;<\/p>\n<p>#Hipocres\u00eda #BolsasDePl\u00e1stico #Reciclaje #IndustriaOVida #EmpleoOSalud #Toyota #Guanajuato #TomSullivan #FibraPrologis #LuisGuti\u00e9rrez #Fundaci\u00f3nAzteca<\/p>\n<p>&nbsp;<\/p>\n<p>A trav\u00e9s de mi vida period\u00edstica realic\u00e9 dos reportajes en tiraderos de basura en la Ciudad de M\u00e9xico. A principio de los ochenta, el da\u00f1o lo provocaba la enorme cantidad de llantas de desecho. En los inicios de la d\u00e9cada pasada, recorr\u00ed varios tiraderos en el llamado Bordo de Xochiaca y la diferencia era devastadora. La mayor\u00eda de la basura correspond\u00eda a bolsas de pl\u00e1stico, donde las personas colocaban los desechos, sin separaci\u00f3n. Ah\u00ed estaban millones. Por ello, es fundamental el frenar la producci\u00f3n de todo tipo de bolsas.<\/p>\n<p>Millones de toneladas de bolsas que tardan en biodegradarse m\u00e1s de 200 a\u00f1os, est\u00e1n en todo el medio ambiente e inundan r\u00edos, mares y manantiales. Llenan los est\u00f3magos de peces y otros seres vivos.<\/p>\n<p>Sabemos perfectamente que, tan s\u00f3lo en M\u00e9xico, m\u00e1s de 1.5 millones de personas trabajan en ese sector, pero tambi\u00e9n que cientos de miles sufren enfermedades derivadas por esa industria. Es muy alto el costo de la producci\u00f3n industrial del pl\u00e1stico.<\/p>\n<p>En la mitad de los estados de la Rep\u00fablica se tomaron medidas legislativas para evitar la distribuci\u00f3n de bolsas de pl\u00e1stico en los centros comerciales. Imponen multas que van desde los 1,500 hasta los 70 mil pesos. Este es un avance. Pero en M\u00e9xico, los legisladores siempre ponen una puerta de escape. S\u00f3lo se permite la fabricaci\u00f3n de bolsas biodegradables.<\/p>\n<p>Aqu\u00ed es donde se fundamenta la hipocres\u00eda. No hay garant\u00eda que esas bolsas sean realmente biodegradables por el simple hecho de colocar una leyenda. Tampoco, le ofrecen al consumidor opciones. Los centros comerciales cumplen la ley y no dan bolsas de pl\u00e1stico, pero no ofrecen otro tipo de productos que sirvan para que se realicen las compras c\u00f3modamente. La salida no es la producci\u00f3n masiva de bolsas de papel, ya que tambi\u00e9n atentan contra el ecosistema, debido a que se producen con \u00e1rboles.<\/p>\n<p>La industria del pl\u00e1stico debe de buscar opciones para su sector y el comercio debe hacer lo mismo para que el consumidor acuda a hacer sus compras con comodidad; sin poner en problemas a ancianos que colocaban la mercanc\u00eda en las bolsas. Esa es responsabilidad del sector comercial.<\/p>\n<p>Los pol\u00edticos deben olvidarse de tomar medidas de relumbr\u00f3n y convertirse en solucionadores de los problemas que tienen en el corto y mediano plazo. Las bolsas no es la \u00fanica carga a la ecolog\u00eda, sino todos los desperdicios pl\u00e1sticos como envases para alimentos, relleno, protecci\u00f3n de art\u00edculos electr\u00f3nicos y estos mismos. Que bueno que se acaben las bolsas de pl\u00e1stico, pero que tambi\u00e9n acabe la hipocres\u00eda pol\u00edtica en materia ecol\u00f3gica. Hagan leyes que vayan m\u00e1s all\u00e1 de lo que mira el electorado a simple vista. Reciclaje obligatorio y con sanciones, pero no se atreven en \u00e9poca de comicios.<\/p>\n<p><strong>PODEROSOS CABALLEROS<\/strong>: El mes pasado, Toyota, bajo el liderazgo de Tom Sullivan, inici\u00f3 operaciones de su nueva planta de manufactura en Apaseo el Grande, Guanajuato, donde producir\u00e1n la camioneta pick up Tacoma. Esta planta forma parte del plan que inici\u00f3 en 2016 con una inversi\u00f3n de aproximadamente 700 millones de d\u00f3lares y da empleo a mil personas. Toyota Motor Manufacturing de Guanajuato, presidido por Francisco Garc\u00eda L\u00f3pez, participar\u00e1 con Tacoma, la demanda por este tipo de camionetas en Norteam\u00e9rica y el pa\u00eds con 100 mil unidades al a\u00f1o cuando opere a su m\u00e1xima capacidad. *** El fideicomiso de bienes ra\u00edces, FIBRA Prologis, que preside Luis Guti\u00e9rrez, compr\u00f3 un edificio en la Ciudad de M\u00e9xico, por 100 millones de pesos con suficiente espacio para la operaci\u00f3n dentro de los patios de maniobra, as\u00ed como espacios de estacionamiento.<\/p>\n<p><strong>RESPONSABILIDAD SOCIAL CORPORATIVA<\/strong>: Fundaci\u00f3n Azteca, de Grupo Salinas, liderado por Ricardo y Benjam\u00edn Salinas, a trav\u00e9s de cinco ediciones de Movimiento Azteca con las que, a trav\u00e9s de campa\u00f1as en televisi\u00f3n recaudaron 130 millones de pesos, para causas nobles, donde destacan iniciativas que van desde la compra de m\u00e1s de 3,000 sillas-cama para centros de salud, hasta la adquisici\u00f3n de 60 nuevas ambulancias de la Cruz Roja. Plantel Azteca brind\u00f3 educaci\u00f3n secundaria y de bachillerato de calidad, con valores y excelencia t\u00e9cnica a 2,100 estudiantes de bajos recursos con desempe\u00f1o acad\u00e9mico sobresaliente, totalmente becados.<\/p>\n<p>&nbsp;<\/p>\n<blockquote>\n<p style=\"text-align: right;\"><strong>Esc\u00fachame de lunes a viernes, de 21 a 22 horas,<br \/>\nen \u201cV\u00edctor S\u00e1nchez Ba\u00f1os en MVS\u201d<\/strong><\/p>\n<\/blockquote>\n<p>&nbsp;<\/p>\n<p><a href=\"https:\/\/mvsnoticias.com\/\" target=\"_blank\" rel=\"noopener noreferrer\"><em>MVSnoticias.com<\/em><\/a><br \/>\n<a href=\"http:\/\/poderydinero.mx\" target=\"_blank\" rel=\"noopener noreferrer\"><em>poderydinero.mx<\/em><\/a><em><b><br \/>\n<\/b><a href=\"mailto:vsb@poderydinero.mx\" target=\"_blank\" rel=\"noopener noreferrer\">vsb@poderydinero.mx<\/a><a href=\"mailto:vsanchezb@gmail.com\" target=\"_blank\" rel=\"noopener noreferrer\"><br \/>\n<\/a><strong>Twitter:<\/strong><a href=\"https:\/\/twitter.com\/vsanchezbanos\" target=\"_blank\" rel=\"noopener noreferrer\">@vsanchezbanos<br \/>\n<\/a><strong>Facebook: <\/strong><a href=\"https:\/\/www.facebook.com\/vsanchezbanos?fref=ts\" target=\"_blank\" rel=\"noopener noreferrer\">vsanchezbanos<\/a><\/em><\/p>\n","protected":false},"excerpt":{"rendered":"<p><span style=\"color: #005497;\"><strong>V\u00edctor S\u00e1nchez Ba\u00f1os<\/strong><\/span><\/p>\n","protected":false},"author":3,"featured_media":0,"comment_status":"open","ping_status":"open","sticky":false,"template":"","format":"standard","meta":{"_monsterinsights_skip_tracking":false,"_monsterinsights_sitenote_active":false,"_monsterinsights_sitenote_note":"","_monsterinsights_sitenote_category":0,"footnotes":""},"categories":[38844],"tags":[43674,38847,38848],"class_list":["post-454984","post","type-post","status-publish","format-standard","hentry","category-victor-sanchez-banos","tag-opinion","tag-poder-y-dinero","tag-victor-sanchez-banos"],"_links":{"self":[{"href":"https:\/\/www.diarioimagen.net\/index.php?rest_route=\/wp\/v2\/posts\/454984","targetHints":{"allow":["GET"]}}],"collection":[{"href":"https:\/\/www.diarioimagen.net\/index.php?rest_route=\/wp\/v2\/posts"}],"about":[{"href":"https:\/\/www.diarioimagen.net\/index.php?rest_route=\/wp\/v2\/types\/post"}],"author":[{"embeddable":true,"href":"https:\/\/www.diarioimagen.net\/index.php?rest_route=\/wp\/v2\/users\/3"}],"replies":[{"embeddable":true,"href":"https:\/\/www.diarioimagen.net\/index.php?rest_route=%2Fwp%2Fv2%2Fcomments&post=454984"}],"version-history":[{"count":0,"href":"https:\/\/www.diarioimagen.net\/index.php?rest_route=\/wp\/v2\/posts\/454984\/revisions"}],"wp:attachment":[{"href":"https:\/\/www.diarioimagen.net\/index.php?rest_route=%2Fwp%2Fv2%2Fmedia&parent=454984"}],"wp:term":[{"taxonomy":"category","embeddable":true,"href":"https:\/\/www.diarioimagen.net\/index.php?rest_route=%2Fwp%2Fv2%2Fcategories&post=454984"},{"taxonomy":"post_tag","embeddable":true,"href":"https:\/\/www.diarioimagen.net\/index.php?rest_route=%2Fwp%2Fv2%2Ftags&post=454984"}],"curies":[{"name":"wp","href":"https:\/\/api.w.org\/{rel}","templated":true}]}}