{"id":455046,"date":"2020-01-08T00:01:46","date_gmt":"2020-01-08T06:01:46","guid":{"rendered":"https:\/\/www.diarioimagen.net\/?p=455046"},"modified":"2020-01-08T00:53:32","modified_gmt":"2020-01-08T06:53:32","slug":"museo-casa-de-la-bola-marco-para-la-tradicional-posada-del-dallas-fort-worth-international-airport","status":"publish","type":"post","link":"https:\/\/www.diarioimagen.net\/?p=455046","title":{"rendered":"Museo Casa de la Bola, marco para la tradicional Posada del <em>Dallas Fort Worth International Airport<\/em>"},"content":{"rendered":"<h2>De cinco estrellas<\/h2>\n<h5>Victoria Gonz\u00e1lez Prado<\/h5>\n<p>&nbsp;<\/p>\n<ul>\n<li><strong>Brand USA<\/strong><em><strong> celebra reautorizaci\u00f3n hasta el 2027, anuncia su presidente Christopher L. Thompson<\/strong><\/em><\/li>\n<li><em><strong>Hoteles de Meli\u00e1 Cuba nominados a los <\/strong><\/em><strong>World Travel Awards<\/strong><em><strong>. Est\u00e1s a tiempo de votar por tu preferido<\/strong><\/em><\/li>\n<\/ul>\n<p>&nbsp;<\/p>\n<div id=\"attachment_455047\" style=\"width: 470px\" class=\"wp-caption aligncenter\"><a href=\"https:\/\/www.diarioimagen.net\/?attachment_id=455047\" rel=\"attachment wp-att-455047\"><img loading=\"lazy\" decoding=\"async\" aria-describedby=\"caption-attachment-455047\" class=\"size-large wp-image-455047\" src=\"https:\/\/www.diarioimagen.net\/wp-content\/uploads\/2020\/01\/turismo-460x259.jpg\" alt=\"\" width=\"460\" height=\"259\" srcset=\"https:\/\/www.diarioimagen.net\/wp-content\/uploads\/2020\/01\/turismo-460x259.jpg 460w, https:\/\/www.diarioimagen.net\/wp-content\/uploads\/2020\/01\/turismo-240x135.jpg 240w, https:\/\/www.diarioimagen.net\/wp-content\/uploads\/2020\/01\/turismo-235x132.jpg 235w, https:\/\/www.diarioimagen.net\/wp-content\/uploads\/2020\/01\/turismo-202x114.jpg 202w, https:\/\/www.diarioimagen.net\/wp-content\/uploads\/2020\/01\/turismo-350x196.jpg 350w, https:\/\/www.diarioimagen.net\/wp-content\/uploads\/2020\/01\/turismo-220x123.jpg 220w, https:\/\/www.diarioimagen.net\/wp-content\/uploads\/2020\/01\/turismo-237x132.jpg 237w, https:\/\/www.diarioimagen.net\/wp-content\/uploads\/2020\/01\/turismo.jpg 480w\" sizes=\"auto, (max-width: 460px) 100vw, 460px\" \/><\/a><p id=\"caption-attachment-455047\" class=\"wp-caption-text\">El equipo de DFW proveniente de Dallas y los representantes en M\u00e9xico.<\/p><\/div>\n<p>&nbsp;<\/p>\n<p>Como les coment\u00e9 el lunes pasado, se quedaron guardadas en el caj\u00f3n algunas de las actividades realizadas en diciembre. Como nos fuimos de vacaciones ahora les contamos iniciando este 2020.<\/p>\n<p>El Museo Casa de la Bola fue el marco para la tradicional Posada que organiza a\u00f1o con a\u00f1o <em>Dallas Fort Worth International Airport <\/em>(DFW), que en M\u00e9xico es representado por Sales Internacional, empresa encabezada por <strong>Jorge Sales, <\/strong>quien estuvo acompa\u00f1ado por<strong>Lillian Toro<\/strong><em>, Account Manager <\/em>DFW<em>International Airport <\/em>en M\u00e9xico<em>;<\/em><strong>John Ackerman, <\/strong><em>Executive Vicepresident of Global Strategy and Development; <\/em><strong>Milton de la Paz<\/strong>, <em>Vicepresident of Airline Relations; <\/em><strong>Martin Rubinstein<\/strong>, <em>AVP of Digital and Marketing <strong>e <\/strong><\/em><strong>Iv\u00e1n Machado-Pr\u00f3speri<\/strong>, <em>Sr. Airline Retention Manager, <\/em>quienes llegaron desde Dallas, Texas.<\/p>\n<p>El lugar estaba decorado con papel picado, hab\u00eda juegos, pi\u00f1atas, premios y exquisitos bocadillos para los socios comerciales, agentes de viajes, operadoras mayoristas y prensa, que esa noche se reunieron en este lugar que conserva sus caracter\u00edsticas arquitect\u00f3nicas coloniales.<\/p>\n<p>En su oportunidad, <strong>Jorge Sales<\/strong>, agradeci\u00f3<strong>\u201c<\/strong>al equipo que Sales Internacional, a <em>American Airlines<\/em>, a los socios de Dallas y Fort Worth y a las agencias y operadoras la labor realizada d\u00eda a d\u00eda para enviar pasajeros por este magnifico aeropuerto\u201d.<\/p>\n<p><strong>Milton de la Paz<\/strong>, al hacer uso de la palabraasegur\u00f3: \u201cM\u00e9xico es un pa\u00eds muy importante para nosotros, pues arriba del 35 por ciento de nuestros pasajeros internacionales van o vienen a este pa\u00eds. Con <em>American Airlines<\/em>conectamos a 21 destinos en la Rep\u00fablica Mexicana y seguiremos creciendo, gracias a todos ustedes por su esfuerzo\u201d.<\/p>\n<p>Tambi\u00e9n,<strong>John Ackerman<\/strong>, en su intervenci\u00f3n dijo: \u201ces la segunda posada a la que asisto. La segunda de muchas m\u00e1s, espero. Me gusta mucho la ciudad de M\u00e9xico y quiero regresar\u201d.<\/p>\n<p>Correspondi\u00f3 a <strong>Lilli\u00e1n Toro <\/strong> presentar las bondades del <em>DFW Airport<\/em> y record\u00f3: \u201cdurante 2019 fue galardonado como el aeropuerto del a\u00f1o seg\u00fan <em>Air Transport World, <\/em>rankin global que lo puso a la altura de otros aeropuertos que lo han ganado anteriormente y que refleja la excelencia del aer\u00f3dromo\u201d.<\/p>\n<p>Asimismo, explic\u00f3: \u201ccuenta con 23 aerol\u00edneas que vuelan a todo el mundo, y es la casa m\u00e1s grande de<em>American <\/em>Airlines (AA), que tiene gran conectividad pues actualmente vuela a m\u00e1s de 250 destinos a nivel global en Europa, Asia, Medio Oriente, Am\u00e9rica del Sur, Australia, y todo EE.UU\u201d.<\/p>\n<p>Al referirse a las novedades destac\u00f3 que se construye la sexta terminal que estar\u00e1 lista en 2025. Tambi\u00e9n funciona ya el reconocimiento facial utilizando tecnolog\u00eda biom\u00e9trica.<\/p>\n<p>Otros datos que se\u00f1al\u00f3 fueron: el Aeropuerto DFW, que abri\u00f3 en 1974, ocupa m\u00e1s de 26.9 kil\u00f3metros cuadrados. Es el cuarto en t\u00e9rminos de operaciones y el quinceavo en n\u00famero de pasajeros. Tiene siete pistas de aterrizaje en total y la mayor tiene una longitud de 4 kil\u00f3metros.<\/p>\n<p>Ofrece 164 puertas de embarque y la carga total transportada fue de 911 mil 500 d\u00f3lares. Vuela a 257 destinos (193 dom\u00e9sticos y 66 internacionales). Hay 23 aerol\u00edneas que realizan vuelos dom\u00e9sticos de f\u00e1cil acceso a las ciudades m\u00e1s importantes del continente.<\/p>\n<p>En el programa de renovaci\u00f3n y mejora se invirtieron 2.59 mil millones de d\u00f3lares. Las Terminales A, B, C, E Y D son para vuelos dom\u00e9sticos y la D servicio internacional y dom\u00e9stico. Inici\u00f3 en febrero de 2011 y concluy\u00f3 en 2018. Se mejoraron concesiones, expansi\u00f3n\/reconfiguraci\u00f3n de puntos de seguridad, mejores \u00e1reas de <em>check-in, <\/em>estacionamientos renovados, implementaci\u00f3n de alta eficiencia de tecnolog\u00eda verde.<\/p>\n<p>El Aeropuerto de DFW cuenta con 2 mil empleados del Consejo del Aeropuerto DFW. In situ 60 mil aproximadamente. La actividad econ\u00f3mica atribuible al Aeropuerto en el Norte de Texas es e 37 mil millones. Empleados de tiempo completo 228 mil y n\u00f3mina de 12.5 mil millones de d\u00f3lares.<\/p>\n<p>Por \u00faltimo, <strong>Lilli\u00e1n<\/strong>agreg\u00f3: \u201cdurante este 2020 iniciar\u00e1 la construcci\u00f3n de la terminal F, que contar\u00e1 con 25 nuevas salas y, se estima, ser\u00e1 inaugurada en el 2025 y se\u00f1al\u00f3 que ya se est\u00e1 implementando la tecnolog\u00eda biom\u00e9trica que permitir\u00e1 que los tr\u00e1mites realizados en en esa terminal, desde documentar equipaje hasta pasar migraci\u00f3n, sean mucho m\u00e1s sencillos y r\u00e1pidos\u201d.<\/p>\n<p>En su oportunidad, <strong>Carlos Campos<\/strong>, representante de <em>American Airlines<\/em>detall\u00f3 que el 17 de diciembre del 2019, la aerol\u00ednea sum\u00f3 dos nuevas rutas a las 21 ya existentes en M\u00e9xico: Acapulco y Huatulco, lo que fortalecer\u00e1 la conexi\u00f3n entre M\u00e9xico y Estados Unidos\u201d. En marzo de 2020 se agregar\u00e1: Haneda-Tokio; en septiembre Tel Aviv, Israel y en octubre, Oakland , Nueva Zelanda\u201d.<\/p>\n<p>\u201cHoy contamos con el <em>Flagship Lounge de AA, <\/em>sal\u00f3n estrella para pasajeros de <em>First y Business Class\u201d. <\/em><\/p>\n<p>Luego de la presentaci\u00f3n se dio paso a la posada y se cantaron las tradicionales canciones para romper las pi\u00f1atas.<\/p>\n<p>\u2730\u2730\u2730\u2730\u2730El presidente de los Estados Unidos firm\u00f3 la promulgaci\u00f3n de ley que reautoriza a <em>Brand USA<\/em>hasta el a\u00f1o fiscal 2027, luego de que el Congreso la pasara con fuerte apoyo bipartidista.<\/p>\n<p><em>Brand USA<\/em>continuar\u00e1 inspirando el turismo internacional hacia Estados Unidos, creando miles de empleos y generando miles de millones de d\u00f3lares hacia la econom\u00eda de dicha naci\u00f3n.<\/p>\n<p>\u2730\u2730\u2730\u2730\u2730Para la 27 edici\u00f3n de los <em>World Travel Awards<\/em>nuevamente est\u00e1n en su lista de candidatos hoteles gestionados por Meli\u00e1 Cuba.<\/p>\n<p>Para la categor\u00eda <em>Cuba\u2019s Leading Hotel 2020 <\/em>est\u00e1n propuestos: Meli\u00e1 Cayo Coco, en Jardines del Rey y Meli\u00e1 Cohiba, a pocos metros del Malec\u00f3n habanero. Ambos de cinco estrellas.<\/p>\n<p>El Meli\u00e1 Cohiba repite la nominaci\u00f3n, ahora en la categor\u00eda <em>Cuba\u2019s Leading Hotel Suite 2020. <\/em>Elegancia, elevado confort y privacidad, distingue a las <em>Master Suites The Level<\/em>, situadas en los pisos m\u00e1s elevados del hotel y que aspiran a ser acreedoras al galard\u00f3n.<\/p>\n<p>M\u00e1xima expresi\u00f3n del lujo Todo Incluido, los hoteles <em>Paradisus R\u00edo de Oro, Varadero<\/em>y<em>Princesa del Mar,<\/em>sobresalen por la excelencia en su servicio. Con nominaciones a la categor\u00eda <em>Cuba\u00b4s Leading Resort 2020<\/em>son prueba de ello; y en este segmento se suma tambi\u00e9n Meli\u00e1 Las Dunas<strong>, <\/strong>resort familiar en Cayo Santa Mar\u00eda.<\/p>\n<p>Las votaciones para elegir a los ganadores estar\u00e1n disponibles hasta el pr\u00f3ximo 10 de enero en: https:\/\/www.worldtravelawards.com\/nominees\/2020\/cuba. Los premiados se dar\u00e1n a conocer diez d\u00edas despu\u00e9s, en ceremonia oficial que tendr\u00e1 por sede las islas Bahamas.<\/p>\n<p><em><span class=\"Apple-converted-space\"><a href=\"mailto:victoriagprado@gmail.com\" target=\"_blank\" rel=\"noopener noreferrer\">victoriagprado@gmail.com<\/a><br \/>\nTwitter: <a href=\"https:\/\/twitter.com\/victoriagprado\" target=\"_blank\" rel=\"noopener noreferrer\">@victoriagprado<\/a><\/span><\/em><\/p>\n","protected":false},"excerpt":{"rendered":"<p>Como les coment\u00e9 el lunes pasado, se quedaron guardadas en el caj\u00f3n algunas de las actividades realizadas en diciembre. Como nos fuimos de vacaciones ahora les contamos iniciando este 2020.<\/p>\n","protected":false},"author":1,"featured_media":455047,"comment_status":"open","ping_status":"open","sticky":false,"template":"","format":"standard","meta":{"_monsterinsights_skip_tracking":false,"_monsterinsights_sitenote_active":false,"_monsterinsights_sitenote_note":"","_monsterinsights_sitenote_category":0,"footnotes":""},"categories":[11],"tags":[107,43681,106],"class_list":["post-455046","post","type-post","status-publish","format-standard","has-post-thumbnail","hentry","category-turismo","tag-de-cinco-estrellas","tag-turismo","tag-victoria-gonzalez-prado"],"_links":{"self":[{"href":"https:\/\/www.diarioimagen.net\/index.php?rest_route=\/wp\/v2\/posts\/455046","targetHints":{"allow":["GET"]}}],"collection":[{"href":"https:\/\/www.diarioimagen.net\/index.php?rest_route=\/wp\/v2\/posts"}],"about":[{"href":"https:\/\/www.diarioimagen.net\/index.php?rest_route=\/wp\/v2\/types\/post"}],"author":[{"embeddable":true,"href":"https:\/\/www.diarioimagen.net\/index.php?rest_route=\/wp\/v2\/users\/1"}],"replies":[{"embeddable":true,"href":"https:\/\/www.diarioimagen.net\/index.php?rest_route=%2Fwp%2Fv2%2Fcomments&post=455046"}],"version-history":[{"count":0,"href":"https:\/\/www.diarioimagen.net\/index.php?rest_route=\/wp\/v2\/posts\/455046\/revisions"}],"wp:featuredmedia":[{"embeddable":true,"href":"https:\/\/www.diarioimagen.net\/index.php?rest_route=\/wp\/v2\/media\/455047"}],"wp:attachment":[{"href":"https:\/\/www.diarioimagen.net\/index.php?rest_route=%2Fwp%2Fv2%2Fmedia&parent=455046"}],"wp:term":[{"taxonomy":"category","embeddable":true,"href":"https:\/\/www.diarioimagen.net\/index.php?rest_route=%2Fwp%2Fv2%2Fcategories&post=455046"},{"taxonomy":"post_tag","embeddable":true,"href":"https:\/\/www.diarioimagen.net\/index.php?rest_route=%2Fwp%2Fv2%2Ftags&post=455046"}],"curies":[{"name":"wp","href":"https:\/\/api.w.org\/{rel}","templated":true}]}}