{"id":455099,"date":"2020-01-08T00:14:14","date_gmt":"2020-01-08T06:14:14","guid":{"rendered":"https:\/\/www.diarioimagen.net\/?p=455099"},"modified":"2020-01-08T02:34:51","modified_gmt":"2020-01-08T08:34:51","slug":"asumen-encargo-consejeros-de-la-judicatura-de-la-ciudad-de-mexico","status":"publish","type":"post","link":"https:\/\/www.diarioimagen.net\/?p=455099","title":{"rendered":"Asumen encargo consejeros de la Judicatura de la Ciudad de M\u00e9xico"},"content":{"rendered":"<ul>\n<li><strong><em>Susana B\u00e1tiz Zavala y Ricardo Amezcua Gal\u00e1n se integraron al \u00f3rgano colegiado <\/em><em>de administraci\u00f3n vigilancia y disciplina del Poder Judicial capitalino<\/em><\/strong><\/li>\n<li><strong><em>Con su incorporaci\u00f3n queda plenamente integrado el Consejo de la Judicatura local<\/em><\/strong><\/li>\n<\/ul>\n<p>&nbsp;<\/p>\n<p><a href=\"https:\/\/www.diarioimagen.net\/?attachment_id=455187\" rel=\"attachment wp-att-455187\"><img loading=\"lazy\" decoding=\"async\" class=\"aligncenter size-large wp-image-455187\" src=\"https:\/\/www.diarioimagen.net\/wp-content\/uploads\/2020\/01\/JUDICATURA8-460x259.jpg\" alt=\"\" width=\"460\" height=\"259\" srcset=\"https:\/\/www.diarioimagen.net\/wp-content\/uploads\/2020\/01\/JUDICATURA8-460x259.jpg 460w, https:\/\/www.diarioimagen.net\/wp-content\/uploads\/2020\/01\/JUDICATURA8-240x135.jpg 240w, https:\/\/www.diarioimagen.net\/wp-content\/uploads\/2020\/01\/JUDICATURA8-235x132.jpg 235w, https:\/\/www.diarioimagen.net\/wp-content\/uploads\/2020\/01\/JUDICATURA8-202x114.jpg 202w, https:\/\/www.diarioimagen.net\/wp-content\/uploads\/2020\/01\/JUDICATURA8-350x196.jpg 350w, https:\/\/www.diarioimagen.net\/wp-content\/uploads\/2020\/01\/JUDICATURA8-220x123.jpg 220w, https:\/\/www.diarioimagen.net\/wp-content\/uploads\/2020\/01\/JUDICATURA8-237x132.jpg 237w, https:\/\/www.diarioimagen.net\/wp-content\/uploads\/2020\/01\/JUDICATURA8.jpg 480w\" sizes=\"auto, (max-width: 460px) 100vw, 460px\" \/><\/a><\/p>\n<p>&nbsp;<\/p>\n<p>Ayer martes asumieron su encargo como consejeros de la Judicatura Susana B\u00e1tiz Zavala y Ricardo Amezcua Gal\u00e1n, luego de ser designados en diciembre pasado por el Congreso de la Ciudad de M\u00e9xico para un periodo de seis a\u00f1os, con lo que qued\u00f3 plenamente integrado el Consejo de la Judicatura de la Ciudad de M\u00e9xico.<\/p>\n<p>En sesi\u00f3n extraordinaria del Consejo de la Judicatura de la Ciudad de M\u00e9xico, que encabeza el magistrado Rafael Guerra \u00c1lvarez, B\u00e1tiz Zavala y Amezcua Gal\u00e1n se incorporaron al \u00f3rgano colegiado encargado de la administraci\u00f3n, vigilancia y disciplina del Poder Judicial capitalino.<\/p>\n<p>Como parte del proceso de integraci\u00f3n al Poder Judicial de la Ciudad de M\u00e9xico, los consejeros se reunieron con los magistrados integrantes del Pleno del Tribunal Superior de Justicia de la Ciudad de M\u00e9xico, y les fueron presentados los titulares de las diversas \u00e1reas de apoyo judicial del \u00f3rgano de justicia capitalino.<\/p>\n<p>Ambos consejeros son abogados por la Universidad Nacional Aut\u00f3noma de M\u00e9xico.<\/p>\n","protected":false},"excerpt":{"rendered":"<p>Ayer martes asumieron su encargo como consejeros de la Judicatura Susana B\u00e1tiz Zavala y Ricardo Amezcua Gal\u00e1n, luego de ser designados en diciembre pasado por el Congreso de la Ciudad de M\u00e9xico para un periodo de seis a\u00f1os, con lo que qued\u00f3 plenamente integrado el Consejo de la Judicatura de la Ciudad de M\u00e9xico.<\/p>\n","protected":false},"author":3,"featured_media":455187,"comment_status":"open","ping_status":"open","sticky":false,"template":"","format":"standard","meta":{"_monsterinsights_skip_tracking":false,"_monsterinsights_sitenote_active":false,"_monsterinsights_sitenote_note":"","_monsterinsights_sitenote_category":0,"footnotes":""},"categories":[6],"tags":[204,86763,89382,89381],"class_list":["post-455099","post","type-post","status-publish","format-standard","has-post-thumbnail","hentry","category-cd-de-mexico","tag-ciudad-de-mexico","tag-consejero","tag-ricardo-amezcua-galan","tag-susana-batiz-zavala"],"_links":{"self":[{"href":"https:\/\/www.diarioimagen.net\/index.php?rest_route=\/wp\/v2\/posts\/455099","targetHints":{"allow":["GET"]}}],"collection":[{"href":"https:\/\/www.diarioimagen.net\/index.php?rest_route=\/wp\/v2\/posts"}],"about":[{"href":"https:\/\/www.diarioimagen.net\/index.php?rest_route=\/wp\/v2\/types\/post"}],"author":[{"embeddable":true,"href":"https:\/\/www.diarioimagen.net\/index.php?rest_route=\/wp\/v2\/users\/3"}],"replies":[{"embeddable":true,"href":"https:\/\/www.diarioimagen.net\/index.php?rest_route=%2Fwp%2Fv2%2Fcomments&post=455099"}],"version-history":[{"count":0,"href":"https:\/\/www.diarioimagen.net\/index.php?rest_route=\/wp\/v2\/posts\/455099\/revisions"}],"wp:featuredmedia":[{"embeddable":true,"href":"https:\/\/www.diarioimagen.net\/index.php?rest_route=\/wp\/v2\/media\/455187"}],"wp:attachment":[{"href":"https:\/\/www.diarioimagen.net\/index.php?rest_route=%2Fwp%2Fv2%2Fmedia&parent=455099"}],"wp:term":[{"taxonomy":"category","embeddable":true,"href":"https:\/\/www.diarioimagen.net\/index.php?rest_route=%2Fwp%2Fv2%2Fcategories&post=455099"},{"taxonomy":"post_tag","embeddable":true,"href":"https:\/\/www.diarioimagen.net\/index.php?rest_route=%2Fwp%2Fv2%2Ftags&post=455099"}],"curies":[{"name":"wp","href":"https:\/\/api.w.org\/{rel}","templated":true}]}}