{"id":455145,"date":"2020-01-08T00:02:23","date_gmt":"2020-01-08T06:02:23","guid":{"rendered":"https:\/\/www.diarioimagen.net\/?p=455145"},"modified":"2020-01-08T01:57:32","modified_gmt":"2020-01-08T07:57:32","slug":"mexico-hermano-mayor-en-america-latina","status":"publish","type":"post","link":"https:\/\/www.diarioimagen.net\/?p=455145","title":{"rendered":"M\u00e9xico, \u00bfhermano mayor en Am\u00e9rica Latina?"},"content":{"rendered":"<h2>La Retaguardia<\/h2>\n<h5>Adriana Moreno Cordero<\/h5>\n<p><em>\u00a0<\/em><\/p>\n<ul>\n<li><strong><em>Con declaraciones de Garc\u00eda Luna, \u00bfembarrada 4T?<\/em><\/strong><\/li>\n<li><strong><em>Tv Azteca, verdadera protagonista<\/em><\/strong><\/li>\n<\/ul>\n<p>&nbsp;<\/p>\n<p>Cargadita tiene su agenda el s\u00faper secretario de Relaciones Exteriores, <strong>Marcelo Ebrard Casaub\u00f3n<\/strong>, sobre todo en la coyuntura de que M\u00e9xico, obtenga un asiento en el Consejo de Seguridad de la ONU, seg\u00fan lo inform\u00f3 el embajador <strong>Juan Ram\u00f3n de la Fuente<\/strong>,\u00a0 y que en la XXXI Reuni\u00f3n de Embajadores y C\u00f3nsules, el presidente <strong>Andr\u00e9s Manuel L\u00f3pez Obrador<\/strong>, se\u00f1alara que nuestro pa\u00eds es visto como \u201cel hermano mayor\u201d en Am\u00e9rica Latina y el Caribe.<\/p>\n<p>\u00bfSer\u00e1?, porque diversos especialistas en materia de pol\u00edtica internacional, no estar\u00edan muy de acuerdo en esta tesis, eso era antes, no ahora, en la llamada cuarta transformaci\u00f3n que ha hecho de este rubro una verdadera verg\u00fcenza; ah\u00ed est\u00e1 el enfrentamiento que tuvo con Bolivia y las consecuencias de primero traer y luego defender \u201ca capa y espada\u201d al expresidente <strong>Evo Morales<\/strong>.<\/p>\n<p>En fin, el mundo vive ahora momentos sumamente dif\u00edciles luego del asesinato, por \u00f3rdenes expresas del presidente de Estados Unidos, <strong>Donald Trump<\/strong>, -algo que no se atrevi\u00f3 a hacer su antecesor <strong>Barack Obama<\/strong>, que siempre guard\u00f3 su distancia-, del general <strong>Qasem Suleimani<\/strong> y que tuvo como una de lo que ser\u00e1n muchas respuestas violentas, el ataque con misiles a una Base A\u00e9rea de Estados Unidos en Irak.<\/p>\n<p>Habr\u00e1 que estar atentos a las consecuencias que traiga este terrible hecho en los afanes de Trump por permanecer en la Casa Blanca un segundo per\u00edodo. No obstante, eso es lo de menos pues incluso se ha llegado a hablar de una Tercera Guerra Mundial que evidentemente, el mundo no aguantar\u00eda.<\/p>\n<p>Pero, hablando del poderoso vecino del norte, habr\u00eda que rescatar lo que dijo el presidente L\u00f3pez Obrador en su gustad\u00edsima y siempre amena conferencia de prensa ma\u00f1anera respecto a que en su equipo, no habr\u00e1 ning\u00fan <strong>Genaro Garc\u00eda Luna<\/strong>.<\/p>\n<p>Temerario se vio sin duda el jefe del Ejecutivo al asegurar lo anterior. Cuesti\u00f3n de recordar que durante la reciente \u00e9poca navide\u00f1a, mucho se especul\u00f3 sobre la actuaci\u00f3n del \u201cnarco\u201d en esta llamada Cuarta Transformaci\u00f3n.<\/p>\n<p>Ahora bien, el exsecretario de Seguridad del r\u00e9gimen calderonista, se aferra al \u00fanico asidero que tiene hasta el momento, que es volverse testigo protegido para obtener una condena lo menos larga posible.<\/p>\n<p>En este orden de ideas, Garc\u00eda Luna, por lo que se ve, est\u00e1 dispuesto a hablar y todo lo que vaya a decir ser\u00e1 de una importancia fundamental para Estados Unidos, mientras aqu\u00ed en nuestro pa\u00eds, las intenciones del presidente es lanzarse con todo sobre quien considera su enemigo favorito: el expresidente Felipe Calder\u00f3n. \u00bfLo lograr\u00e1?, porque hay quienes aseguran que en lo que tenga que decir el exsecretario de Seguridad P\u00fablica, podr\u00edan salir \u201cembarrados\u201d algunos de los integrantes del s\u00faper gabinete de esta llamada cuarta transformaci\u00f3n.<\/p>\n<p>Finalmente, si el canciller Ebrard recibir\u00e1 en los pr\u00f3ximos d\u00edas a funcionarios del gobierno estadunidense, ser\u00e1 para abordar principalmente, el tema Garc\u00eda Luna, no para otra cosa.<\/p>\n<p style=\"text-align: center;\"><strong>MUNICIONES<\/strong><\/p>\n<p>*** Quien se ha convertido en verdadera protagonista en los actuales tiempos de cambio es\u00a0<strong>TV Azteca,<\/strong>\u00a0que cerr\u00f3 el a\u00f1o con importantes logros en audiencia, resultado de su innovaci\u00f3n program\u00e1tica, calidad de contenidos, pero fundamentalmente del trabajo profesional en todas las l\u00edneas del equipo que capitanea\u00a0<strong>Benjam\u00edn Salinas Sada.<\/strong> Se dice f\u00e1cil pero cerrar el a\u00f1o con una penetraci\u00f3n de m\u00e1s de 106 millones de personas y con 31.8 millones de televidentes al d\u00eda (de acuerdo a datos de Nielsen-Ibope M\u00e9xico),\u00a0es sin duda el reconocimiento de la audiencia a una oferta televisiva innovadora que atiende las preferencias y gustos de los televidentes cada vez m\u00e1s exigentes. Informaci\u00f3n, entretenimiento,\u00a0realities, an\u00e1lisis pol\u00edtico y temas de actualidad, son sin duda la apuesta de la televisora del Ajusco que ha logrado posicionar en los primeros lugares \u00e9xitos como Exatl\u00f3n, La Voz, Ventaneando y sus informativos bajo la firma de Hechos, como referentes indiscutibles de la televisi\u00f3n abierta mexicana. No cabe duda que TV Azteca, con paso firme va por m\u00e1s y con los mejores contenidos para posicionarse como la televisi\u00f3n del futuro. Felicidades!<\/p>\n<p>*** Hace unos d\u00edas, el gobernador de Tamaulipas, <strong>Francisco Javier Cabeza de Vaca<\/strong>, conden\u00f3 la\u00a0balacera ocurrida en Nuevo Laredo y asegur\u00f3 que no habr\u00e1 tregua contra los violentos, dej\u00e1ndole con ellos un claro mensaje. Por otro lado y en cuando a los datos del\u00a0\u00a0Sistema Nacional de Seguridad P\u00fablica, al cierre de 2019, la entidad tamaulipeca se ubica en los sitios 18 y 21 en materia de homicidios dolosos e incidencia delictiva. Por segundo a\u00f1o consecutivo, el estado gobernado\u00a0por Cabeza de Vaca,\u00a0se mantiene por debajo de los 10 estados que registran mayor violencia, con lo que se demuestra que la estrategia de seguridad\u00a0\u00a0del\u00a0 gobernador tamaulipeco, tiene avances que se ve\u00edan muy lejanos y que est\u00e1n llegando al\u00a0\u00a0objetivo de lograr la Paz y tranquilidad en el estado.<\/p>\n<p>*** El senador <strong>Napole\u00f3n G\u00f3mez Urrutia<\/strong>, tiene un inicio de a\u00f1o bastante r\u00edspido, derivado de un viaje que realiz\u00f3 el 2 de enero a Vancouver, Canad\u00e1, junto con su esposa, ya que, como es bien sabido,\u00a0 \u00a0present\u00f3 pasaportes canadienses para trasladarse a dicho pa\u00eds. Esto no tendr\u00eda nada de extra\u00f1o, si no fuera porque eso demuestra que el l\u00edder minero mantiene la nacionalidad de esa naci\u00f3n y la Constituci\u00f3n proh\u00edbe que los mexicanos puedan tener otra nacionalidad y al mismo tiempo ocupar un puesto de elecci\u00f3n popular. <strong>Ismael Leija Escalante<\/strong>, l\u00edder del Sindicato Minero Democr\u00e1tico, agrupado en la Uni\u00f3n Nacional de Sindicatos Minero-Metal\u00fargicos y Metal-Mec\u00e1nicos de M\u00e9xico, UNASIM, que agrupa a 100 mil obreros, advierte que existen pruebas para que se inicie un proceso de desafuero en contra de G\u00f3mez Urrutia.\u00a0\u201cNapito\u201d, quien huy\u00f3 a Vancouver en 2006, acusado de desviar 55 millones de d\u00f3lares de un fondo minero y de estar involucrado en negligencias en el accidente de Pasta de Conchos, Coahuila, recibi\u00f3 la nacionalidad canadiense en 2014 y en 2018, cuando regres\u00f3 a M\u00e9xico, anunci\u00f3 que hab\u00eda renunciado a ella. Ahora lo contradice la presentaci\u00f3n de su pasaporte canadiense, de acuerdo a informaci\u00f3n difundida por la agencia The Breaker News. El viaje de G\u00f3mez Urrutia a Vancouver estar\u00eda relacionado con los m\u00faltiples negocios que mantiene el legislador de Morena en el pa\u00eds de la hoja de maple, denuncia Leija Escalante. Veta de Plata, una organizaci\u00f3n independiente de mineros que le ha dado seguimiento a los negocios que presuntamente tiene \u201cNapito\u201d en Canad\u00e1, por ejemplo, se sabe que es uno de los principales accionistas de la afamada cadena restaurantera Nuba Group Inc., con sede en Vancouver, en donde \u201cNapito\u201d vivi\u00f3 12 a\u00f1os. \u00a1Qu\u00e9 tal!<\/p>\n<p><a href=\"mailto:morcora@gmail.com\" target=\"_blank\" rel=\"noopener noreferrer\"><em>morcora@gmail.com<\/em><\/a><\/p>\n","protected":false},"excerpt":{"rendered":"<p><span style=\"color: #005497;\"><strong>Adriana Moreno Cordero<\/strong><\/span><\/p>\n","protected":false},"author":3,"featured_media":0,"comment_status":"open","ping_status":"open","sticky":false,"template":"","format":"standard","meta":{"_monsterinsights_skip_tracking":false,"_monsterinsights_sitenote_active":false,"_monsterinsights_sitenote_note":"","_monsterinsights_sitenote_category":0,"footnotes":""},"categories":[69370],"tags":[69369,69368,43674],"class_list":["post-455145","post","type-post","status-publish","format-standard","hentry","category-adriana-moreno-cordero","tag-adriana-moreno-cordero","tag-la-retaguardia","tag-opinion"],"_links":{"self":[{"href":"https:\/\/www.diarioimagen.net\/index.php?rest_route=\/wp\/v2\/posts\/455145","targetHints":{"allow":["GET"]}}],"collection":[{"href":"https:\/\/www.diarioimagen.net\/index.php?rest_route=\/wp\/v2\/posts"}],"about":[{"href":"https:\/\/www.diarioimagen.net\/index.php?rest_route=\/wp\/v2\/types\/post"}],"author":[{"embeddable":true,"href":"https:\/\/www.diarioimagen.net\/index.php?rest_route=\/wp\/v2\/users\/3"}],"replies":[{"embeddable":true,"href":"https:\/\/www.diarioimagen.net\/index.php?rest_route=%2Fwp%2Fv2%2Fcomments&post=455145"}],"version-history":[{"count":0,"href":"https:\/\/www.diarioimagen.net\/index.php?rest_route=\/wp\/v2\/posts\/455145\/revisions"}],"wp:attachment":[{"href":"https:\/\/www.diarioimagen.net\/index.php?rest_route=%2Fwp%2Fv2%2Fmedia&parent=455145"}],"wp:term":[{"taxonomy":"category","embeddable":true,"href":"https:\/\/www.diarioimagen.net\/index.php?rest_route=%2Fwp%2Fv2%2Fcategories&post=455145"},{"taxonomy":"post_tag","embeddable":true,"href":"https:\/\/www.diarioimagen.net\/index.php?rest_route=%2Fwp%2Fv2%2Ftags&post=455145"}],"curies":[{"name":"wp","href":"https:\/\/api.w.org\/{rel}","templated":true}]}}