{"id":455147,"date":"2020-01-08T00:01:45","date_gmt":"2020-01-08T06:01:45","guid":{"rendered":"https:\/\/www.diarioimagen.net\/?p=455147"},"modified":"2020-01-08T01:59:27","modified_gmt":"2020-01-08T07:59:27","slug":"la-cuesta-de-enero-2","status":"publish","type":"post","link":"https:\/\/www.diarioimagen.net\/?p=455147","title":{"rendered":"La cuesta de enero"},"content":{"rendered":"<h2>De pe a pa<\/h2>\n<h5>Alberto Vieyra G.<\/h5>\n<p>&nbsp;<\/p>\n<p>\u00bfQu\u00e9 tal le fue de fiesta del Guadalupe-Reyes? \u00bfC\u00f3mo le pinta la cuesta de enero, febrero, marzo y tal y tal? \u00bfSer\u00e1 un a\u00f1o color de hormiga o de \u2018s\u00e1lvese quien pueda\u2019 por la cascada de impuestos y de incrementos en la canasta b\u00e1sica y en pr\u00e1cticamente todo?<\/p>\n<p>Tramposamente el disque r\u00e9gimen de la \u201cCuarta Transformaci\u00f3n\u201d enga\u00f1a a los mexicanos con el cuento de que no habr\u00eda nuevos ni mas impuestos. Y claro que los hay. Ejemplos, tome nota: \u00bfya vio cu\u00e1nto cuestan los clavos de ata\u00fad, el \u201cchinguerito\u201d, las chelas, los refrescos y las gasolinas? S\u00ed, en las gasolinas pagamos 3 impuestos y esta semana se elevaron en casi 50 centavos esos impuestos, esos silenciosos impuestos con los que el gobierno de AMLO buscar\u00e1 bolsear a los mexicanos con m\u00e1s de 125 mil millones de pesos, igual que el a\u00f1o pasado.<\/p>\n<p>Claro que tambi\u00e9n subi\u00f3 el impuesto predial y el agua, s\u00f3lo que como AMLO enga\u00f1a con una maldita austeridad republicana, equiparable a la de Benito Ju\u00e1rez y que no es tal, en el presupuesto de 2020 les \u201cpichicateo\u201d carretadas de millones a los gobiernos de los estados, a los que les deje las manos sueltas para que cobren nuevos impuestos como es el caso de las tenencias, cambio de tarjetas de circulaci\u00f3n y muchos impuestos m\u00e1s. Con esa medida, L\u00f3pez Obrador hace que perversamente los villanos de la pel\u00edcula resulten ser los voraces gobernadores y presidentes municipales, que son los que en primera instancia recibir\u00e1n las mentadas y las facturas electorales, en el caso de aquellos Estados en los que este a\u00f1o habr\u00e1 elecciones para renovar gubernaturas, alcald\u00edas y congresos locales. El castigo ser\u00e1 electoral esos gobiernos y sus lacras sociales llamadas partidos pol\u00edticos.<\/p>\n<p>Como usted puede ver AMLO aparece como el bueno de la pel\u00edcula y por ello, su popularidad todav\u00eda est\u00e1 arriba del 55 por ciento y es que la gente sabe que, a pesar de todos los pesares, AMLO es mejor, aunque sea \u201cpior\u201d que sus antecesores.<\/p>\n<p>Hay descontento social en M\u00e9xico por tanta carest\u00eda de la vida, incluyendo el pasaje. En el Estado de M\u00e9xico, por ejemplo, se increment\u00f3 en hasta un 25 por ciento las tarifas y \u201cardi\u00f3 Troya\u201d. Miles de usuarios amenazaron con empezar a quemar \u201cchimecos\u201d, unos destartalados camiones, convertidos en trampas de la muerte donde no solamente asaltan a cualquier hora del d\u00eda o de la noche, sino que las condiciones en las que est\u00e1n esos autobuses son deplorables, am\u00e9n del maltrato que recibe la gente por parte de operadores que jam\u00e1s han sido capacitados para transportar personas, sino animales.<\/p>\n<p>El descontento popular hizo que el gobierno rosa mexiquense de Alfredo del Mazo parara moment\u00e1neamente el incremento tarifario, dando al pulpo camionero un plazo de un mes para bajar el costo del pasaje. Tanto en el Edomex como en gran parte del pa\u00eds, donde la mayor\u00eda de los concesionarios que conforman esa mafia camionera son militantes del PRI o el PAN y usan todo su poder ante los gobiernos para conseguir los aumentos como les venga en gana.<\/p>\n<p>Habr\u00e1 que recordarles a gobernadores y alcaldes que, en Chile, Fuente Ovejuna amenaz\u00f3 con deponer al gobierno s\u00f3lo por el aumento del precio en el trasporte y como dicen los rancheros all\u00e1 en mi tierra \u201ccuando veas las barbas de tu vecino cortar, pon la tuyas a remojar\u201d.<\/p>\n<p>A fines del a\u00f1o pasado, el salario m\u00ednimo aumento en un 20 por ciento quedando pulverizado con toda la cascada de aumentos de precios que impactaran como pu\u00f1aladas en los bolsillos de la gente durante la cuesta de enero y de todo el a\u00f1o.<\/p>\n<p>Hay que recordarles a esos insensibles gobernantes que no tiene ni pizca de ciencia pol\u00edtica y sensibilidad humana que sean prudentes porque el pasto est\u00e1 seco y podr\u00eda provocar una quemaz\u00f3n y desatar al M\u00e9xico bronco.<\/p>\n<p><em><a href=\"mailto:info@agenciamn.com\" target=\"_blank\" rel=\"noopener noreferrer\">info@agenciamn.com<\/a><\/em><\/p>\n","protected":false},"excerpt":{"rendered":"<p><span style=\"color: #005497;\"><strong>Alberto Vieyra G.<\/strong><\/span><\/p>\n","protected":false},"author":3,"featured_media":0,"comment_status":"open","ping_status":"open","sticky":false,"template":"","format":"standard","meta":{"_monsterinsights_skip_tracking":false,"_monsterinsights_sitenote_active":false,"_monsterinsights_sitenote_note":"","_monsterinsights_sitenote_category":0,"footnotes":""},"categories":[4596],"tags":[43697,4597,43674],"class_list":["post-455147","post","type-post","status-publish","format-standard","hentry","category-alberto-vieyra-g","tag-alberto-vieyra-g","tag-de-pe-a-pa","tag-opinion"],"_links":{"self":[{"href":"https:\/\/www.diarioimagen.net\/index.php?rest_route=\/wp\/v2\/posts\/455147","targetHints":{"allow":["GET"]}}],"collection":[{"href":"https:\/\/www.diarioimagen.net\/index.php?rest_route=\/wp\/v2\/posts"}],"about":[{"href":"https:\/\/www.diarioimagen.net\/index.php?rest_route=\/wp\/v2\/types\/post"}],"author":[{"embeddable":true,"href":"https:\/\/www.diarioimagen.net\/index.php?rest_route=\/wp\/v2\/users\/3"}],"replies":[{"embeddable":true,"href":"https:\/\/www.diarioimagen.net\/index.php?rest_route=%2Fwp%2Fv2%2Fcomments&post=455147"}],"version-history":[{"count":0,"href":"https:\/\/www.diarioimagen.net\/index.php?rest_route=\/wp\/v2\/posts\/455147\/revisions"}],"wp:attachment":[{"href":"https:\/\/www.diarioimagen.net\/index.php?rest_route=%2Fwp%2Fv2%2Fmedia&parent=455147"}],"wp:term":[{"taxonomy":"category","embeddable":true,"href":"https:\/\/www.diarioimagen.net\/index.php?rest_route=%2Fwp%2Fv2%2Fcategories&post=455147"},{"taxonomy":"post_tag","embeddable":true,"href":"https:\/\/www.diarioimagen.net\/index.php?rest_route=%2Fwp%2Fv2%2Ftags&post=455147"}],"curies":[{"name":"wp","href":"https:\/\/api.w.org\/{rel}","templated":true}]}}