{"id":455150,"date":"2020-01-08T00:03:40","date_gmt":"2020-01-08T06:03:40","guid":{"rendered":"https:\/\/www.diarioimagen.net\/?p=455150"},"modified":"2020-01-08T02:03:01","modified_gmt":"2020-01-08T08:03:01","slug":"y-pena-nieto-cuando","status":"publish","type":"post","link":"https:\/\/www.diarioimagen.net\/?p=455150","title":{"rendered":"\u00bfY Pe\u00f1a Nieto, cu\u00e1ndo?"},"content":{"rendered":"<h2>Perfiles de M\u00e9xico<\/h2>\n<h5>Armando R\u00edos Ruiz<\/h5>\n<p>&nbsp;<\/p>\n<p>Abogados que han tenido que ver con la defensa de involucrados en diferentes casos de corrupci\u00f3n ejecutados durante el sexenio pasado han coincidido en la necesidad de hacer participar en los diferentes juicios al ex presidente, Enrique Pe\u00f1a Nieto, por considerar que es qui\u00e9n m\u00e1s sabe de los mismos.<\/p>\n<p>Hay muchos indicios de que es qui\u00e9n los consinti\u00f3, porque su gobierno parece haber funcionado, m\u00e1s que nada, para organizar actos de sus colaboradores que dejaran una derrama muy grande de dinero, que alcanzara para muchos. Desde luego, dejando la tajada m\u00e1s grande para los de arriba. Mientras m\u00e1s responsabilidad, mayor ganancia.<\/p>\n<p>Aunque para muchos, su mente no daba para idear arreglos complicados para la obtenci\u00f3n de cantidades may\u00fasculas, como la llamada \u201cestafa maestra\u201d. Elucubran que para eso se necesitaba una mente pensante como perversa, capaz de idear triangulaciones que ocultaran lo mejor posible, el mecanismo para allegarse de dineros obtenidos de manera malsana.<\/p>\n<p>Su mente daba s\u00f3lo para aceptar, para consentir esos servicios tan altamente redituables. El verdadero art\u00edfice, para muchos, era Luis Videgaray, su secretario de Hacienda al principio de la gesti\u00f3n.<\/p>\n<p>Ahora, la gente se pregunta: \u00bfhasta cu\u00e1ndo se decidir\u00e1 el actual gobierno a llamarlo a cuentas?<\/p>\n<p>El a\u00f1o pasado, Javier Coello Trejo, abogado de Emilio Lozoya Aust\u00edn, se cans\u00f3 de reclamar la presencia del mandatario, para que diera luz, mucha luz, sobre en el caso Odebretch. Las autoridades hicieron caso omiso a la petici\u00f3n, que deben haber considerado descabellada o atrevida.<\/p>\n<p>Hace unos d\u00edas, el abogado de Rosario Robles, Julio Hern\u00e1ndez Barros, manifest\u00f3 que ser\u00e1 la declaraci\u00f3n del ex presidente la que arroje tambi\u00e9n luz sobre la omisi\u00f3n de la se\u00f1ora, en comunicarle los \u201cpresuntos desv\u00edos de recursos en dos dependencias durante su gesti\u00f3n.<\/p>\n<p>Pero no existe voluntad de nadie en este sexenio, para molestarlo mientras gasta lo que quiere, en restaurantes lujosos y en otras diversiones, siempre bien acompa\u00f1ado, en otras latitudes del planeta o en Espa\u00f1a, en donde tiene una lujosa residencia en un club de golf para personas muy adineradas.<\/p>\n<p>Es intocable cuando tiene mucho qu\u00e9 contar, qu\u00e9 aclarar o qu\u00e9 declarar. Esta situaci\u00f3n ha agigantado la sospecha de que, efectivamente, existe un acuerdo de intocabilidad que lo inmuniza contra los actos de justicia.<\/p>\n<p>\u00bfDe qu\u00e9 sirve que todos los d\u00edas se cite el pasado como fuente de todo lo malo que prevalece ahora, porque fue heredado? \u00bfQu\u00e9 caso tiene decir todos los d\u00edas que el diablo, apoderado de la caja de Pandora gobern\u00f3 tan mal, que a\u00fan se padecen sus ruindades?<\/p>\n<p>\u00bfPor qu\u00e9 no mejor actuar y poner en donde deben estar, a esos personajes tan ruines, en lugar de s\u00f3lo hablar mal de ellos? Un gobierno representa la justicia, el remedio de los males que hayan persistido. Un gobierno contiene autoridades cuya tarea es castigar a quienes se dedicaron s\u00f3lo a hacer da\u00f1o muy grande a los pa\u00edses que gobernaron.<\/p>\n<p>Los gobernantes no pueden soslayar esas situaciones. Tienen obligaci\u00f3n de actuar. As\u00ed como se ha actuado ya en contra de dos personajes, que m\u00e1s bien parecen chivos expiatorios u objetos de venganza, tienen el deber de llamar a cuentas a quienes orquestaron los grandes males.<\/p>\n<p>El ex presidente debe comparecer ante la autoridad, no s\u00f3lo a atestiguar sobre los casos en entredicho, sino sobre su propia conducta en tantas y tantas situaciones que dej\u00f3 con un olor muy fuerte de su participaci\u00f3n. Junto con \u00e9l, otros que tambi\u00e9n despiden el mismo tufo.<\/p>\n<p><a href=\"mailto:ariosruiz@gmail.com\" target=\"_blank\" rel=\"noopener noreferrer\"><em>ariosruiz@gmail.com<\/em><\/a><\/p>\n","protected":false},"excerpt":{"rendered":"<p><span style=\"color: #005497;\"><strong>Armando R\u00edos Ruiz<\/strong><\/span><\/p>\n","protected":false},"author":3,"featured_media":0,"comment_status":"open","ping_status":"open","sticky":false,"template":"","format":"standard","meta":{"_monsterinsights_skip_tracking":false,"_monsterinsights_sitenote_active":false,"_monsterinsights_sitenote_note":"","_monsterinsights_sitenote_category":0,"footnotes":""},"categories":[88405],"tags":[88407,43674,88406],"class_list":["post-455150","post","type-post","status-publish","format-standard","hentry","category-armando-rios-ruiz","tag-armando-rios-ruiz","tag-opinion","tag-perfiles-de-mexico"],"_links":{"self":[{"href":"https:\/\/www.diarioimagen.net\/index.php?rest_route=\/wp\/v2\/posts\/455150","targetHints":{"allow":["GET"]}}],"collection":[{"href":"https:\/\/www.diarioimagen.net\/index.php?rest_route=\/wp\/v2\/posts"}],"about":[{"href":"https:\/\/www.diarioimagen.net\/index.php?rest_route=\/wp\/v2\/types\/post"}],"author":[{"embeddable":true,"href":"https:\/\/www.diarioimagen.net\/index.php?rest_route=\/wp\/v2\/users\/3"}],"replies":[{"embeddable":true,"href":"https:\/\/www.diarioimagen.net\/index.php?rest_route=%2Fwp%2Fv2%2Fcomments&post=455150"}],"version-history":[{"count":0,"href":"https:\/\/www.diarioimagen.net\/index.php?rest_route=\/wp\/v2\/posts\/455150\/revisions"}],"wp:attachment":[{"href":"https:\/\/www.diarioimagen.net\/index.php?rest_route=%2Fwp%2Fv2%2Fmedia&parent=455150"}],"wp:term":[{"taxonomy":"category","embeddable":true,"href":"https:\/\/www.diarioimagen.net\/index.php?rest_route=%2Fwp%2Fv2%2Fcategories&post=455150"},{"taxonomy":"post_tag","embeddable":true,"href":"https:\/\/www.diarioimagen.net\/index.php?rest_route=%2Fwp%2Fv2%2Ftags&post=455150"}],"curies":[{"name":"wp","href":"https:\/\/api.w.org\/{rel}","templated":true}]}}