{"id":455152,"date":"2020-01-08T00:04:14","date_gmt":"2020-01-08T06:04:14","guid":{"rendered":"https:\/\/www.diarioimagen.net\/?p=455152"},"modified":"2020-01-08T02:04:26","modified_gmt":"2020-01-08T08:04:26","slug":"genaro-garcia-luna-busca-evitar-juicio","status":"publish","type":"post","link":"https:\/\/www.diarioimagen.net\/?p=455152","title":{"rendered":"Genaro Garc\u00eda Luna busca evitar juicio"},"content":{"rendered":"<h2>Punto por punto<\/h2>\n<h5>Augusto Corro<\/h5>\n<p>&nbsp;<\/p>\n<p>El exsecretario de Seguridad P\u00fablica, Genaro Garc\u00eda Luna negocia con autoridades de Estados Unidos para evitar ser enjuiciado.<\/p>\n<p>El exfuncionario se encuentra preso en una c\u00e1rcel de EU acusado por delitos relacionados con el narcotr\u00e1fico y falsedad de declaraciones a autoridades migratorias.<\/p>\n<p>La manera de aplicar la justicia en el vecino pa\u00eds permite al inculpado negociar su situaci\u00f3n para salir lo menos afectado en el juicio.<\/p>\n<p>Las negociaciones que beneficiar\u00edan a Garc\u00eda Luna se iniciaron el pasado 3 de enero, fecha en que se declar\u00f3 \u201cno culpable\u201d de los cargos que le imputan.<\/p>\n<p>De ser declarado culpable, Garc\u00eda Luna enfrentar\u00eda una sentencia m\u00ednima de 10 a\u00f1os y m\u00e1xima de cadena perpetua.<\/p>\n<p>El exfuncionario Garc\u00eda Luna tuvo una amplia participaci\u00f3n en la lucha contra la delincuencia organizada desde el sexenio del expresidente Vicente Fox.<\/p>\n<p>Durante la administraci\u00f3n de Felipe Calder\u00f3n Hinojosa fue el \u201ccerebro\u201d en la lucha contra los c\u00e1rteles de la droga. Seg\u00fan se dijo, era el \u201chombre de confianza\u201d del michoacano.<\/p>\n<p>Y\u00a0 precisamente las autoridades estadounidenses acusan a Garc\u00eda Luna de recibir sobornos millonarios\u00a0 por parte del C\u00e1rtel de Sinaloa para proteger sus actividades criminales.<\/p>\n<p>De obtener beneficios en las negociaciones para no ser enjuiciado, de todas maneras, el exsecretario de Seguridad P\u00fablica tendr\u00e1 que pagar de alguna forma sus delitos.<\/p>\n<p>Seguramente se conocer\u00e1n en qu\u00e9 t\u00e9rminos se efect\u00faan las negociaciones para evitar el juicio.<\/p>\n<p>Ante esa situaci\u00f3n surge la pregunta sobre lo que ocurrir\u00e1 con los c\u00f3mplices de Garc\u00eda Luna en sus actividades delincuenciales.<\/p>\n<p>\u00bfEl expresidente Calder\u00f3n no sab\u00eda nada de la conducta ilegal de su subordinado encargado de combatir a la delincuencia organizada?<\/p>\n<p>\u00bfSer\u00e1n enjuiciados los colaboradores de Garc\u00eda Luna, presuntamente implicados en la protecci\u00f3n a los narcos? Son varias las personas cercanas al exfuncionario que son investigadas en M\u00e9xico.<\/p>\n<p>Como se ve, el asunto de Garc\u00eda Luna apenas empieza a escribirse y no dude usted, amable lector, que se conocer\u00e1 quien o quienes ayudaron al exfuncionario, ahora detenido, a cometer sus delitos.<\/p>\n<p>Estaremos pendientes, pues, de lo que \u201ccantar\u00e1\u201d (confesar\u00e1) el colaborador \u201cconsentido\u201d de Calder\u00f3n en las negociaciones con las autoridades estadounidenses, para no ser enjuiciado.<\/p>\n<p>Garc\u00eda Luna fue detenido en Grapevine, Texas, el 10 de diciembre.<\/p>\n<p><strong>Cifras de horror<\/strong><\/p>\n<p>Es espeluznante el n\u00famero de personas desaparecidas en M\u00e9xico.<\/p>\n<p>Las cifras del horror nos indican lo siguiente:<\/p>\n<p>\u201cEn el pa\u00eds hay 61 mil 637 personas desaparecidas, 97 por ciento son de 2006 a la fecha y el resto entre ese a\u00f1o y 1964\u201d.<\/p>\n<p>De las 147 personas que fueron denunciadas como no localizadas (a partir de 1964), cinco mil 103 fueron halladas muertas y 80 mil 293 vivas.<\/p>\n<p>Con esta informaci\u00f3n es suficiente para conocer el grado de descomposici\u00f3n social en que se encuentra M\u00e9xico.<\/p>\n<p>Si a los n\u00fameros de desaparecidos se suma la cuenta de los secuestros y asesinatos, nos lleva a pensar que vivimos en una escalada de violencia incontenible.<\/p>\n<p>Y por eso mismo, no quitamos el dedo del rengl\u00f3n sobre esta materia y siempre planteamos la necesidad de que las autoridades de los tres niveles: municipal, estatal y federal se empe\u00f1en m\u00e1s en la lucha contra la delincuencia organizada o no.<\/p>\n<p>El caso de las personas desaparecidas multiplica el dolor de los familiares de las v\u00edctimas. Primero tienen que enfrentar la ausencia inesperada de su pariente, padre, madre, hijos, etc., y luego emprender el v\u00eda crucis de la b\u00fasqueda.<\/p>\n<p>En esas condiciones tiene acudir a solicitar ayuda a las autoridades para localizar a las personas desaparecidas; pero la respuesta de los representantes de la ley es de indiferencia.<\/p>\n<p>Los familiares de las v\u00edctimas tienen que participar en la localizaci\u00f3n de fosas clandestinas y despu\u00e9s en la identificaci\u00f3n de los restos humanos. Tareas ingratas que tienen que realizar quienes buscan a sus parientes.<\/p>\n<p>Las autoridades mexicanas deben dedicarse con el mayor de sus esfuerzos a terminar con la desaparici\u00f3n de personas que tanto da\u00f1o y dolor siembran en la sociedad urgida de paz y seguridad.<\/p>\n<p><span class=\"Apple-converted-space\"><em><u><a href=\"mailto:aco2742@hotmail.com\" target=\"_blank\" rel=\"noopener noreferrer\">aco2742@hotmail.com<\/a><\/u><\/em><\/span><\/p>\n","protected":false},"excerpt":{"rendered":"<p><span style=\"color: #005497;\"><strong>Augusto Corro<\/strong><\/span><\/p>\n","protected":false},"author":3,"featured_media":0,"comment_status":"open","ping_status":"open","sticky":false,"template":"","format":"standard","meta":{"_monsterinsights_skip_tracking":false,"_monsterinsights_sitenote_active":false,"_monsterinsights_sitenote_note":"","_monsterinsights_sitenote_category":0,"footnotes":""},"categories":[157],"tags":[43686,43674,11515],"class_list":["post-455152","post","type-post","status-publish","format-standard","hentry","category-augusto-corro","tag-augusto-corro","tag-opinion","tag-punto-por-punto"],"_links":{"self":[{"href":"https:\/\/www.diarioimagen.net\/index.php?rest_route=\/wp\/v2\/posts\/455152","targetHints":{"allow":["GET"]}}],"collection":[{"href":"https:\/\/www.diarioimagen.net\/index.php?rest_route=\/wp\/v2\/posts"}],"about":[{"href":"https:\/\/www.diarioimagen.net\/index.php?rest_route=\/wp\/v2\/types\/post"}],"author":[{"embeddable":true,"href":"https:\/\/www.diarioimagen.net\/index.php?rest_route=\/wp\/v2\/users\/3"}],"replies":[{"embeddable":true,"href":"https:\/\/www.diarioimagen.net\/index.php?rest_route=%2Fwp%2Fv2%2Fcomments&post=455152"}],"version-history":[{"count":0,"href":"https:\/\/www.diarioimagen.net\/index.php?rest_route=\/wp\/v2\/posts\/455152\/revisions"}],"wp:attachment":[{"href":"https:\/\/www.diarioimagen.net\/index.php?rest_route=%2Fwp%2Fv2%2Fmedia&parent=455152"}],"wp:term":[{"taxonomy":"category","embeddable":true,"href":"https:\/\/www.diarioimagen.net\/index.php?rest_route=%2Fwp%2Fv2%2Fcategories&post=455152"},{"taxonomy":"post_tag","embeddable":true,"href":"https:\/\/www.diarioimagen.net\/index.php?rest_route=%2Fwp%2Fv2%2Ftags&post=455152"}],"curies":[{"name":"wp","href":"https:\/\/api.w.org\/{rel}","templated":true}]}}