{"id":455154,"date":"2020-01-08T00:03:36","date_gmt":"2020-01-08T06:03:36","guid":{"rendered":"https:\/\/www.diarioimagen.net\/?p=455154"},"modified":"2020-01-08T02:05:48","modified_gmt":"2020-01-08T08:05:48","slug":"reclamos-a-amlo-ni-con-pena","status":"publish","type":"post","link":"https:\/\/www.diarioimagen.net\/?p=455154","title":{"rendered":"Reclamos a AMLO, ni con Pe\u00f1a"},"content":{"rendered":"<h2>Espacio Electoral<\/h2>\n<h5>Eleazar Flores<\/h5>\n<p>&nbsp;<\/p>\n<p><strong>BOT\u00d3N DE MUESTRA<\/strong>-. Para los observadores serios del pa\u00eds, -ajenos a filias y fobias de algunos columnistas militantes que atacan a colegas cr\u00edticos-, \u00bfno que perro no come carne de perro?, las protestas anti AMLO en Anenecuilco tiene m\u00e1s fondo que el odio contra el autor de la pintura del Zapata modosito.<\/p>\n<p>Se trata de la seguridad personal del Presidente de la Rep\u00fablica y tener a un hombre armado en contingentes congregados antes del mitin a modo, encierra m\u00e1s peligro del que usted pueda imaginar, por lo que los responsables de la log\u00edstica presidencial que normalmente deben actuar antes de una concentraci\u00f3n formal, tendr\u00e1n que aplicarse por bien suyo y del pa\u00eds.<\/p>\n<p><strong>NI A PE\u00d1A<\/strong>.- Que se recuerde, ni al ex presidente Pe\u00f1a\u00a0 se le evidenciaron m\u00edtines de inconformidad, -y mire que el tiempo demuestra que razones las hubo y de sobra-, por lo que los hechos\u00a0 del lunes en Aneneculico, Morelos, deben tomarse como foco de alerta para redoblar los ejercicios de log\u00edstica, principalmente en las \u00e1reas de inteligencia y seguridad.<\/p>\n<p>Y no vayan a\u00a0 salir los de la Cuarta Transformaci\u00f3n que ya desapareci\u00f3 el Estado Mayor Presidencial que ven\u00eda cuidando celosamente al mandatario en turno. Esos elementos siguen existiendo y funcionando en forma disfrazada, haciendo las mismas labores que cuando andaban uniformados con los antecesores a AMLO, hasta Enrique Pe\u00f1a Nieto.<\/p>\n<p>Solo es cuesti\u00f3n de observar un poco. El corte de pelo en casquete corto es la primera evidencia del quehacer del Estado Mayor Presidencial, hoy con indumentaria civil, con traje en ceremonias solemnes y con ropa casual cuando salen al interior de la rep\u00fablica. Llegan al lugar de la pr\u00f3xima gira d\u00edas antes y punto. Adem\u00e1s, su labor debe ser discreta y profesional.<\/p>\n<p>Las inconformidades del lunes por parte de los morelenses,\u00a0 en especial de los habitantes de Anenecuilco, y de entre \u00e9stos a los descendientes sangu\u00edneos del caudillo del sur, Emiliano Zapata, fueron por el cuadro del h\u00e9roe zapatista afeminado en primer lugar, pero hubo m\u00e1s, la inconformidad por la impunidad contra los delincuentes que liquidaron a su l\u00edder campesino.<\/p>\n<p>A\u00fan hay m\u00e1s, la tardanza con la que se distribuyen los apoyos en efectivo y en especie, -fertilizantes y semillas-, ignorando la burocracia de la Cuarta Transformaci\u00f3n que \u201cel campo no espera\u201d, pues atrasan las siembras por falta de recursos e insumos. Simplemente se pierde el a\u00f1o agr\u00edcola en su totalidad, asunto de la mayor importancia para el campesinado.<\/p>\n<p>No obstante esas protestas de los zapatistas con dichos como \u201cL\u00f3pez Obrador, eres un hablador\u201d o bien \u201cadentro est\u00e1n los fif\u00eds, haznos caso\u201d, el mandatario presumi\u00f3 que \u201csi Zapata viviera con nosotros estuviera\u201d.<\/p>\n<p><a href=\"mailto:elefa44@gmail.com\" target=\"_blank\" rel=\"noopener noreferrer\"><em>elefa44@gmail.com<\/em><\/a><\/p>\n","protected":false},"excerpt":{"rendered":"<p><span style=\"color: #005497;\"><strong>Eleazar Flores<\/strong><\/span><\/p>\n","protected":false},"author":3,"featured_media":0,"comment_status":"open","ping_status":"open","sticky":false,"template":"","format":"standard","meta":{"_monsterinsights_skip_tracking":false,"_monsterinsights_sitenote_active":false,"_monsterinsights_sitenote_note":"","_monsterinsights_sitenote_category":0,"footnotes":""},"categories":[81743],"tags":[81744,81776,43674],"class_list":["post-455154","post","type-post","status-publish","format-standard","hentry","category-eleazar-flores","tag-eleazar-flores","tag-espacio-electoral","tag-opinion"],"_links":{"self":[{"href":"https:\/\/www.diarioimagen.net\/index.php?rest_route=\/wp\/v2\/posts\/455154","targetHints":{"allow":["GET"]}}],"collection":[{"href":"https:\/\/www.diarioimagen.net\/index.php?rest_route=\/wp\/v2\/posts"}],"about":[{"href":"https:\/\/www.diarioimagen.net\/index.php?rest_route=\/wp\/v2\/types\/post"}],"author":[{"embeddable":true,"href":"https:\/\/www.diarioimagen.net\/index.php?rest_route=\/wp\/v2\/users\/3"}],"replies":[{"embeddable":true,"href":"https:\/\/www.diarioimagen.net\/index.php?rest_route=%2Fwp%2Fv2%2Fcomments&post=455154"}],"version-history":[{"count":0,"href":"https:\/\/www.diarioimagen.net\/index.php?rest_route=\/wp\/v2\/posts\/455154\/revisions"}],"wp:attachment":[{"href":"https:\/\/www.diarioimagen.net\/index.php?rest_route=%2Fwp%2Fv2%2Fmedia&parent=455154"}],"wp:term":[{"taxonomy":"category","embeddable":true,"href":"https:\/\/www.diarioimagen.net\/index.php?rest_route=%2Fwp%2Fv2%2Fcategories&post=455154"},{"taxonomy":"post_tag","embeddable":true,"href":"https:\/\/www.diarioimagen.net\/index.php?rest_route=%2Fwp%2Fv2%2Ftags&post=455154"}],"curies":[{"name":"wp","href":"https:\/\/api.w.org\/{rel}","templated":true}]}}