{"id":455250,"date":"2020-01-09T00:02:53","date_gmt":"2020-01-09T06:02:53","guid":{"rendered":"https:\/\/www.diarioimagen.net\/?p=455250"},"modified":"2020-01-09T01:20:24","modified_gmt":"2020-01-09T07:20:24","slug":"la-uaem-inicio-el-pago-de-su-deuda-con-el-issemym","status":"publish","type":"post","link":"https:\/\/www.diarioimagen.net\/?p=455250","title":{"rendered":"La UAEM inici\u00f3 el pago de su deuda con el ISSEMyM"},"content":{"rendered":"<ul>\n<li><em><strong>Pago inicial de mil 679 millones de pesos<\/strong><\/em><\/li>\n<li><em><strong>Resto del adeudo se realizar\u00e1 a trav\u00e9s del pago de 84 mensualidades de 8.7 mdp<\/strong><\/em><\/li>\n<\/ul>\n<p>&nbsp;<\/p>\n<div id=\"attachment_455251\" style=\"width: 470px\" class=\"wp-caption aligncenter\"><a href=\"https:\/\/www.diarioimagen.net\/?attachment_id=455251\" rel=\"attachment wp-att-455251\"><img loading=\"lazy\" decoding=\"async\" aria-describedby=\"caption-attachment-455251\" class=\"size-large wp-image-455251\" src=\"https:\/\/www.diarioimagen.net\/wp-content\/uploads\/2020\/01\/UAEM9-460x259.jpg\" alt=\"\" width=\"460\" height=\"259\" srcset=\"https:\/\/www.diarioimagen.net\/wp-content\/uploads\/2020\/01\/UAEM9-460x259.jpg 460w, https:\/\/www.diarioimagen.net\/wp-content\/uploads\/2020\/01\/UAEM9-240x135.jpg 240w, https:\/\/www.diarioimagen.net\/wp-content\/uploads\/2020\/01\/UAEM9-235x132.jpg 235w, https:\/\/www.diarioimagen.net\/wp-content\/uploads\/2020\/01\/UAEM9-202x114.jpg 202w, https:\/\/www.diarioimagen.net\/wp-content\/uploads\/2020\/01\/UAEM9-350x196.jpg 350w, https:\/\/www.diarioimagen.net\/wp-content\/uploads\/2020\/01\/UAEM9-220x123.jpg 220w, https:\/\/www.diarioimagen.net\/wp-content\/uploads\/2020\/01\/UAEM9-237x132.jpg 237w, https:\/\/www.diarioimagen.net\/wp-content\/uploads\/2020\/01\/UAEM9.jpg 480w\" sizes=\"auto, (max-width: 460px) 100vw, 460px\" \/><\/a><p id=\"caption-attachment-455251\" class=\"wp-caption-text\">El rector Alfredo Barrera Bacay la directora general de Instituto, Bertha Alicia Casado Medina, firmaron un convenio que permitir\u00e1 a la Aut\u00f3noma mexiquense pagar la deuda acumulada de julio de 2016 a diciembre de 2019.<\/p><\/div>\n<p>&nbsp;<\/p>\n<p><strong>Toluca, Estado de M\u00e9xico.\u2013<\/strong> La Universidad Aut\u00f3noma del Estado de M\u00e9xico pagar\u00e1 la deuda acumulada de julio de 2016 a diciembre de 2019 con el Instituto de Seguridad Social del Estado de M\u00e9xico y Municipios (ISSEMyM), resultado del convenio signado entre el rector Alfredo Barrera Baca y la directora general de Instituto, Bertha Alicia Casado Medina.<\/p>\n<p>En la sede administrativa del Instituto, el rector reconoci\u00f3 a las autoridades de la dependencia su empat\u00eda y solidaridad con los universitarios, lo que finalmente condujo al establecimiento de este acuerdo; asimismo, agradeci\u00f3 a la Legislatura local el apoyo brindado para iniciar con el pago de esta deuda.<\/p>\n<p>Alfredo Barrera y Bertha Alicia Casado coincidieron en que la firma de este acuerdo es resultado del trabajo conjunto entre ambas instancias y el apoyo incondicional de diversas dependencias del Gobierno del Estado de M\u00e9xico y la Legislatura local.<\/p>\n<p>Derivado de las modificaciones que la 60 Legislatura mexiquense realiz\u00f3 al C\u00f3digo Financiero del Estado de M\u00e9xico, la aut\u00f3noma mexiquense sign\u00f3 el acuerdo mediante el cual entreg\u00f3 al ISSEMyM un pago inicial de mil 679 millones de pesos, que incluyen las cuotas retenidas a los trabajadores universitarios de julio de 2016 a diciembre de 2019, mientras que el resto del adeudo se realizar\u00e1 a trav\u00e9s del pago, a una tasa de 1.3% mensual, de 84 mensualidades \u2013siete a\u00f1os- de 8.7 millones de pesos.<\/p>\n<p>Cabe destacar que la signa del acuerdo con el Instituto cuenta con el aval del H. Consejo Universitario, cuyo pleno aprob\u00f3 por unanimidad, durante su sesi\u00f3n correspondiente al mes de diciembre, la viabilidad del esquema de pagos referido.<\/p>\n","protected":false},"excerpt":{"rendered":"<p>La Universidad Aut\u00f3noma del Estado de M\u00e9xico pagar\u00e1 la deuda acumulada de julio de 2016 a diciembre de 2019 con el Instituto de Seguridad Social del Estado de M\u00e9xico y Municipios (ISSEMyM), resultado del convenio signado entre el rector Alfredo Barrera Baca y la directora general de Instituto, Bertha Alicia Casado Medina.<\/p>\n","protected":false},"author":1,"featured_media":455251,"comment_status":"open","ping_status":"open","sticky":false,"template":"","format":"standard","meta":{"_monsterinsights_skip_tracking":false,"_monsterinsights_sitenote_active":false,"_monsterinsights_sitenote_note":"","_monsterinsights_sitenote_category":0,"footnotes":""},"categories":[5],"tags":[58572,43675,699,1491],"class_list":["post-455250","post","type-post","status-publish","format-standard","has-post-thumbnail","hentry","category-estado-de-mexico","tag-alfredo-barrera-baca","tag-estado-de-mexico","tag-issemym","tag-uaem"],"_links":{"self":[{"href":"https:\/\/www.diarioimagen.net\/index.php?rest_route=\/wp\/v2\/posts\/455250","targetHints":{"allow":["GET"]}}],"collection":[{"href":"https:\/\/www.diarioimagen.net\/index.php?rest_route=\/wp\/v2\/posts"}],"about":[{"href":"https:\/\/www.diarioimagen.net\/index.php?rest_route=\/wp\/v2\/types\/post"}],"author":[{"embeddable":true,"href":"https:\/\/www.diarioimagen.net\/index.php?rest_route=\/wp\/v2\/users\/1"}],"replies":[{"embeddable":true,"href":"https:\/\/www.diarioimagen.net\/index.php?rest_route=%2Fwp%2Fv2%2Fcomments&post=455250"}],"version-history":[{"count":0,"href":"https:\/\/www.diarioimagen.net\/index.php?rest_route=\/wp\/v2\/posts\/455250\/revisions"}],"wp:featuredmedia":[{"embeddable":true,"href":"https:\/\/www.diarioimagen.net\/index.php?rest_route=\/wp\/v2\/media\/455251"}],"wp:attachment":[{"href":"https:\/\/www.diarioimagen.net\/index.php?rest_route=%2Fwp%2Fv2%2Fmedia&parent=455250"}],"wp:term":[{"taxonomy":"category","embeddable":true,"href":"https:\/\/www.diarioimagen.net\/index.php?rest_route=%2Fwp%2Fv2%2Fcategories&post=455250"},{"taxonomy":"post_tag","embeddable":true,"href":"https:\/\/www.diarioimagen.net\/index.php?rest_route=%2Fwp%2Fv2%2Ftags&post=455250"}],"curies":[{"name":"wp","href":"https:\/\/api.w.org\/{rel}","templated":true}]}}