{"id":455358,"date":"2020-01-09T00:01:10","date_gmt":"2020-01-09T06:01:10","guid":{"rendered":"https:\/\/www.diarioimagen.net\/?p=455358"},"modified":"2020-01-09T00:51:21","modified_gmt":"2020-01-09T06:51:21","slug":"el-insabi","status":"publish","type":"post","link":"https:\/\/www.diarioimagen.net\/?p=455358","title":{"rendered":"El Insabi"},"content":{"rendered":"<h2>De pe a pa<\/h2>\n<h5>Alberto Vieyra G.<\/h5>\n<p>&nbsp;<\/p>\n<p>\u00bfPero en qu\u00e9 cabeza cabe liquidar una instituci\u00f3n de salud p\u00fablica, el Seguro Popular para echar a andar otra sin pies ni cabeza llamada Insabi? \u00bfNo le parece a usted criminal jugar con la salud y la pobreza de millones de mexicanos que a\u00fan no gozan de la protecci\u00f3n social del Estado?\u00a0 S\u00f3lo al autoproclamado r\u00e9gimen de la \u201cCuarta Transformaci\u00f3n\u201d se le pudo haber ocurrido semejante \u201cideota\u201d \u00bfo idiotez?<\/p>\n<p>La cuesti\u00f3n es que el pomposo Instituto de Salud para el Bienestar nace muerto, sin personal administrativo, sin medicamentos, sin m\u00e9dicos, sin enfermeras, sin instrumental y sin rumbo. En todo el territorio nacional le llueven mentadas al Insabi y al Presidente de la Rep\u00fablica que contra viento y marea niega que en los hospitales donde se atend\u00eda a la poblaci\u00f3n del Seguro Popular est\u00e9 en crisis y reta a los medios de comunicaci\u00f3n a presentar evidencias en las que se haya elevado hasta en un 800% los costos para atender a la poblaci\u00f3n en general ya sea en hospitales de primero, segundo y tercer nivel.<\/p>\n<p>Cuando menos dos cadenas televisoras con cobertura nacional y estructuras noticiosas radiof\u00f3nicas se dieron a la tarea esta semana de enviar a la oficina del Presidente de la Rep\u00fablica las carretadas de inconformidades que hay en los hospitales de M\u00e9xico, en los que nada se sabe del naciente Insabi, mientras la Secretar\u00eda de Salud pareciera ser letra muerta y que su titular Jorge Alcocer Varela solo esta ah\u00ed para cobrar su quincena y sin despeinarse.<\/p>\n<p>El a\u00f1o pasado, la mayor parte de los hospitales del IMSS y del Sistema Federal de la Secretar\u00eda de Salud fueron blanco de airosas andanadas por parte de la poblaci\u00f3n ante la carencia de medicamentos como el metotrexato para paliar el c\u00e1ncer, la ausencia de quimioterapias y de vacunas en general, am\u00e9n de la falta de pagos a m\u00e9dicos, enfermeras y pasantes, y todo en aras de una maldita \u201causteridad republicana\u201d, decretada por las pistolas de Andr\u00e9s Manuel L\u00f3pez Obrador que en lugar de velar por la salud de la poblaci\u00f3n mexicana, se ha dedicado a privilegiar sus programas asistenciales con fines electoreros para perpetuar a su partido en el poder. \u00bfNo es acaso un crimen de Estado tan infame su pol\u00edtica de austeridad republicana?<\/p>\n<p>Y vale la pena repetir que la infame austeridad de L\u00f3pez Obrador en nada se parece a la austeridad republicana de Benito Ju\u00e1rez. La austeridad republicana juarista era real. El Benem\u00e9rito de las Am\u00e9ricas no ultrajaba la dignidad de los mexicanos con d\u00e1divas electoreras. En tiempos de Benito Ju\u00e1rez, s\u00f3lo ocho estados de la rep\u00fablica tributaban a las arcas de la naci\u00f3n y M\u00e9xico era un aut\u00e9ntico polvor\u00edn tras la guerra con Francia, que termin\u00f3 en Quer\u00e9taro con el fusilamiento de Maximiliano en 1867. Hoy, las 32 entidades de la rep\u00fablica tributan a las arcas de la naci\u00f3n, por lo que no hay ninguna comparaci\u00f3n entre la austeridad juarista y la que pregona Andr\u00e9s Manuel L\u00f3pez Obrador, quien hoy se empe\u00f1a en negar lo innegable de que hay en M\u00e9xico una nueva crisis de salud p\u00fablica y todo por su \u201cnegrer\u00edsmo\u201d econ\u00f3mico.<\/p>\n<p>Jugar con la salud y la econom\u00eda de los mexicanos es sumamente grave, es criminal y tarde que temprano, AMLO recibir\u00e1 el cobro de facturas electorales por sus pol\u00edticas est\u00fapidamente equivocadas y le aseguro que no pasar\u00e1 mucho tiempo.<\/p>\n<p><em><a href=\"mailto:info@agenciamn.com\" target=\"_blank\" rel=\"noopener noreferrer\">info@agenciamn.com<\/a><\/em><\/p>\n","protected":false},"excerpt":{"rendered":"<p><span style=\"color: #005497;\"><strong>Alberto Vieyra G.<\/strong><\/span><\/p>\n","protected":false},"author":3,"featured_media":0,"comment_status":"open","ping_status":"open","sticky":false,"template":"","format":"standard","meta":{"_monsterinsights_skip_tracking":false,"_monsterinsights_sitenote_active":false,"_monsterinsights_sitenote_note":"","_monsterinsights_sitenote_category":0,"footnotes":""},"categories":[4596],"tags":[43697,4597,43674],"class_list":["post-455358","post","type-post","status-publish","format-standard","hentry","category-alberto-vieyra-g","tag-alberto-vieyra-g","tag-de-pe-a-pa","tag-opinion"],"_links":{"self":[{"href":"https:\/\/www.diarioimagen.net\/index.php?rest_route=\/wp\/v2\/posts\/455358","targetHints":{"allow":["GET"]}}],"collection":[{"href":"https:\/\/www.diarioimagen.net\/index.php?rest_route=\/wp\/v2\/posts"}],"about":[{"href":"https:\/\/www.diarioimagen.net\/index.php?rest_route=\/wp\/v2\/types\/post"}],"author":[{"embeddable":true,"href":"https:\/\/www.diarioimagen.net\/index.php?rest_route=\/wp\/v2\/users\/3"}],"replies":[{"embeddable":true,"href":"https:\/\/www.diarioimagen.net\/index.php?rest_route=%2Fwp%2Fv2%2Fcomments&post=455358"}],"version-history":[{"count":0,"href":"https:\/\/www.diarioimagen.net\/index.php?rest_route=\/wp\/v2\/posts\/455358\/revisions"}],"wp:attachment":[{"href":"https:\/\/www.diarioimagen.net\/index.php?rest_route=%2Fwp%2Fv2%2Fmedia&parent=455358"}],"wp:term":[{"taxonomy":"category","embeddable":true,"href":"https:\/\/www.diarioimagen.net\/index.php?rest_route=%2Fwp%2Fv2%2Fcategories&post=455358"},{"taxonomy":"post_tag","embeddable":true,"href":"https:\/\/www.diarioimagen.net\/index.php?rest_route=%2Fwp%2Fv2%2Ftags&post=455358"}],"curies":[{"name":"wp","href":"https:\/\/api.w.org\/{rel}","templated":true}]}}