{"id":455372,"date":"2020-01-09T00:12:54","date_gmt":"2020-01-09T06:12:54","guid":{"rendered":"https:\/\/www.diarioimagen.net\/?p=455372"},"modified":"2020-01-09T02:28:09","modified_gmt":"2020-01-09T08:28:09","slug":"pan-pide-de-nuevo-dialogo-directo-con-lopez-obrador","status":"publish","type":"post","link":"https:\/\/www.diarioimagen.net\/?p=455372","title":{"rendered":"PAN pide de nuevo di\u00e1logo directo con L\u00f3pez Obrador"},"content":{"rendered":"<h2>Tras la puerta del poder<\/h2>\n<h5>Roberto Vizca\u00edno<\/h5>\n<p>&nbsp;<\/p>\n<div id=\"attachment_455400\" style=\"width: 470px\" class=\"wp-caption aligncenter\"><a href=\"https:\/\/www.diarioimagen.net\/?attachment_id=455400\" rel=\"attachment wp-att-455400\"><img loading=\"lazy\" decoding=\"async\" aria-describedby=\"caption-attachment-455400\" class=\"size-large wp-image-455400\" src=\"https:\/\/www.diarioimagen.net\/wp-content\/uploads\/2020\/01\/historia-de-siempre-LUIS-XAVIER-460x355.jpg\" alt=\"\" width=\"460\" height=\"355\" srcset=\"https:\/\/www.diarioimagen.net\/wp-content\/uploads\/2020\/01\/historia-de-siempre-LUIS-XAVIER-460x355.jpg 460w, https:\/\/www.diarioimagen.net\/wp-content\/uploads\/2020\/01\/historia-de-siempre-LUIS-XAVIER-240x185.jpg 240w, https:\/\/www.diarioimagen.net\/wp-content\/uploads\/2020\/01\/historia-de-siempre-LUIS-XAVIER-768x593.jpg 768w, https:\/\/www.diarioimagen.net\/wp-content\/uploads\/2020\/01\/historia-de-siempre-LUIS-XAVIER.jpg 1200w\" sizes=\"auto, (max-width: 460px) 100vw, 460px\" \/><\/a><p id=\"caption-attachment-455400\" class=\"wp-caption-text\">Historia de siempre&#8230; | Luis Xavier<\/p><\/div>\n<p>&nbsp;<\/p>\n<p>El ex gobernador de Guanajuato y coordinador de Acci\u00f3n Nacional en San L\u00e1zaro, <strong>Juan Carlos Romero Hicks <\/strong>pidi\u00f3 ayer de nuevo un di\u00e1logo directo con el presidente <strong>Andr\u00e9s Manuel L\u00f3pez Obrador.<\/strong><\/p>\n<p>Consider\u00f3 que optar por el s\u00edndrome<strong> Carlos Salinas <\/strong>de no ver ni escuchar y menos dialogar con la oposici\u00f3n, coloca al tabasque\u00f1o en la autocracia.<\/p>\n<p>Y record\u00f3 que en los 13 meses y 8 d\u00edas que lleva ya como Presidente de M\u00e9xico, AMLO no se ha reunido con ning\u00fan diputado federal que no sea de la llamada Alianza Juntos Haremos Historia integrada por Morena, PES y PT.<\/p>\n<p>Por ello lo invit\u00f3 a \u201cque nos reunamos pronto, para dialogar\u201d.<\/p>\n<p>Hasta hoy insisti\u00f3, \u201cno ha habido una sola reuni\u00f3n con un diputado federal que no sea de la Alianza Juntos Haremos Historia.<\/p>\n<p>Al participar en una de las primeras conferencias de prensa de este inicio de a\u00f1o, dentro del marco de la sesi\u00f3n semanal de la Comisi\u00f3n Permanente en San L\u00e1zaro, <strong>Romero Hicks<\/strong> exigi\u00f3 tambi\u00e9n a <strong>L\u00f3pez Obrador<\/strong> dictar la desaparici\u00f3n del IEPS que establece el impuesto a las gasolinas, como lo prometi\u00f3 en su campa\u00f1a electoral.<\/p>\n<p>Durante los primeros d\u00edas de este 2020 corri\u00f3 por redes sociales un video con varias participaciones de L\u00f3pez Obrador en su campa\u00f1a presidencial indicando que, desde el primero de diciembre de 2018, al iniciar su mandato, dictar\u00eda la cancelaci\u00f3n del IEPS y con ello la desaparici\u00f3n del impuesto a las gasolinas.<\/p>\n<p>En uno de esos videos rescatados y relanzados por redes sociales, se muestra a \u00a0<strong>L\u00f3pez Obrador<\/strong> diciendo que, con \u00e9l en el poder, el litro de gasolina en M\u00e9xico costar\u00eda menos de 10 pesos, como ocurre en Estados Unidos.<\/p>\n<p>Explic\u00f3 el coordinador parlamentario blanquiazul que la gasolina en M\u00e9xico est\u00e1 sometida a los siguientes impuestos dentro del IEPS: el IVA, el Impuesto Especial de Productos y Servicios y el precio de referencia que se utiliza en el mercado.<\/p>\n<p>En noviembre de 2017, indic\u00f3, el IEPS significaba el 26% en gasolina Magna, el 19% en gasolina Premium y el 34% en combustible di\u00e9sel.<\/p>\n<p><strong>Romero Hicks<\/strong> indic\u00f3 que esa ha sido hasta hoy una promesa presidencial incumplida m\u00e1s por <strong>L\u00f3pez Obrador<\/strong>.<\/p>\n<p>El coordinador de los diputados federales del PAN invit\u00f3 luego al Presidente a sumarse a un grupo de personas elegidas al azar de entre la sociedad civil, para visitar hospitales, y hacer una verificaci\u00f3n directa de sus condiciones reales de atenci\u00f3n m\u00e9dica.<\/p>\n<p>Por la experiencia hasta hoy, creemos que estas nuevas peticiones de <strong>Romero Hicks<\/strong> ir\u00e1n directo al profundo caj\u00f3n de los reclamos perdidos de <strong>AMLO<\/strong>.<\/p>\n<p>El, como su maestro <strong>Carlos Salinas<\/strong>, \u201cni los ve ni los escucha\u201d.<\/p>\n<p style=\"text-align: center;\"><strong>Senado y ejecutivo, un solo objetivo<\/strong><\/p>\n<p>Al participar en la reuni\u00f3n de la CELAC, que re\u00fane en la Ciudad de M\u00e9xico desde ayer a representantes de 28 naciones de Latinoam\u00e9rica, el senador <strong>Ricardo Monreal<\/strong> reconoci\u00f3 la importancia de que el Legislativo vaya junto al gobierno federal en el fortalecimiento de una agenda com\u00fan para la regi\u00f3n.<\/p>\n<p>Presidente de la Junta de Coordinaci\u00f3n Pol\u00edtica y l\u00edder de la mayor\u00eda de Morena en el Senado, el zacatecano afirm\u00f3 que M\u00e9xico reconoce en la Comunidad de Estados Latinoamericanos y Caribe\u00f1os, la CELAC, una verdadera opci\u00f3n para consolidar la prosperidad, seguridad y competitividad del continente.<\/p>\n<p>\u201cEs m\u00e1s, \u00e9sta es una gran oportunidad para que los l\u00edderes de la regi\u00f3n defiendan los espacios de cooperaci\u00f3n productiva y reintroduzcan, al mundo a una Am\u00e9rica Latina y un Caribe que quiere y puede\u201d, subray\u00f3.<\/p>\n<p>La CELAC, apunt\u00f3, representa una opci\u00f3n para revitalizar las agendas conjuntas, sumar esfuerzos para hacer que los \u00e9xitos se multipliquen, y debatir y dialogar sobre las diferencias.<\/p>\n<p><strong>Monreal<\/strong>, quien fue invitado al encuentro por el canciller <strong>Marcelo Ebrard<\/strong>, reconoci\u00f3 que esta \u201ces una gran manera de iniciar una nueva d\u00e9cada, reunidos y dispuestos a trabajar en colectivo, conscientes de que cada vez es m\u00e1s cierto que no existe acci\u00f3n nacional que no repercuta del otro lado de alguna frontera\u201d.<\/p>\n<p>Este, dijo, es un encuentro ministerial fundamental para establecer una agenda conjunta que trace la hoja de ruta del continente durante 2020 y el futuro a fin de \u201cestar mejor preparados para atener retos que nos impacten a todos, demostrando al mundo una unidad y fortaleza colectiva\u2026<\/p>\n<p>\u201cDebo reconocer que esta es una gran manera de iniciar una nueva d\u00e9cada, reunidos y dispuestos a trabajar en colectivo, conscientes de que cada vez es m\u00e1s cierto que no existe acci\u00f3n nacional que no repercuta del otro lado de alguna frontera\u201d, concluy\u00f3.<\/p>\n<p style=\"text-align: center;\"><strong>El senado, foro de di\u00e1logo pol\u00edtico<\/strong><\/p>\n<p><strong>M\u00f3nica Fern\u00e1ndez<\/strong>, presidenta del Senado, indic\u00f3 que en esta c\u00e1mara las fuerzas pol\u00edticas que la integran privilegian el di\u00e1logo y el respeto entre pares y sin importar siglas partidarias.<\/p>\n<p>Y es en este contexto, agreg\u00f3, en que su postura ante el conflicto entre los Estados Unidos e Ir\u00e1n, es de respeto.<\/p>\n<p>Las comisiones de Relaciones Exteriores del senado son los espacios donde se pueden analizar estos hechos, coment\u00f3.<\/p>\n<p style=\"text-align: center;\"><strong>Gurria, uno de los descalificados por AMLO\u00a0\u00a0\u00a0\u00a0\u00a0\u00a0\u00a0\u00a0<\/strong><\/p>\n<p><strong>Miguel \u00c1ngel Gurr\u00eda<\/strong>, exsecretario de Relaciones Exteriores y exsecretario de Hacienda de M\u00e9xico, hoy secretario general de la Organizaci\u00f3n para la Cooperaci\u00f3n y el Desarrollo Econ\u00f3mico, la OCDE, con sede en Par\u00eds, Francia, es quiz\u00e1 uno de los pocos personajes de organismos internacionales m\u00e1s valorados por los presidentes, primeros ministros y dirigentes del mundo desarrollado.<\/p>\n<p>Y sus declaraciones y sugerencias son admitidas por estos como elementos de gran val\u00eda y experiencia en el contexto econ\u00f3mico y financiero internacional.<\/p>\n<p>Pero para el presidente de M\u00e9xico, <strong>Andr\u00e9s Manuel L\u00f3pez Obrador<\/strong>, hasta hace poco <strong>Gurr\u00eda<\/strong> no era alguien con calidad moral para decir nada sobre su Gobierno \u201cporque form\u00f3 parte de los gobiernos que dejaron el pa\u00eds en bancarrota\u201d.<\/p>\n<p>Ya en una visita a mediados del a\u00f1o pasado <strong>Gurr\u00eda <\/strong>se reuni\u00f3 y platic\u00f3 con el entonces secretario de Hacienda <strong>Carlos Urz\u00faa<\/strong>, pero no con <strong>L\u00f3pez Obrador<\/strong>.<\/p>\n<p>En una nueva visita, <strong>Gurr\u00eda <\/strong>consider\u00f3 que AMLO debe crear las condiciones que garanticen la confianza de los inversionistas internacionales.<\/p>\n<p>Al respecto el mandatario calific\u00f3 que acertadas las observaciones de Gurr\u00eda respecto de que hace falta que haya seguridad jur\u00eddica, un aut\u00e9ntico Estado de derecho en M\u00e9xico, que d\u00e9 garant\u00edas a los inversionistas extranjeros, \u201ctodo lo que estamos haciendo\u201d, dijo AMLO. Y consider\u00f3 que podr\u00eda recibir pronto a Gurr\u00eda.<\/p>\n<p>\u201cSe entrevist\u00f3 el licenciado Gurr\u00eda con el secretario de Hacienda. Y el secretario de Hacienda platic\u00f3 con \u00e9l, incluso hay la posibilidad de que nos encontremos cuando regrese, \u00e9l va a estar en M\u00e9xico en estos d\u00edas, pero yo tengo -y \u00e9l tambi\u00e9n- problemas de agenda, de ocupaci\u00f3n. Va a tardar todav\u00eda a cargo de la OCDE a\u00f1o y medio que falta, entonces quedamos que cuando regrese vamos a platicar con \u00e9l\u201d. Quienes s\u00ed lo recibir\u00e1n y platicar\u00e1n con \u00e9l son los miembros de la Comisi\u00f3n de Hacienda y la de Presupuesto de la C\u00e1mara de Diputados, indic\u00f3 el <strong>Alfonso Ram\u00edrez Cuellar<\/strong>.<\/p>\n<p>El legislador dijo que las acciones impulsadas por la Organizaci\u00f3n para la Cooperaci\u00f3n y el Desarrollo Econ\u00f3mico, la OCDE, bajo la direcci\u00f3n\u00a0 del mexicano <strong>Gurr\u00eda,<\/strong> en conjunto con el G-20 para combatir la evasi\u00f3n fiscal, mejorar la coherencia de la normativa fiscal internacional y garantizar una fiscalidad m\u00e1s transparente.<\/p>\n<p>En ese sentido, asegur\u00f3, la visita de <strong>Jos\u00e9 \u00c1ngel Gurr\u00eda<\/strong>, a la C\u00e1mara de Diputados, este 9 de enero, \u201ces una buena oportunidad para trabajar el tema de los BEPS, pues pa\u00edses como M\u00e9xico dependen en gran medida de los ingresos derivados de las rentas de sociedades multinacionales, por lo que es urgente modernizar las normas impositivas internacionales para limitar esta problem\u00e1tica\u201d, apunt\u00f3.<\/p>\n<p><em><a href=\"mailto:rvizcainoa@gmail.com\" target=\"_blank\" rel=\"noopener noreferrer\">rvizcainoa@gmail.com<\/a><br \/>\n<u><a href=\"http:\/\/endirecto.mx\" target=\"_blank\" rel=\"noopener noreferrer\">www.endirecto.mx<\/a><br \/>\n<a href=\"https:\/\/twitter.com\/_rvizcaino\" target=\"_blank\" rel=\"noopener noreferrer\">@_RVizcaino<\/a><br \/>\n<a href=\"https:\/\/www.facebook.com\/rvizcainoa\" target=\"_blank\" rel=\"noopener noreferrer\">facebook.com\/rvizcainoa<\/a><\/u><\/em><\/p>\n","protected":false},"excerpt":{"rendered":"<p><span style=\"color: #005497;\"><strong>Roberto Vizca\u00edno<\/strong><\/span><br \/>\n<br \/>\nEl ex gobernador de Guanajuato y coordinador de Acci\u00f3n Nacional en San L\u00e1zaro, Juan Carlos Romero Hicks pidi\u00f3 ayer de nuevo un di\u00e1logo directo con el presidente Andr\u00e9s Manuel L\u00f3pez Obrador.<\/p>\n","protected":false},"author":3,"featured_media":455400,"comment_status":"open","ping_status":"open","sticky":false,"template":"","format":"standard","meta":{"_monsterinsights_skip_tracking":false,"_monsterinsights_sitenote_active":false,"_monsterinsights_sitenote_note":"","_monsterinsights_sitenote_category":0,"footnotes":""},"categories":[136],"tags":[43674,93,94],"class_list":["post-455372","post","type-post","status-publish","format-standard","has-post-thumbnail","hentry","category-roberto-vizcaino-opinion","tag-opinion","tag-roberto-vizcaino","tag-tras-la-puerta-del-poder"],"_links":{"self":[{"href":"https:\/\/www.diarioimagen.net\/index.php?rest_route=\/wp\/v2\/posts\/455372","targetHints":{"allow":["GET"]}}],"collection":[{"href":"https:\/\/www.diarioimagen.net\/index.php?rest_route=\/wp\/v2\/posts"}],"about":[{"href":"https:\/\/www.diarioimagen.net\/index.php?rest_route=\/wp\/v2\/types\/post"}],"author":[{"embeddable":true,"href":"https:\/\/www.diarioimagen.net\/index.php?rest_route=\/wp\/v2\/users\/3"}],"replies":[{"embeddable":true,"href":"https:\/\/www.diarioimagen.net\/index.php?rest_route=%2Fwp%2Fv2%2Fcomments&post=455372"}],"version-history":[{"count":0,"href":"https:\/\/www.diarioimagen.net\/index.php?rest_route=\/wp\/v2\/posts\/455372\/revisions"}],"wp:featuredmedia":[{"embeddable":true,"href":"https:\/\/www.diarioimagen.net\/index.php?rest_route=\/wp\/v2\/media\/455400"}],"wp:attachment":[{"href":"https:\/\/www.diarioimagen.net\/index.php?rest_route=%2Fwp%2Fv2%2Fmedia&parent=455372"}],"wp:term":[{"taxonomy":"category","embeddable":true,"href":"https:\/\/www.diarioimagen.net\/index.php?rest_route=%2Fwp%2Fv2%2Fcategories&post=455372"},{"taxonomy":"post_tag","embeddable":true,"href":"https:\/\/www.diarioimagen.net\/index.php?rest_route=%2Fwp%2Fv2%2Ftags&post=455372"}],"curies":[{"name":"wp","href":"https:\/\/api.w.org\/{rel}","templated":true}]}}