{"id":455381,"date":"2020-01-09T00:01:46","date_gmt":"2020-01-09T06:01:46","guid":{"rendered":"https:\/\/www.diarioimagen.net\/?p=455381"},"modified":"2020-01-09T02:41:11","modified_gmt":"2020-01-09T08:41:11","slug":"llegan-los-reyes-magos-a-lomas-de-san-juan-ixhuatepec-en-tlalnepantla","status":"publish","type":"post","link":"https:\/\/www.diarioimagen.net\/?p=455381","title":{"rendered":"Llegan los Reyes Magos a Lomas de San Juan Ixhuatepec, en Tlalnepantla"},"content":{"rendered":"<ul>\n<li><strong><em>Eventos en diversas comunidades hasta el 12 de enero<\/em><\/strong><\/li>\n<\/ul>\n<p>&nbsp;<\/p>\n<div id=\"attachment_455414\" style=\"width: 470px\" class=\"wp-caption aligncenter\"><a href=\"https:\/\/www.diarioimagen.net\/?attachment_id=455414\" rel=\"attachment wp-att-455414\"><img loading=\"lazy\" decoding=\"async\" aria-describedby=\"caption-attachment-455414\" class=\"size-large wp-image-455414\" src=\"https:\/\/www.diarioimagen.net\/wp-content\/uploads\/2020\/01\/tlanepantla-460x259.jpg\" alt=\"\" width=\"460\" height=\"259\" srcset=\"https:\/\/www.diarioimagen.net\/wp-content\/uploads\/2020\/01\/tlanepantla-460x259.jpg 460w, https:\/\/www.diarioimagen.net\/wp-content\/uploads\/2020\/01\/tlanepantla-240x135.jpg 240w, https:\/\/www.diarioimagen.net\/wp-content\/uploads\/2020\/01\/tlanepantla-235x132.jpg 235w, https:\/\/www.diarioimagen.net\/wp-content\/uploads\/2020\/01\/tlanepantla-202x114.jpg 202w, https:\/\/www.diarioimagen.net\/wp-content\/uploads\/2020\/01\/tlanepantla-350x196.jpg 350w, https:\/\/www.diarioimagen.net\/wp-content\/uploads\/2020\/01\/tlanepantla-220x123.jpg 220w, https:\/\/www.diarioimagen.net\/wp-content\/uploads\/2020\/01\/tlanepantla-237x132.jpg 237w, https:\/\/www.diarioimagen.net\/wp-content\/uploads\/2020\/01\/tlanepantla.jpg 480w\" sizes=\"auto, (max-width: 460px) 100vw, 460px\" \/><\/a><p id=\"caption-attachment-455414\" class=\"wp-caption-text\">Llevan a ni\u00f1as y ni\u00f1os de la colonia Lomas de San Juan Ixhuatepec y el fraccionamiento El Olivo II Parte Alta, regalos, sorpresas, payasos y rosca.<\/p><\/div>\n<p>&nbsp;<\/p>\n<p><strong>Tlalnepantla, Estado de M\u00e9xico<\/strong>.- El gobierno municipal llev\u00f3 a ni\u00f1as y ni\u00f1os de la colonia Lomas de San Juan Ixhuatepec y el fraccionamiento El Olivo II Parte Alta, regalos, sorpresas, payasos, magos y rosca, en el marco de los festejos de la Semana de Reyes, que se realizan en diversas comunidades hasta el 12 de enero.<\/p>\n<p>Raciel P\u00e9rez Cruz, Presidente Municipal de Nuestra Ciudad se\u00f1al\u00f3 que el Gobierno de Tlalnepantla trabaja desde el primer d\u00eda para que las ni\u00f1as y ni\u00f1os ejerzan su derecho a un ambiente libre de violencia y generar las condiciones para que se desarrollen de la mejor manera.<\/p>\n<p>Reiter\u00f3 que en el presente a\u00f1o se reforzar\u00e1n las acciones en materia de seguridad con la incorporaci\u00f3n de nuevos elementos y la adquisici\u00f3n de patrullas, adem\u00e1s se\u00f1al\u00f3 que se trabaja de manera coordinada con el Gobierno de M\u00e9xico para concluir los padrones para la aplicaci\u00f3n de programas sociales, como pensi\u00f3n a adultos mayores, becas para estudiantes de nivel preparatoria y apoyo a personas con discapacidad.<\/p>\n<p>Los festejos de la Semana de Reyes tambi\u00e9n se llevar\u00e1n a cabo en las comunidades San Andr\u00e9s Atenco, Lomas de San Andr\u00e9s Atenco Ampliaci\u00f3n, Francisco Villa, Tabla Honda, Loma Bonita, Tlayacampa, San Jer\u00f3nimo Tepetlacalco, Tepeolulco, L\u00e1zaro C\u00e1rdenas, San Pablo Xalpa, Los Reyes, Loma Azul, Tequexquin\u00e1huac Parte Alta y la unidad habitacional IMSS Tlalnepantla.<\/p>\n","protected":false},"excerpt":{"rendered":"<p>El gobierno municipal llev\u00f3 a ni\u00f1as y ni\u00f1os de la colonia Lomas de San Juan Ixhuatepec y el fraccionamiento El Olivo II Parte Alta, regalos, sorpresas, payasos, magos y rosca, en el marco de los festejos de la Semana de Reyes, que se realizan en diversas comunidades hasta el 12 de enero.\u00a0<\/p>\n","protected":false},"author":3,"featured_media":455414,"comment_status":"open","ping_status":"open","sticky":false,"template":"","format":"standard","meta":{"_monsterinsights_skip_tracking":false,"_monsterinsights_sitenote_active":false,"_monsterinsights_sitenote_note":"","_monsterinsights_sitenote_category":0,"footnotes":""},"categories":[5],"tags":[43675,328,89431,169],"class_list":["post-455381","post","type-post","status-publish","format-standard","has-post-thumbnail","hentry","category-estado-de-mexico","tag-estado-de-mexico","tag-reyes-magos","tag-san-juan-ixhuatepec","tag-tlalnepantla"],"_links":{"self":[{"href":"https:\/\/www.diarioimagen.net\/index.php?rest_route=\/wp\/v2\/posts\/455381","targetHints":{"allow":["GET"]}}],"collection":[{"href":"https:\/\/www.diarioimagen.net\/index.php?rest_route=\/wp\/v2\/posts"}],"about":[{"href":"https:\/\/www.diarioimagen.net\/index.php?rest_route=\/wp\/v2\/types\/post"}],"author":[{"embeddable":true,"href":"https:\/\/www.diarioimagen.net\/index.php?rest_route=\/wp\/v2\/users\/3"}],"replies":[{"embeddable":true,"href":"https:\/\/www.diarioimagen.net\/index.php?rest_route=%2Fwp%2Fv2%2Fcomments&post=455381"}],"version-history":[{"count":0,"href":"https:\/\/www.diarioimagen.net\/index.php?rest_route=\/wp\/v2\/posts\/455381\/revisions"}],"wp:featuredmedia":[{"embeddable":true,"href":"https:\/\/www.diarioimagen.net\/index.php?rest_route=\/wp\/v2\/media\/455414"}],"wp:attachment":[{"href":"https:\/\/www.diarioimagen.net\/index.php?rest_route=%2Fwp%2Fv2%2Fmedia&parent=455381"}],"wp:term":[{"taxonomy":"category","embeddable":true,"href":"https:\/\/www.diarioimagen.net\/index.php?rest_route=%2Fwp%2Fv2%2Fcategories&post=455381"},{"taxonomy":"post_tag","embeddable":true,"href":"https:\/\/www.diarioimagen.net\/index.php?rest_route=%2Fwp%2Fv2%2Ftags&post=455381"}],"curies":[{"name":"wp","href":"https:\/\/api.w.org\/{rel}","templated":true}]}}