{"id":455545,"date":"2020-01-10T00:02:17","date_gmt":"2020-01-10T06:02:17","guid":{"rendered":"https:\/\/www.diarioimagen.net\/?p=455545"},"modified":"2020-01-10T03:47:25","modified_gmt":"2020-01-10T09:47:25","slug":"detienen-a-hijo-de-el-ojos","status":"publish","type":"post","link":"https:\/\/www.diarioimagen.net\/?p=455545","title":{"rendered":"Detienen a hijo de \u201cEl Ojos\u201d"},"content":{"rendered":"<h2>La Retaguardia<\/h2>\n<h5>Adriana Moreno Cordero<\/h5>\n<p><em>\u00a0<\/em><\/p>\n<ul>\n<li><strong><em>\u00bfSaldr\u00e1 embarrado Rigoberto Salgado?<\/em><\/strong><\/li>\n<li><strong><em>Pol\u00edtica de \u201cabrazos y no balazos\u201d, solo frase hueca<\/em><\/strong><\/li>\n<\/ul>\n<p>&nbsp;<\/p>\n<p>No sorprendi\u00f3 tanto que ayer, en la delegaci\u00f3n Tl\u00e1huac de la Ciudad de M\u00e9xico, concretamente, en la colonia Nopalera de esa alcald\u00eda, fuera detenido por elementos de la Secretar\u00eda de Seguridad y Protecci\u00f3n Ciudadana de la CDMX, ni m\u00e1s ni menos que a <strong>Alexis P\u00e9rez<\/strong>, de 14 a\u00f1os de edad, hijo del recordado <strong>Felipe de Jes\u00fas P\u00e9rez Luna<\/strong>, mejor conocido por aquellos rumbos como \u201cel Ojos\u201d, muerto en un operativo en julio del 2017, que tuvo en Tl\u00e1huac su centro de operaciones para cometer delitos como narcotr\u00e1fico y secuestro, por poner solo dos muestras.<\/p>\n<p>Como se recordar\u00e1, en aquella \u00e9poca <strong>Rigoberto Salgado<\/strong> salt\u00f3 a la fama de una manera muy cuestionable, pues se desempe\u00f1aba como delegado de dicha circunscripci\u00f3n; aseguraba no estar enterado de las actividades delictivas de \u201cel Ojos\u201d, cuando en los c\u00edrculos pol\u00edticos se aseguraba que el ahora flamante morenista, era uno de los principales allegados de P\u00e9rez Luna. El esc\u00e1ndalo cubri\u00f3 al delegado que ya no hallaba ni para d\u00f3nde hacerse.<\/p>\n<p>Cierto es que con la muerte de Felipe de Jes\u00fas P\u00e9rez, el famoso Cartel de Tl\u00e1huac se debilit\u00f3 sensiblemente y como lo inform\u00f3 el secretario de Seguridad de la CDMX, <strong>Omar Garc\u00eda Harfuch<\/strong>, a pesar de ello, contin\u00faa con actividades delictivas y una prueba m\u00e1s que palpable fue la detenci\u00f3n de Alexis P\u00e9rez que, junto con otros menores, llevaban a una mujer secuestrada en una camioneta y les aseguraron algo as\u00ed como un kilogramo de vegetal verde que muy probablemente era mariguana, as\u00ed como una r\u00e9plica de un fusil de asalto, color negro y un arma corta.<\/p>\n<p>Los menores fueron puestos a disposici\u00f3n de la Fiscal\u00eda Central de Investigaci\u00f3n para la Atenci\u00f3n de Ni\u00f1os, Ni\u00f1as y Adolescentes, donde se inici\u00f3 una carpeta de investigaci\u00f3n por la probable comisi\u00f3n del delito de secuestro expr\u00e9s, pero sin duda, esto tambi\u00e9n es una muestra de que la pol\u00edtica en la que un d\u00eda y al otro tambi\u00e9n insiste en aplicar el presidente <strong>Andr\u00e9s Manuel L\u00f3pez Obrador<\/strong> para combatir la inseguridad; la de \u201cabrazos y no balazos\u201d, no sirve de absolutamente nada y no pasa de ser una frase por dem\u00e1s hueca.<\/p>\n<p>Lo m\u00e1s probable es que estos j\u00f3venes delincuentes, pasen un par de a\u00f1os en el Tribunal de Menores y regresen a la calle a seguir cometiendo delitos, pero, \u00bfy c\u00f3mo est\u00e1 actualmente el exdelegado Rigoberto Salgado?, \u00bfacaso podr\u00eda salir \u201cembarrado\u201d de nueva cuenta en este asunto en el que sin duda tiene pendientes que nunca se han aclarado?<\/p>\n<p>Actualmente, Salgado est\u00e1 muy a gusto como diputado en el Congreso de la Ciudad de M\u00e9xico, gozando del fuero y preside el Comit\u00e9 de Administraci\u00f3n, adem\u00e1s, se encuentra muy ocupado en la pugna por ocupar la coordinaci\u00f3n de la bancada morenista que tambi\u00e9n en dicha instancia legislativa es mayoritaria. La guerra se ha iniciado porque la disputa es entre \u00e9l y <strong>Jos\u00e9 Luis Rodr\u00edguez<\/strong>, actual vicecoordinador de esa fracci\u00f3n parlamentaria, abiertamente apoyado por <strong>Valentina Batres<\/strong>, hermana del senador <strong>Mart\u00ed Batres<\/strong>, clan que por cierto, tambi\u00e9n se siente due\u00f1o de Morena.<\/p>\n<p>Aqu\u00ed lo que puede ocurrir es que los propios morenistas \u201cclaven\u201d a Salgado o bien, que lo protejan para no revivir el caso. Todo depende de los amarres que tenga el exdelegado de Tl\u00e1huac en su partido, \u00bfo no?<\/p>\n<p style=\"text-align: center;\"><strong>MUNICIONES<\/strong><\/p>\n<p>*** El gobierno federal debe cumplir su promesa de la gratuidad en servicios m\u00e9dicos, hospitalizaci\u00f3n, prevenci\u00f3n, diagn\u00f3stico, tratamiento, rehabilitaci\u00f3n y dotaci\u00f3n de medicamentos con la entrada en vigor del Instituto de Salud para el Bienestar (Insabi), declar\u00f3 la dirigente del PRD en la Ciudad de M\u00e9xico, <strong>Nora Arias Contreras<\/strong>. Dijo que lo anterior obedece a la serie de protestas, reclamos e inconformidad generada a ra\u00edz del enga\u00f1o que result\u00f3 ser el citado instituto, una vez que desapareci\u00f3 el Seguro Popular para beneficio de la poblaci\u00f3n sin acceso al IMSS o ISSSTE. \u201cCon la salud no se experimenta, pues se trata de un programa hecho sobre las rodillas\u201d, asegur\u00f3. Arias Contreras demand\u00f3 al gobierno cumplir su promesa de que los servicios y medicamentos ser\u00edan completamente gratuitos, lo cual ha resultado totalmente falso, pues el costo de hospitalizaci\u00f3n se elev\u00f3 hasta en mil por ciento, sin incluir medicamentos y dem\u00e1s insumos que requiere un paciente candidato a una intervenci\u00f3n quir\u00fargica. \u201cEn resumidas cuentas, desde el PRD de la capital del pa\u00eds, exigimos que se cumpla puntualmente el derecho universal a la salud contenida en el Art\u00edculo Cuarto de la Constituci\u00f3n, as\u00ed como las promesas que hasta el momento est\u00e1n en el olvido\u201d, manifest\u00f3 la ex diputada en la Asamblea Legislativa del Distrito Federal (ALDF). Explic\u00f3 que el dictamen aprobado por el Congreso de la Uni\u00f3n, indica con claridad que las personas que se encuentren en el pa\u00eds y no cuenten con seguridad social, tendr\u00e1n derecho a recibir en forma gratuita la prestaci\u00f3n de servicios p\u00fablicos de salud, medicamentos y dem\u00e1s insumos asociados al momento de requerir la atenci\u00f3n.<\/p>\n<p>*** Frente a un escenario de transici\u00f3n, donde los participantes del sector requieren mantenerse informados e intercambiar ideas para tomar decisiones oportunas,\u00a0<strong>ENERGY MEXICO 2020<\/strong>\u00a0presentar\u00e1 los temas de inter\u00e9s nacional y el contexto actual del mercado energ\u00e9tico internacional. <strong>ENERGY MEXICO OIL GAS POWER\u00ae 2020 EXPO &amp; CONGRESS<\/strong>, es la plataforma internacional l\u00edder de la industria energ\u00e9tica en nuestro pa\u00eds, que celebrar\u00e1 su Quinta Edici\u00f3n del 28 al 30 de enero, en el Centro Citibanamex de la Ciudad de M\u00e9xico. En el marco de este magno evento, se presentar\u00e1 por primera vez en nuestro pa\u00eds S.E. <strong>Mohammad Sanusi Barkindo<\/strong>, Secretario General de la Organizaci\u00f3n de Pa\u00edses Exportadores de Petr\u00f3leo (OPEP). Participar\u00e1n adem\u00e1s, Congreso contar\u00e1 con la participaci\u00f3n de personalidades que se suman a la del Secretario General de la OPEP como: <strong>Alfonso Romo<\/strong>, Jefe de la Oficina de Presidencia; <strong>Ed Morse<\/strong>, Jefe de Investigaci\u00f3n de Commodities de Citi; <strong>Antonio Merino Garc\u00eda<\/strong>, Economista en Jefe de Repsol; <strong>Nymia Almeida<\/strong>, Vice Presidenta Senior de Moody\u2019s; <strong>Guy Caruso<\/strong>, Asesor Principal de Centre for Strategic &amp; International Studies (CSIS); <strong>Norma Leticia Gonz\u00e1lez Arag\u00f3n, <\/strong>Comisionada de la CRE; <strong>Jaime Mart\u00ednez Negrete,<\/strong> Presidente de Morgan Stanley M\u00e9xico, y <strong>Am\u00e9rica Porres Luna<\/strong>, Comisionada de la CNH, entre otros.<\/p>\n<p><a href=\"mailto:morcora@gmail.com\" target=\"_blank\" rel=\"noopener noreferrer\"><em>morcora@gmail.com<\/em><\/a><\/p>\n","protected":false},"excerpt":{"rendered":"<p><span style=\"color: #005497;\"><strong>Adriana Moreno Cordero<\/strong><\/span><\/p>\n","protected":false},"author":3,"featured_media":0,"comment_status":"open","ping_status":"open","sticky":false,"template":"","format":"standard","meta":{"_monsterinsights_skip_tracking":false,"_monsterinsights_sitenote_active":false,"_monsterinsights_sitenote_note":"","_monsterinsights_sitenote_category":0,"footnotes":""},"categories":[69370],"tags":[69369,69368,43674],"class_list":["post-455545","post","type-post","status-publish","format-standard","hentry","category-adriana-moreno-cordero","tag-adriana-moreno-cordero","tag-la-retaguardia","tag-opinion"],"_links":{"self":[{"href":"https:\/\/www.diarioimagen.net\/index.php?rest_route=\/wp\/v2\/posts\/455545","targetHints":{"allow":["GET"]}}],"collection":[{"href":"https:\/\/www.diarioimagen.net\/index.php?rest_route=\/wp\/v2\/posts"}],"about":[{"href":"https:\/\/www.diarioimagen.net\/index.php?rest_route=\/wp\/v2\/types\/post"}],"author":[{"embeddable":true,"href":"https:\/\/www.diarioimagen.net\/index.php?rest_route=\/wp\/v2\/users\/3"}],"replies":[{"embeddable":true,"href":"https:\/\/www.diarioimagen.net\/index.php?rest_route=%2Fwp%2Fv2%2Fcomments&post=455545"}],"version-history":[{"count":0,"href":"https:\/\/www.diarioimagen.net\/index.php?rest_route=\/wp\/v2\/posts\/455545\/revisions"}],"wp:attachment":[{"href":"https:\/\/www.diarioimagen.net\/index.php?rest_route=%2Fwp%2Fv2%2Fmedia&parent=455545"}],"wp:term":[{"taxonomy":"category","embeddable":true,"href":"https:\/\/www.diarioimagen.net\/index.php?rest_route=%2Fwp%2Fv2%2Fcategories&post=455545"},{"taxonomy":"post_tag","embeddable":true,"href":"https:\/\/www.diarioimagen.net\/index.php?rest_route=%2Fwp%2Fv2%2Ftags&post=455545"}],"curies":[{"name":"wp","href":"https:\/\/api.w.org\/{rel}","templated":true}]}}