{"id":455553,"date":"2020-01-10T00:04:50","date_gmt":"2020-01-10T06:04:50","guid":{"rendered":"https:\/\/www.diarioimagen.net\/?p=455553"},"modified":"2020-01-10T03:53:29","modified_gmt":"2020-01-10T09:53:29","slug":"trump-y-su-reeleccion-2","status":"publish","type":"post","link":"https:\/\/www.diarioimagen.net\/?p=455553","title":{"rendered":"Trump y su reelecci\u00f3n"},"content":{"rendered":"<h2>Punto por punto<\/h2>\n<h5>Augusto Corro<\/h5>\n<p>&nbsp;<\/p>\n<p>Tras los sucesos violentos entre Estados Unidos e Ir\u00e1n cabe preguntarse qu\u00e9 gan\u00f3 el presidente Donald Trump para mantenerse en el poder cuatro a\u00f1os m\u00e1s.<\/p>\n<p>En noviembre pr\u00f3ximo, los estadounidenses votar\u00e1n por la reelecci\u00f3n o el fin del mandato del magnate de la construcci\u00f3n.<\/p>\n<p>Los electores tendr\u00e1n la oportunidad de sacudirse a uno de los mandatarios m\u00e1s conflictivos o dejarlo que contin\u00fae con su gobierno de incertidumbres.<\/p>\n<p>\u00bfCalcul\u00f3 Trump el tama\u00f1o del conflicto que provoc\u00f3 al ordenar la muerte de uno de los l\u00edderes m\u00e1s importantes de Ir\u00e1n, el general Qasem Soleimani? S\u00ed, seguramente.<\/p>\n<p>Aunque proporcion\u00f3 motivos suficientes a sus adversarios isl\u00e1micos para recrudecer una lucha a la que no se le ve fin.<\/p>\n<p>El gobierno de Ir\u00e1n, que enfrenta a Trump, contest\u00f3 el ataque estadounidense y lanz\u00f3 cohetes contra cuarteles de EU en Irak. Se podr\u00eda decir que la respuesta tuvo un saldo blanco.<\/p>\n<p>No se registraron v\u00edctimas y los da\u00f1os fueron materiales.<\/p>\n<p>Despu\u00e9s del atentado y de la dimensi\u00f3n del conflicto creci\u00f3 la tensi\u00f3n mundial por la amenaza de una guerra.<\/p>\n<p>Trumpo decidi\u00f3, unilateralmente, la muerte del general iran\u00ed. No consult\u00f3 a los dem\u00e1s pa\u00edses que conforman alianzas para su defensa.<\/p>\n<p>\u00bfQu\u00e9 sigue? Los iran\u00edes buscar\u00e1n la venganza. Acelerar\u00e1n sus trabajos para conseguir una bomba at\u00f3mica. Se alejar\u00e1n de cualquier convenio que les evite obtener armas nucleares.<\/p>\n<p>Para Trump lo importante es la reelecci\u00f3n como presidente del pa\u00eds m\u00e1s poderoso mundo. Los electores tendr\u00e1n que reflexionar sobre la conveniencia del magnate en el poder.<\/p>\n<p>En las encuestas, el presidente Trump es el personaje en el que menos conf\u00eda la gente en el mundo.<\/p>\n<p>M\u00e9xico ya tiene varios a\u00f1os que padece los caprichos del \u201chombre anaranjado\u201d que rayan en el abuso. Ah\u00ed est\u00e1, por ejemplo, el asunto de la migraci\u00f3n.<\/p>\n<p>O la amenaza permanente de la construcci\u00f3n de un muro fronterizo. Antes, en su precampa\u00f1a presidencial calific\u00f3 a los mexicanos de criminales.<\/p>\n<p>En sus problemas dom\u00e9sticos, Trump enfrenta la posibilidad de un juicio pol\u00edtico. Es posible que supere el conflicto sin problemas.<\/p>\n<p>Lo que no est\u00e1 claro es la respuesta de los estadounidenses al esp\u00edritu belicoso, incierto y abusivo de quien los gobierna, un sujeto ambicioso que desea continuar en el poder al precio que sea. \u00bfUsted qu\u00e9 opina amable lector?<\/p>\n<p><strong>Martha Sahag\u00fan,<br \/>\n\u00bfal banqulilo?<\/strong><\/p>\n<p>Hay una investigaci\u00f3n contra los Legionarios de Cristo y su v\u00ednculo con Martha Sahag\u00fan esposa del expresidente Vicente Fox.<\/p>\n<p>As\u00ed lo inform\u00f3 Santiago Nieto Castillo, titular de la Unidad de Inteligencia Financiera (UIF) de la Secretar\u00eda de Hacienda y Cr\u00e9dito P\u00fablico.<\/p>\n<p>Como se sabe los llamados Legionarios de Cristo, de triste fama por la conducta de algunos de sus directivos, gozaron de un poder pol\u00edtico y econ\u00f3mico extraordinario durante el sexenio de Fox.<\/p>\n<p>Fue determinante la ayuda de la exprimera dama para el empoderamiento de ese grupo religioso, que se apresur\u00f3 a defender a Martha Sahag\u00fan, al decir que solamente se ocupaba de recoger las limosnas.<\/p>\n<p>La UIF investiga a esa orden religiosa para detectar posibles irregularidades en el manejo de recursos p\u00fablicos entregados a organizaciones de la sociedad civil.<\/p>\n<p>Quiz\u00e1 lo m\u00e1s importante de esta informaci\u00f3n es que se empieza a llamar a cuentas a pol\u00edticos que desempe\u00f1aron cargos que les permitieron saquear los recursos p\u00fablicos.<\/p>\n<p>Durante el presente gobierno se abrieron carpetas de investigaci\u00f3n, en las que se encuentran exfuncionarios, pol\u00edticos, l\u00edderes sindicales, etc., que deben responder por los delitos de peculado y enriquecimiento il\u00edcito.<\/p>\n<p>Solo que del n\u00famero de exfuncionarios que tienen cuentas pendientes con la justicia, unos cuantos se encuentran en la c\u00e1rcel. Un pez gordo es Rosario Robles a quien mantienen en prisi\u00f3n.<\/p>\n<p>Los dem\u00e1s acusados gozan de libertad absoluta. Anote en la lista de corruptos a Eduardo Medina Mora, Emilio Lozoya, Carlos Romero Deschamps, etc.<\/p>\n<p style=\"text-align: right;\"><strong><em>Feliz fin de semana<\/em><\/strong><\/p>\n<p><span class=\"Apple-converted-space\"><em><u><a href=\"mailto:aco2742@hotmail.com\" target=\"_blank\" rel=\"noopener noreferrer\">aco2742@hotmail.com<\/a><\/u><\/em><\/span><u><\/u><\/p>\n","protected":false},"excerpt":{"rendered":"<p><span style=\"color: #005497;\"><strong>Augusto Corro<\/strong><\/span><\/p>\n","protected":false},"author":3,"featured_media":0,"comment_status":"open","ping_status":"open","sticky":false,"template":"","format":"standard","meta":{"_monsterinsights_skip_tracking":false,"_monsterinsights_sitenote_active":false,"_monsterinsights_sitenote_note":"","_monsterinsights_sitenote_category":0,"footnotes":""},"categories":[157],"tags":[43686,43674,11515],"class_list":["post-455553","post","type-post","status-publish","format-standard","hentry","category-augusto-corro","tag-augusto-corro","tag-opinion","tag-punto-por-punto"],"_links":{"self":[{"href":"https:\/\/www.diarioimagen.net\/index.php?rest_route=\/wp\/v2\/posts\/455553","targetHints":{"allow":["GET"]}}],"collection":[{"href":"https:\/\/www.diarioimagen.net\/index.php?rest_route=\/wp\/v2\/posts"}],"about":[{"href":"https:\/\/www.diarioimagen.net\/index.php?rest_route=\/wp\/v2\/types\/post"}],"author":[{"embeddable":true,"href":"https:\/\/www.diarioimagen.net\/index.php?rest_route=\/wp\/v2\/users\/3"}],"replies":[{"embeddable":true,"href":"https:\/\/www.diarioimagen.net\/index.php?rest_route=%2Fwp%2Fv2%2Fcomments&post=455553"}],"version-history":[{"count":0,"href":"https:\/\/www.diarioimagen.net\/index.php?rest_route=\/wp\/v2\/posts\/455553\/revisions"}],"wp:attachment":[{"href":"https:\/\/www.diarioimagen.net\/index.php?rest_route=%2Fwp%2Fv2%2Fmedia&parent=455553"}],"wp:term":[{"taxonomy":"category","embeddable":true,"href":"https:\/\/www.diarioimagen.net\/index.php?rest_route=%2Fwp%2Fv2%2Fcategories&post=455553"},{"taxonomy":"post_tag","embeddable":true,"href":"https:\/\/www.diarioimagen.net\/index.php?rest_route=%2Fwp%2Fv2%2Ftags&post=455553"}],"curies":[{"name":"wp","href":"https:\/\/api.w.org\/{rel}","templated":true}]}}