{"id":455555,"date":"2020-01-10T00:03:32","date_gmt":"2020-01-10T06:03:32","guid":{"rendered":"https:\/\/www.diarioimagen.net\/?p=455555"},"modified":"2020-01-10T03:54:54","modified_gmt":"2020-01-10T09:54:54","slug":"mexico-el-hermano-mayor","status":"publish","type":"post","link":"https:\/\/www.diarioimagen.net\/?p=455555","title":{"rendered":"M\u00e9xico, \u00bfel hermano mayor?"},"content":{"rendered":"<h2>Espacio Electoral<\/h2>\n<h5>Eleazar Flores<\/h5>\n<p>&nbsp;<\/p>\n<p>&nbsp;<\/p>\n<p><strong>\u00d3RGANO CALDERONISTA<\/strong>-. La hoy famosa Comunidad de Estados Latinoamericanos y Caribe\u00f1os gracias al resurgimiento ordenado por la Cuarta Transformaci\u00f3n, es un \u00f3rgano que naci\u00f3 el 3 de diciembre de 2011, en plena etapa del sexenio del ex presidente Felipe Calder\u00f3n Hinojosa.<\/p>\n<p>De entonces a la fecha ha tenido dirigentes de todos los niveles, con decirlo que el inmediato anterior que termin\u00f3 esta semana lo presid\u00eda el boliviano Evo Morales, s\u00ed aunque usted no lo crea.<\/p>\n<p>Esto significa que el presidente Andr\u00e9s Manuel L\u00f3pez Obrador, que el mi\u00e9rcoles asumi\u00f3 el liderazgo de esta comunidad abreviada como CELAC, hasta en esto le sigue los pasos al destituido presidente de Bolivia, tra\u00eddo a M\u00e9xico con costo a nuestro bolsillo, ido a Cuba y finalmente a Argentina, justamente uno de los pa\u00edses miembros de la CELAC, que con los nombres que lea constatar\u00e1 lo variopinto que es.<\/p>\n<p>En orden alfab\u00e9tico para no herir susceptibilidades, los pa\u00edses integrantes de la CELAC son Antigua, Bermudas, Argentina, Bahamas, Barbados, Belice, Brasil, Colombia, Costa Rica, Cuba, Chile, Rep\u00fablica Dominicana, Ecuador, El Salvador, Granada, Guatemala, Guyana, Hait\u00ed, Honduras, Jamaica, Nicaragua, Panam\u00e1, Paraguay, Per\u00fa, San Crist\u00f3bal, San Vicente, Las Granadinas, Santa Luc\u00eda, Surinam, Trinidad y Tobago, Paraguay, Venezuela y M\u00e9xico.<\/p>\n<p>Como ver\u00e1, hay pa\u00edses de todos los niveles, econ\u00f3micos y demogr\u00e1ficos pero algunos de ellos han renunciado, con su ausencia a las convocatorias, a su afiliaci\u00f3n como el caso de Brasil. De todos modos como \u201caqu\u00ed nos toc\u00f3 vivir\u201d, como lo dice la destacada periodista Cristina Pacheco, tenemos que ser parte de la CELAC, pero de ah\u00ed a que nos auto consideremos como el \u201chermano mayor\u201d.<\/p>\n<p>Decirlo y aceptarlo ser\u00eda como analizar el terreno futbol\u00edstico, donde M\u00e9xico forma parte de la desacreditada CONCACAF, -chote\u00e1ndola algunos al bautizarla como CONCACHAMPION-, y creer que somos la aplanadora, no obstante que el algunos torneos y partidos no solo los Estados Unidos nos han ganado, tambi\u00e9n otros de menor nombre y presencia.<\/p>\n<p>La creaci\u00f3n de la CELAC fue una buena medida, esperando que con ello se le recuerde al presidente L\u00f3pez Obrador que no todo el sexenio calderonista fue malo; sin embargo ha habido mandatarios de algunos pa\u00edses integrantes del organismo que han dejado qu\u00e9 desear, sin desconocer que tambi\u00e9n tiene sus simpatizantes como el caso del boliviano Evo Morales.<\/p>\n<p>Si el mandatario o su esposa han dejado atr\u00e1s sobrenombres como el de \u201cprimera dama\u201d, bueno ser\u00eda que eso de \u201chermano mayor\u201d lo omita en todo el padre de la Cuarta Transformaci\u00f3n, quien por cierto entre los pa\u00edses citados se siente m\u00e1s c\u00f3modo pero se niega a ir a Davos, Suiza, al c\u00f3nclave econ\u00f3mico del grupo de los veinte, \u00bfporqu\u00e9 ser\u00e1?<\/p>\n<p><a href=\"mailto:elefa44@gmail.com\" target=\"_blank\" rel=\"noopener noreferrer\"><em>elefa44@gmail.com<\/em><\/a><\/p>\n","protected":false},"excerpt":{"rendered":"<p><span style=\"color: #005497;\"><strong>Eleazar Flores<\/strong><\/span><\/p>\n","protected":false},"author":3,"featured_media":0,"comment_status":"open","ping_status":"open","sticky":false,"template":"","format":"standard","meta":{"_monsterinsights_skip_tracking":false,"_monsterinsights_sitenote_active":false,"_monsterinsights_sitenote_note":"","_monsterinsights_sitenote_category":0,"footnotes":""},"categories":[81743],"tags":[81744,81776,43674],"class_list":["post-455555","post","type-post","status-publish","format-standard","hentry","category-eleazar-flores","tag-eleazar-flores","tag-espacio-electoral","tag-opinion"],"_links":{"self":[{"href":"https:\/\/www.diarioimagen.net\/index.php?rest_route=\/wp\/v2\/posts\/455555","targetHints":{"allow":["GET"]}}],"collection":[{"href":"https:\/\/www.diarioimagen.net\/index.php?rest_route=\/wp\/v2\/posts"}],"about":[{"href":"https:\/\/www.diarioimagen.net\/index.php?rest_route=\/wp\/v2\/types\/post"}],"author":[{"embeddable":true,"href":"https:\/\/www.diarioimagen.net\/index.php?rest_route=\/wp\/v2\/users\/3"}],"replies":[{"embeddable":true,"href":"https:\/\/www.diarioimagen.net\/index.php?rest_route=%2Fwp%2Fv2%2Fcomments&post=455555"}],"version-history":[{"count":0,"href":"https:\/\/www.diarioimagen.net\/index.php?rest_route=\/wp\/v2\/posts\/455555\/revisions"}],"wp:attachment":[{"href":"https:\/\/www.diarioimagen.net\/index.php?rest_route=%2Fwp%2Fv2%2Fmedia&parent=455555"}],"wp:term":[{"taxonomy":"category","embeddable":true,"href":"https:\/\/www.diarioimagen.net\/index.php?rest_route=%2Fwp%2Fv2%2Fcategories&post=455555"},{"taxonomy":"post_tag","embeddable":true,"href":"https:\/\/www.diarioimagen.net\/index.php?rest_route=%2Fwp%2Fv2%2Ftags&post=455555"}],"curies":[{"name":"wp","href":"https:\/\/api.w.org\/{rel}","templated":true}]}}