{"id":455694,"date":"2020-01-13T00:05:22","date_gmt":"2020-01-13T06:05:22","guid":{"rendered":"https:\/\/www.diarioimagen.net\/?p=455694"},"modified":"2020-01-13T05:55:30","modified_gmt":"2020-01-13T11:55:30","slug":"cuatro-licenciaturas-de-la-uaem-refrendan-reconocimiento-nacional","status":"publish","type":"post","link":"https:\/\/www.diarioimagen.net\/?p=455694","title":{"rendered":"Cuatro licenciaturas de la UAEM refrendan reconocimiento nacional"},"content":{"rendered":"<ul>\n<li><em><strong>Fueron reacreditadas por un periodo de 5 a\u00f1os<\/strong><\/em><\/li>\n<li><em><strong>Destacan que la evaluaci\u00f3n que realiza el COAPEHUM es integral<\/strong><\/em><\/li>\n<\/ul>\n<p>&nbsp;<\/p>\n<div id=\"attachment_455767\" style=\"width: 470px\" class=\"wp-caption aligncenter\"><a href=\"https:\/\/www.diarioimagen.net\/?attachment_id=455767\" rel=\"attachment wp-att-455767\"><img loading=\"lazy\" decoding=\"async\" aria-describedby=\"caption-attachment-455767\" class=\"size-large wp-image-455767\" src=\"https:\/\/www.diarioimagen.net\/wp-content\/uploads\/2020\/01\/UAEM-1-460x259.jpg\" alt=\"\" width=\"460\" height=\"259\" srcset=\"https:\/\/www.diarioimagen.net\/wp-content\/uploads\/2020\/01\/UAEM-1-460x259.jpg 460w, https:\/\/www.diarioimagen.net\/wp-content\/uploads\/2020\/01\/UAEM-1-240x135.jpg 240w, https:\/\/www.diarioimagen.net\/wp-content\/uploads\/2020\/01\/UAEM-1-235x132.jpg 235w, https:\/\/www.diarioimagen.net\/wp-content\/uploads\/2020\/01\/UAEM-1-202x114.jpg 202w, https:\/\/www.diarioimagen.net\/wp-content\/uploads\/2020\/01\/UAEM-1-350x196.jpg 350w, https:\/\/www.diarioimagen.net\/wp-content\/uploads\/2020\/01\/UAEM-1-220x123.jpg 220w, https:\/\/www.diarioimagen.net\/wp-content\/uploads\/2020\/01\/UAEM-1-237x132.jpg 237w, https:\/\/www.diarioimagen.net\/wp-content\/uploads\/2020\/01\/UAEM-1.jpg 480w\" sizes=\"auto, (max-width: 460px) 100vw, 460px\" \/><\/a><p id=\"caption-attachment-455767\" class=\"wp-caption-text\">Fueron reacreditadas por un periodo de cinco a\u00f1os, licenciaturas en Filosof\u00eda y Lengua y Literatura Hisp\u00e1nicas de la Facultad de Humanidades, as\u00ed como Lenguas y Ense\u00f1anza del Ingl\u00e9s de la Facultad de Lenguas de la UAEM.<\/p><\/div>\n<p>&nbsp;<\/p>\n<p><strong>Toluca, Estado de M\u00e9xico<\/strong>.- Las licenciaturas en Filosof\u00eda y Lengua y Literatura Hisp\u00e1nicas de la Facultad de Humanidades, as\u00ed como Lenguas y Ense\u00f1anza del Ingl\u00e9s de la Facultad de Lenguas de la Universidad Aut\u00f3noma del Estado de M\u00e9xico, fueron reacreditadas, por un periodo de cinco a\u00f1os, por el Consejo para la Acreditaci\u00f3n de Programas Educativos en Humanidades (COAPEHUM).<\/p>\n<p>Dicho organismo, avalado por el Consejo para la Acreditaci\u00f3n de la Educaci\u00f3n Superior (COPAES), eval\u00faa aspectos como los planes de estudio y los profesores, para lo cual realiza entrevistas a acad\u00e9micos, trabajadores administrativos, directivos, egresados y empleadores; asimismo, eval\u00faa la infraestructura e instalaciones de los espacios acad\u00e9micos, es decir, salones, bibliotecas, \u00e1reas administrativas y cub\u00edculos.<\/p>\n<p>director de la Facultad de Humanidades, Fernando D\u00edaz Ortega, indic\u00f3 que las licenciaturas en Filosof\u00eda y Lengua y Literatura Hisp\u00e1nicas est\u00e1n acreditadas desde 2009.<\/p>\n<p>Resalt\u00f3 que la evaluaci\u00f3n que realiza el COAPEHUM es integral y en la actualidad, las cinco licenciaturas de la Facultad est\u00e1n acreditadas, mientras que los dos posgrados que ofrece forman parte del Programa Nacional\u00a0de Posgrados de Calidad (PNPC) del Consejo Nacional de Ciencia y Tecnolog\u00eda (CONACyT).<\/p>\n<p>Por su parte, el director de la Facultad de Lenguas, Jos\u00e9 Alfredo S\u00e1nchez Guadarrama, destac\u00f3 que las licenciaturas en Lenguas y Ense\u00f1anza del Ingl\u00e9s est\u00e1n acreditadas desde 2013.<\/p>\n<p>Puntualiz\u00f3 que todos los alumnos de este espacio acad\u00e9mico realizan estudios en programas educativos de calidad, ya que la Maestr\u00eda en Ling\u00fc\u00edstica Aplicada forma parte del PNPC del CONACyT.<\/p>\n<p>Asegur\u00f3 que las reacreditaciones de ambas licenciaturas colocan a la Aut\u00f3noma mexiquense a la vanguardia y dan certeza a los estudiantes de realizar estudios en programas cuya calidad cuenta con reconocimiento nacional.<\/p>\n","protected":false},"excerpt":{"rendered":"<p>Las licenciaturas en Filosof\u00eda y Lengua y Literatura Hisp\u00e1nicas de la Facultad de Humanidades, as\u00ed como Lenguas y Ense\u00f1anza del Ingl\u00e9s de la Facultad de Lenguas de la Universidad Aut\u00f3noma del Estado de M\u00e9xico, fueron reacreditadas, por un periodo de cinco a\u00f1os, por el Consejo para la Acreditaci\u00f3n de Programas Educativos en Humanidades (COAPEHUM).<\/p>\n","protected":false},"author":3,"featured_media":455767,"comment_status":"open","ping_status":"open","sticky":false,"template":"","format":"standard","meta":{"_monsterinsights_skip_tracking":false,"_monsterinsights_sitenote_active":false,"_monsterinsights_sitenote_note":"","_monsterinsights_sitenote_category":0,"footnotes":""},"categories":[5],"tags":[43675,89488,452,1491],"class_list":["post-455694","post","type-post","status-publish","format-standard","has-post-thumbnail","hentry","category-estado-de-mexico","tag-estado-de-mexico","tag-licencitura","tag-toluca","tag-uaem"],"_links":{"self":[{"href":"https:\/\/www.diarioimagen.net\/index.php?rest_route=\/wp\/v2\/posts\/455694","targetHints":{"allow":["GET"]}}],"collection":[{"href":"https:\/\/www.diarioimagen.net\/index.php?rest_route=\/wp\/v2\/posts"}],"about":[{"href":"https:\/\/www.diarioimagen.net\/index.php?rest_route=\/wp\/v2\/types\/post"}],"author":[{"embeddable":true,"href":"https:\/\/www.diarioimagen.net\/index.php?rest_route=\/wp\/v2\/users\/3"}],"replies":[{"embeddable":true,"href":"https:\/\/www.diarioimagen.net\/index.php?rest_route=%2Fwp%2Fv2%2Fcomments&post=455694"}],"version-history":[{"count":0,"href":"https:\/\/www.diarioimagen.net\/index.php?rest_route=\/wp\/v2\/posts\/455694\/revisions"}],"wp:featuredmedia":[{"embeddable":true,"href":"https:\/\/www.diarioimagen.net\/index.php?rest_route=\/wp\/v2\/media\/455767"}],"wp:attachment":[{"href":"https:\/\/www.diarioimagen.net\/index.php?rest_route=%2Fwp%2Fv2%2Fmedia&parent=455694"}],"wp:term":[{"taxonomy":"category","embeddable":true,"href":"https:\/\/www.diarioimagen.net\/index.php?rest_route=%2Fwp%2Fv2%2Fcategories&post=455694"},{"taxonomy":"post_tag","embeddable":true,"href":"https:\/\/www.diarioimagen.net\/index.php?rest_route=%2Fwp%2Fv2%2Ftags&post=455694"}],"curies":[{"name":"wp","href":"https:\/\/api.w.org\/{rel}","templated":true}]}}