{"id":455700,"date":"2020-01-13T00:02:28","date_gmt":"2020-01-13T06:02:28","guid":{"rendered":"https:\/\/www.diarioimagen.net\/?p=455700"},"modified":"2020-01-13T06:01:03","modified_gmt":"2020-01-13T12:01:03","slug":"impulsa-el-gobierno-de-naucalpan-capacitacion-y-becas-para-estudiantes","status":"publish","type":"post","link":"https:\/\/www.diarioimagen.net\/?p=455700","title":{"rendered":"Impulsa el gobierno de Naucalpan capacitaci\u00f3n y becas para estudiantes"},"content":{"rendered":"<ul>\n<li><strong><em>Convenio con tecnol\u00f3gico universitario<\/em><\/strong><\/li>\n<\/ul>\n<p>&nbsp;<\/p>\n<div id=\"attachment_455777\" style=\"width: 470px\" class=\"wp-caption aligncenter\"><a href=\"https:\/\/www.diarioimagen.net\/?attachment_id=455777\" rel=\"attachment wp-att-455777\"><img loading=\"lazy\" decoding=\"async\" aria-describedby=\"caption-attachment-455777\" class=\"size-large wp-image-455777\" src=\"https:\/\/www.diarioimagen.net\/wp-content\/uploads\/2020\/01\/NAUCALPAN--460x250.jpg\" alt=\"\" width=\"460\" height=\"250\" srcset=\"https:\/\/www.diarioimagen.net\/wp-content\/uploads\/2020\/01\/NAUCALPAN--460x250.jpg 460w, https:\/\/www.diarioimagen.net\/wp-content\/uploads\/2020\/01\/NAUCALPAN--240x130.jpg 240w, https:\/\/www.diarioimagen.net\/wp-content\/uploads\/2020\/01\/NAUCALPAN-.jpg 700w\" sizes=\"auto, (max-width: 460px) 100vw, 460px\" \/><\/a><p id=\"caption-attachment-455777\" class=\"wp-caption-text\">Naucalpan contar\u00e1 con ferias itinerantes de empleo y un taller de emprendimiento en el Tecnol\u00f3gico Universitario Naucalpan (TUD).<\/p><\/div>\n<p>&nbsp;<\/p>\n<p><strong>Naucalpan, Estado de M\u00e9xico<\/strong>.- El municipio de Naucalpan contar\u00e1 con ferias itinerantes de empleo y un taller de emprendimiento en el Tecnol\u00f3gico Universitario Naucalpan (TUD), luego del convenio que el Gobierno municipal firm\u00f3 con dicha instituci\u00f3n.<\/p>\n<p>Como parte del Programa de Impulso al Empleo y Mipymes, la firma autoriz\u00f3 becas del 92 por ciento para 35 personas en el taller \u201cCreando Tu Empresa\u201d; es decir, de 6 mil 250 pesos, cada ciudadano solo pagar\u00e1 500 por todo el mes que durar\u00e1 la impartici\u00f3n en el TUD.<\/p>\n<p>El curso, perteneciente a la Fundaci\u00f3n ProEmpleo Productivo A.C., contemplar\u00e1 m\u00f3dulos sobre desarrollo humano, administraci\u00f3n y mercadotecnia, finanzas, aspectos legales y fiscales, ventas y servicios al cliente, as\u00ed como responsabilidad social empresarial.<\/p>\n<p>Los naucalpenses interesados podr\u00e1n acercarse a la Direcci\u00f3n de Empleo y Mipymes, de la Secretar\u00eda de Desarrollo Econ\u00f3mico municipal, para registrarse en la selecci\u00f3n de beneficiarios.<\/p>\n<p>Asimismo, con la firma se formaliz\u00f3 la realizaci\u00f3n de ferias itinerantes de empleo en el mismo tecnol\u00f3gico, a fin de acercar a los j\u00f3venes a oportunidades de empleo que fortalezcan su econom\u00eda y la de sus familias.<\/p>\n<p>Al respecto, el Secretario de Desarrollo Econ\u00f3mico municipal, Alfredo Vinalay Mora, asegur\u00f3 que es fundamental reactivar la vocaci\u00f3n econ\u00f3mica, industrial y comercial del municipio para lograr la prosperidad de sus habitantes.<\/p>\n<p>\u201cNaucalpan, por su situaci\u00f3n geogr\u00e1fica, hist\u00f3ricamente ha sido un lugar de comercio, un paso obligado hacia la Ciudad de M\u00e9xico, un lugar en el que la actividad comercial ha sido la actividad principal.<\/p>\n<p>\u201cSomos un eje fundamental en la actividad econ\u00f3mica del Estado de M\u00e9xico\u201d, destac\u00f3 Vinalay Mora.<\/p>\n<p>Por su parte, el director del Tecnol\u00f3gico Universitario Naucalpan, Eduardo Garc\u00eda Garc\u00eda, celebr\u00f3 la firma del convenio, ya que en M\u00e9xico hay mucho potencial con los j\u00f3venes, quienes representan el grueso de la poblaci\u00f3n.<\/p>\n","protected":false},"excerpt":{"rendered":"<p>El municipio de Naucalpan contar\u00e1 con ferias itinerantes de empleo y un taller de emprendimiento en el Tecnol\u00f3gico Universitario Naucalpan (TUD), luego del convenio que el Gobierno municipal firm\u00f3 con dicha instituci\u00f3n.<\/p>\n","protected":false},"author":3,"featured_media":455777,"comment_status":"open","ping_status":"open","sticky":false,"template":"","format":"standard","meta":{"_monsterinsights_skip_tracking":false,"_monsterinsights_sitenote_active":false,"_monsterinsights_sitenote_note":"","_monsterinsights_sitenote_category":0,"footnotes":""},"categories":[5],"tags":[11642,25972,43675,970],"class_list":["post-455700","post","type-post","status-publish","format-standard","has-post-thumbnail","hentry","category-estado-de-mexico","tag-becas","tag-capacitacion","tag-estado-de-mexico","tag-naucalpan"],"_links":{"self":[{"href":"https:\/\/www.diarioimagen.net\/index.php?rest_route=\/wp\/v2\/posts\/455700","targetHints":{"allow":["GET"]}}],"collection":[{"href":"https:\/\/www.diarioimagen.net\/index.php?rest_route=\/wp\/v2\/posts"}],"about":[{"href":"https:\/\/www.diarioimagen.net\/index.php?rest_route=\/wp\/v2\/types\/post"}],"author":[{"embeddable":true,"href":"https:\/\/www.diarioimagen.net\/index.php?rest_route=\/wp\/v2\/users\/3"}],"replies":[{"embeddable":true,"href":"https:\/\/www.diarioimagen.net\/index.php?rest_route=%2Fwp%2Fv2%2Fcomments&post=455700"}],"version-history":[{"count":0,"href":"https:\/\/www.diarioimagen.net\/index.php?rest_route=\/wp\/v2\/posts\/455700\/revisions"}],"wp:featuredmedia":[{"embeddable":true,"href":"https:\/\/www.diarioimagen.net\/index.php?rest_route=\/wp\/v2\/media\/455777"}],"wp:attachment":[{"href":"https:\/\/www.diarioimagen.net\/index.php?rest_route=%2Fwp%2Fv2%2Fmedia&parent=455700"}],"wp:term":[{"taxonomy":"category","embeddable":true,"href":"https:\/\/www.diarioimagen.net\/index.php?rest_route=%2Fwp%2Fv2%2Fcategories&post=455700"},{"taxonomy":"post_tag","embeddable":true,"href":"https:\/\/www.diarioimagen.net\/index.php?rest_route=%2Fwp%2Fv2%2Ftags&post=455700"}],"curies":[{"name":"wp","href":"https:\/\/api.w.org\/{rel}","templated":true}]}}