{"id":455793,"date":"2020-01-14T00:03:51","date_gmt":"2020-01-14T06:03:51","guid":{"rendered":"https:\/\/www.diarioimagen.net\/?p=455793"},"modified":"2020-01-14T01:01:03","modified_gmt":"2020-01-14T07:01:03","slug":"ningun-aumento-a-combustibles-en-este-ano-profeco","status":"publish","type":"post","link":"https:\/\/www.diarioimagen.net\/?p=455793","title":{"rendered":"Ning\u00fan aumento a combustibles en este a\u00f1o: Profeco"},"content":{"rendered":"<ul>\n<li><em><strong>A partir de febrero cobrar\u00e1 multas<\/strong><\/em><\/li>\n<\/ul>\n<p>&nbsp;<\/p>\n<div id=\"attachment_455794\" style=\"width: 470px\" class=\"wp-caption aligncenter\"><img loading=\"lazy\" decoding=\"async\" aria-describedby=\"caption-attachment-455794\" class=\"size-large wp-image-455794\" src=\"https:\/\/www.diarioimagen.net\/wp-content\/uploads\/2020\/01\/GASOLINAZO14-PORTAL-460x268.png\" alt=\"\" width=\"460\" height=\"268\" srcset=\"https:\/\/www.diarioimagen.net\/wp-content\/uploads\/2020\/01\/GASOLINAZO14-PORTAL-460x268.png 460w, https:\/\/www.diarioimagen.net\/wp-content\/uploads\/2020\/01\/GASOLINAZO14-PORTAL-240x140.png 240w, https:\/\/www.diarioimagen.net\/wp-content\/uploads\/2020\/01\/GASOLINAZO14-PORTAL.png 480w\" sizes=\"auto, (max-width: 460px) 100vw, 460px\" \/><p id=\"caption-attachment-455794\" class=\"wp-caption-text\">Profeco anunci\u00f3 este lunes que a partir de febrero este organismo cobrar\u00e1 las multas que imponga.<\/p><\/div>\n<p>&nbsp;<\/p>\n<p>Ricardo Sheffield, titular de la Procuradur\u00eda Federal del Consumidor (Profeco) anunci\u00f3 este lunes que a partir de febrero este organismo cobrar\u00e1 las multas que imponga y garantiz\u00f3 que el costo de las gasolinas y la energ\u00eda el\u00e9ctrica no registrar\u00e1n aumentos de precio en 2020.<\/p>\n<p>\u201cHay una estabilidad e incluso una baja en los precios. \u00bfQu\u00e9 podemos esperar para el 2020? Con base a los promedios de Pemex (Petr\u00f3leos Mexicanos), tomando en cuenta los puntos de distribuci\u00f3n, excepto en la frontera, el promedio del precio de la gasolina regular ser\u00e1 de 18.20 centavos, en la Magna 19.73 y en diesel 19.48; se continuar\u00e1 cumpliendo con la pol\u00edtica de no incrementar los precios a los carburantes\u201d, explic\u00f3.<\/p>\n<p>En la conferencia de prensa matutina del presidente Andr\u00e9s Manuel L\u00f3pez Obrador, Sheffield a\u00f1adi\u00f3 que el informe correspondiente a 13 meses, desde que inici\u00f3 la administraci\u00f3n actual, hubo ligeros repuntes en el precio de las gasolinas, pero se mantuvo una estabilidad en los precios.<\/p>\n<p>A\u00f1adi\u00f3 que en ese periodo se atendieron 11 mil 429 denuncias, se realizaron siete mil 900 visitas a gasolineras, se visitaron a m\u00e1s del 50 por ciento de estos establecimientos en el pa\u00eds, el 2.0 por ciento de las mismas se negaron a ser revisadas.<\/p>\n<p>Sheffield dijo que hubo varios factores que influyeron en la estabilidad de los precios, uno de ellos es que se mantuvo el tipo de cambio del peso frente al d\u00f3lar, una pol\u00edtica fiscal adecuada, el combate al robo de combustibles y el trabajo coordinado entre las dependencias.<\/p>\n<p>\u201cProfeco va a cobrar sus propias multas para eficientar el comportamiento de las gasolineras y distribuidoras de gas del pa\u00eds. Adem\u00e1s de acuerdo a la Norma 185, vamos a poder revisar el software de las gasolineras para detectar los rastrillos tecnol\u00f3gicos\u201d, para evitar se venda menos de lo que se paga por los carburantes en las estaciones de servicio al p\u00fablico, apunt\u00f3 el funcionario.<\/p>\n","protected":false},"excerpt":{"rendered":"<p>Ricardo Sheffield, titular de la Procuradur\u00eda Federal del Consumidor (Profeco) anunci\u00f3 este lunes que a partir de febrero este organismo cobrar\u00e1 las multas que imponga y garantiz\u00f3 que el costo de las gasolinas y la energ\u00eda el\u00e9ctrica no registrar\u00e1n aumentos de precio en 2020.<\/p>\n","protected":false},"author":5,"featured_media":455794,"comment_status":"open","ping_status":"open","sticky":false,"template":"","format":"standard","meta":{"_monsterinsights_skip_tracking":false,"_monsterinsights_sitenote_active":false,"_monsterinsights_sitenote_note":"","_monsterinsights_sitenote_category":0,"footnotes":""},"categories":[3],"tags":[16997,89490,4771,50668,43673,2411,356,87793],"class_list":["post-455793","post","type-post","status-publish","format-standard","has-post-thumbnail","hentry","category-nacional","tag-aumento","tag-aumento-a-combustibles","tag-combustible","tag-finanas","tag-nacional","tag-petroleos-mexicanos","tag-profeco","tag-ricardo-sheffield"],"_links":{"self":[{"href":"https:\/\/www.diarioimagen.net\/index.php?rest_route=\/wp\/v2\/posts\/455793","targetHints":{"allow":["GET"]}}],"collection":[{"href":"https:\/\/www.diarioimagen.net\/index.php?rest_route=\/wp\/v2\/posts"}],"about":[{"href":"https:\/\/www.diarioimagen.net\/index.php?rest_route=\/wp\/v2\/types\/post"}],"author":[{"embeddable":true,"href":"https:\/\/www.diarioimagen.net\/index.php?rest_route=\/wp\/v2\/users\/5"}],"replies":[{"embeddable":true,"href":"https:\/\/www.diarioimagen.net\/index.php?rest_route=%2Fwp%2Fv2%2Fcomments&post=455793"}],"version-history":[{"count":0,"href":"https:\/\/www.diarioimagen.net\/index.php?rest_route=\/wp\/v2\/posts\/455793\/revisions"}],"wp:featuredmedia":[{"embeddable":true,"href":"https:\/\/www.diarioimagen.net\/index.php?rest_route=\/wp\/v2\/media\/455794"}],"wp:attachment":[{"href":"https:\/\/www.diarioimagen.net\/index.php?rest_route=%2Fwp%2Fv2%2Fmedia&parent=455793"}],"wp:term":[{"taxonomy":"category","embeddable":true,"href":"https:\/\/www.diarioimagen.net\/index.php?rest_route=%2Fwp%2Fv2%2Fcategories&post=455793"},{"taxonomy":"post_tag","embeddable":true,"href":"https:\/\/www.diarioimagen.net\/index.php?rest_route=%2Fwp%2Fv2%2Ftags&post=455793"}],"curies":[{"name":"wp","href":"https:\/\/api.w.org\/{rel}","templated":true}]}}