{"id":455859,"date":"2020-01-14T00:01:36","date_gmt":"2020-01-14T06:01:36","guid":{"rendered":"https:\/\/www.diarioimagen.net\/?p=455859"},"modified":"2020-01-14T01:34:38","modified_gmt":"2020-01-14T07:34:38","slug":"la-uaem-a-la-vanguardia-en-el-campo-de-la-terapia-ocupacional","status":"publish","type":"post","link":"https:\/\/www.diarioimagen.net\/?p=455859","title":{"rendered":"La UAEM, a la vanguardia en el campo de la terapia ocupacional"},"content":{"rendered":"<ul>\n<li><em><strong>Servicios de estimulaci\u00f3n temprana y recuperaci\u00f3n<\/strong><\/em><\/li>\n<li><em><strong>Equipamiento necesario para que estudiantes atiendan a ni\u00f1os<\/strong><\/em><\/li>\n<\/ul>\n<p>&nbsp;<\/p>\n<div id=\"attachment_455956\" style=\"width: 470px\" class=\"wp-caption aligncenter\"><a href=\"https:\/\/www.diarioimagen.net\/?attachment_id=455956\" rel=\"attachment wp-att-455956\"><img loading=\"lazy\" decoding=\"async\" aria-describedby=\"caption-attachment-455956\" class=\"size-large wp-image-455956\" src=\"https:\/\/www.diarioimagen.net\/wp-content\/uploads\/2020\/01\/uaem14020-460x259.jpg\" alt=\"\" width=\"460\" height=\"259\" srcset=\"https:\/\/www.diarioimagen.net\/wp-content\/uploads\/2020\/01\/uaem14020-460x259.jpg 460w, https:\/\/www.diarioimagen.net\/wp-content\/uploads\/2020\/01\/uaem14020-240x135.jpg 240w, https:\/\/www.diarioimagen.net\/wp-content\/uploads\/2020\/01\/uaem14020-235x132.jpg 235w, https:\/\/www.diarioimagen.net\/wp-content\/uploads\/2020\/01\/uaem14020-202x114.jpg 202w, https:\/\/www.diarioimagen.net\/wp-content\/uploads\/2020\/01\/uaem14020-350x196.jpg 350w, https:\/\/www.diarioimagen.net\/wp-content\/uploads\/2020\/01\/uaem14020-220x123.jpg 220w, https:\/\/www.diarioimagen.net\/wp-content\/uploads\/2020\/01\/uaem14020-237x132.jpg 237w, https:\/\/www.diarioimagen.net\/wp-content\/uploads\/2020\/01\/uaem14020.jpg 480w\" sizes=\"auto, (max-width: 460px) 100vw, 460px\" \/><\/a><p id=\"caption-attachment-455956\" class=\"wp-caption-text\">La UAEM cuenta con el equipamiento necesario para que estudiantes de la Licenciatura en Terapia Ocupacional atiendan a ni\u00f1os diagnosticados con autismo, trastorno de d\u00e9ficit de atenci\u00f3n o par\u00e1lisis cerebral.<\/p><\/div>\n<p>&nbsp;<\/p>\n<p><strong>Toluca, Estado de M\u00e9xico<\/strong>.\u2013 La Universidad Aut\u00f3noma del Estado de M\u00e9xico cuenta con el equipamiento necesario para que estudiantes de la Licenciatura en Terapia Ocupacional atiendan a ni\u00f1os diagnosticados con autismo, trastorno de d\u00e9ficit de atenci\u00f3n o par\u00e1lisis cerebral, fortalezcan su sistema muscular y dise\u00f1en terapias posturales.<\/p>\n<p>Los profesores de la Facultad de Medicina de la UAEM, Roc\u00edo Guadalupe Garc\u00eda Pozos, Ana Gabriela Carmona Alfaro y Arturo Mart\u00ednez Cosme, detallaron que como parte de su formaci\u00f3n profesional en pr\u00e1cticas o pasant\u00eda, los alumnos tienen la oportunidad de ofrecer los servicios de estimulaci\u00f3n temprana y recuperaci\u00f3n a personas de todas las edades.<\/p>\n<p>Explicaron que el \u00e1rea de integraci\u00f3n multisensorial cuenta con una fibra de vidrio que permite trabajar con la visi\u00f3n de ni\u00f1os con autismo y dificultades de aprendizaje, lo que facilita la atenci\u00f3n en un solo est\u00edmulo y mejora las habilidades de tolerancia y concentraci\u00f3n.<\/p>\n<p>En el \u00e1rea de mecanoterapia y kinesioterapia, indicaron, los universitarios atienden a personas con hemiplejia, par\u00e1lisis cerebral, discapacidad f\u00edsica o a quienes se recuperan de fracturas en miembros superiores e inferiores, a fin de mejorar la postura y fortalecer los m\u00fasculos, a trav\u00e9s de equipamiento como estabilizador, bicicleta para mano y tim\u00f3n, entre otros aparatos.<\/p>\n<p>Estas \u00e1reas de trabajo, consideraron los profesores universitarios, son fundamentales para la formaci\u00f3n de los pr\u00f3ximos terapistas ocupacionales, a fin de conocer la amplitud de su campo de trabajo y contribuir con diferentes instituciones p\u00fablicas y privadas.<\/p>\n","protected":false},"excerpt":{"rendered":"<p>La Universidad Aut\u00f3noma del Estado de M\u00e9xico cuenta con el equipamiento necesario para que estudiantes de la Licenciatura en Terapia Ocupacional atiendan a ni\u00f1os diagnosticados con autismo, trastorno de d\u00e9ficit de atenci\u00f3n o par\u00e1lisis cerebral, fortalezcan su sistema muscular y dise\u00f1en terapias posturales.<\/p>\n","protected":false},"author":3,"featured_media":455956,"comment_status":"open","ping_status":"open","sticky":false,"template":"","format":"standard","meta":{"_monsterinsights_skip_tracking":false,"_monsterinsights_sitenote_active":false,"_monsterinsights_sitenote_note":"","_monsterinsights_sitenote_category":0,"footnotes":""},"categories":[5],"tags":[43675,89515,64263,452],"class_list":["post-455859","post","type-post","status-publish","format-standard","has-post-thumbnail","hentry","category-estado-de-mexico","tag-estado-de-mexico","tag-ocupacional","tag-terapia","tag-toluca"],"_links":{"self":[{"href":"https:\/\/www.diarioimagen.net\/index.php?rest_route=\/wp\/v2\/posts\/455859","targetHints":{"allow":["GET"]}}],"collection":[{"href":"https:\/\/www.diarioimagen.net\/index.php?rest_route=\/wp\/v2\/posts"}],"about":[{"href":"https:\/\/www.diarioimagen.net\/index.php?rest_route=\/wp\/v2\/types\/post"}],"author":[{"embeddable":true,"href":"https:\/\/www.diarioimagen.net\/index.php?rest_route=\/wp\/v2\/users\/3"}],"replies":[{"embeddable":true,"href":"https:\/\/www.diarioimagen.net\/index.php?rest_route=%2Fwp%2Fv2%2Fcomments&post=455859"}],"version-history":[{"count":0,"href":"https:\/\/www.diarioimagen.net\/index.php?rest_route=\/wp\/v2\/posts\/455859\/revisions"}],"wp:featuredmedia":[{"embeddable":true,"href":"https:\/\/www.diarioimagen.net\/index.php?rest_route=\/wp\/v2\/media\/455956"}],"wp:attachment":[{"href":"https:\/\/www.diarioimagen.net\/index.php?rest_route=%2Fwp%2Fv2%2Fmedia&parent=455859"}],"wp:term":[{"taxonomy":"category","embeddable":true,"href":"https:\/\/www.diarioimagen.net\/index.php?rest_route=%2Fwp%2Fv2%2Fcategories&post=455859"},{"taxonomy":"post_tag","embeddable":true,"href":"https:\/\/www.diarioimagen.net\/index.php?rest_route=%2Fwp%2Fv2%2Ftags&post=455859"}],"curies":[{"name":"wp","href":"https:\/\/api.w.org\/{rel}","templated":true}]}}