{"id":455861,"date":"2020-01-14T00:02:36","date_gmt":"2020-01-14T06:02:36","guid":{"rendered":"https:\/\/www.diarioimagen.net\/?p=455861"},"modified":"2020-01-14T01:46:41","modified_gmt":"2020-01-14T07:46:41","slug":"inaugura-tomas-palomares-remodelacion-de-instalaciones-sanitarias-en-naucalpan","status":"publish","type":"post","link":"https:\/\/www.diarioimagen.net\/?p=455861","title":{"rendered":"Inaugura Tom\u00e1s Palomares remodelaci\u00f3n de instalaciones sanitarias en Naucalpan"},"content":{"rendered":"<ul>\n<li><strong><em>En \u201cBase V\u00edctoria\u201d<\/em><\/strong><\/li>\n<\/ul>\n<p>&nbsp;<\/p>\n<div id=\"attachment_455958\" style=\"width: 470px\" class=\"wp-caption aligncenter\"><a href=\"https:\/\/www.diarioimagen.net\/?attachment_id=455958\" rel=\"attachment wp-att-455958\"><img loading=\"lazy\" decoding=\"async\" aria-describedby=\"caption-attachment-455958\" class=\"wp-image-455958 size-large\" src=\"https:\/\/www.diarioimagen.net\/wp-content\/uploads\/2020\/01\/NAUCALPAN-2-460x282.jpg\" alt=\"\" width=\"460\" height=\"282\" srcset=\"https:\/\/www.diarioimagen.net\/wp-content\/uploads\/2020\/01\/NAUCALPAN-2-460x282.jpg 460w, https:\/\/www.diarioimagen.net\/wp-content\/uploads\/2020\/01\/NAUCALPAN-2-240x147.jpg 240w, https:\/\/www.diarioimagen.net\/wp-content\/uploads\/2020\/01\/NAUCALPAN-2.jpg 700w\" sizes=\"auto, (max-width: 460px) 100vw, 460px\" \/><\/a><p id=\"caption-attachment-455958\" class=\"wp-caption-text\">Tom\u00e1s Palomares Parra, secretario general del SUTEyM inaugur\u00f3 la remodelaci\u00f3n de los vestidores y ba\u00f1os de los trabajadores de barrido manual en las instalaciones de \u201cBase V\u00edctoria\u201d.<\/p><\/div>\n<p>&nbsp;<\/p>\n<p><strong>Naucalpan, Estado de M\u00e9xico<\/strong>.- Nunca defraudaremos la confianza que ha depositado la Clase Trabajadora en la dirigencia del Sindicato \u00danico de Trabajadores del Estado y sus Municipios (SUTEyM), al contrario, seguiremos velando por el bienestar de todos y cada uno de los agremiados y sus familias.<\/p>\n<p>As\u00ed lo se\u00f1al\u00f3, Tom\u00e1s Palomares Parra, secretario general del Sindicato \u00danico de Trabajadores del estado y sus Municipios (SUTEyM) al inaugurar la remodelaci\u00f3n de los vestidores y ba\u00f1os de los trabajadores de barrido manual en las instalaciones de \u201cBase V\u00edctoria\u201d, los cuales contar\u00e1n con espacios dignos para el desarrollo de sus labores.<\/p>\n<p>\u201cLos trabajadores afiliados al SUTEyM deben de contar con instalaciones dignas para el desarrollo de su funci\u00f3n cotidiana, es por ello que me da mucho gusto inaugurar la remodelaci\u00f3n de vestidores y ba\u00f1os para nuestros compa\u00f1eros, que sin duda sabr\u00e1n aprovechar y cuidar\u201d, destac\u00f3<\/p>\n<p>El secretario general del SUTEyM-secci\u00f3n Naucalpan, afirm\u00f3 en entrevista que\u00a0\u201cnuestro compromiso y obligaci\u00f3n con la familia suteymista es brindarles un clima de trabajo digno para que ustedes (los agremiados), puedan responder satisfactoriamente las demandas de los ciudadanos naucalpenses\u201d, dijo.<\/p>\n<p>En ese sentido, el joven dirigente, manifest\u00f3 que \u201clas acciones emprendidas son ejecutadas sin distingos, ni colores de ning\u00fan tipo, en el que las labores son compartidas entre autoridades municipales y el sindicato. Con la suma de esfuerzos, es como han podido poner los espacios al servicio del ciudadano y por obvias razones, debemos contar con instalaciones apropiadas para los compa\u00f1eros\u201d, abund\u00f3.<\/p>\n<p>Los trabajadores beneficiados como son los delegados\u00a0 Silvestre e Hilario, \u201cEl Alma Grande\u201d, Jer\u00f3nimo \u201cEl Moro Zacatecano\u201d, entre otros, aplaudieron y agradecieron el apoyo que siempre han recibido de la dirigencia municipal. \u201cMi secretario Tom\u00e1s Palomares, siempre se ha preocupado y ocupado por el bienestar de nosotros los sindicalizados, prueba de ello es la inauguraci\u00f3n de \u00e9stas instalaciones la que le agradecemos infinitamente\u201d, coincidieron.<\/p>\n<p>Finalmente, Palomares Parra, refrend\u00f3 su compromiso de trabajar de la mano del gobierno municipal que encabeza la presidenta municipal, Patricia Dur\u00e1n Reveles y exhort\u00f3 a los agremiados a seguir haciendo lo que mejor saben hacer que es trabajar para y por los naucalpenses.<\/p>\n","protected":false},"excerpt":{"rendered":"<p>Nunca defraudaremos la confianza que ha depositado la Clase Trabajadora en la dirigencia del Sindicato \u00danico de Trabajadores del Estado y sus Municipios (SUTEyM), al contrario, seguiremos velando por el bienestar de todos y cada uno de los agremiados y sus familias.<\/p>\n","protected":false},"author":3,"featured_media":455958,"comment_status":"open","ping_status":"open","sticky":false,"template":"","format":"standard","meta":{"_monsterinsights_skip_tracking":false,"_monsterinsights_sitenote_active":false,"_monsterinsights_sitenote_note":"","_monsterinsights_sitenote_category":0,"footnotes":""},"categories":[5],"tags":[43675,63984,970,47523],"class_list":["post-455861","post","type-post","status-publish","format-standard","has-post-thumbnail","hentry","category-estado-de-mexico","tag-estado-de-mexico","tag-instalaciones","tag-naucalpan","tag-remodelacion"],"_links":{"self":[{"href":"https:\/\/www.diarioimagen.net\/index.php?rest_route=\/wp\/v2\/posts\/455861","targetHints":{"allow":["GET"]}}],"collection":[{"href":"https:\/\/www.diarioimagen.net\/index.php?rest_route=\/wp\/v2\/posts"}],"about":[{"href":"https:\/\/www.diarioimagen.net\/index.php?rest_route=\/wp\/v2\/types\/post"}],"author":[{"embeddable":true,"href":"https:\/\/www.diarioimagen.net\/index.php?rest_route=\/wp\/v2\/users\/3"}],"replies":[{"embeddable":true,"href":"https:\/\/www.diarioimagen.net\/index.php?rest_route=%2Fwp%2Fv2%2Fcomments&post=455861"}],"version-history":[{"count":0,"href":"https:\/\/www.diarioimagen.net\/index.php?rest_route=\/wp\/v2\/posts\/455861\/revisions"}],"wp:featuredmedia":[{"embeddable":true,"href":"https:\/\/www.diarioimagen.net\/index.php?rest_route=\/wp\/v2\/media\/455958"}],"wp:attachment":[{"href":"https:\/\/www.diarioimagen.net\/index.php?rest_route=%2Fwp%2Fv2%2Fmedia&parent=455861"}],"wp:term":[{"taxonomy":"category","embeddable":true,"href":"https:\/\/www.diarioimagen.net\/index.php?rest_route=%2Fwp%2Fv2%2Fcategories&post=455861"},{"taxonomy":"post_tag","embeddable":true,"href":"https:\/\/www.diarioimagen.net\/index.php?rest_route=%2Fwp%2Fv2%2Ftags&post=455861"}],"curies":[{"name":"wp","href":"https:\/\/api.w.org\/{rel}","templated":true}]}}