{"id":455863,"date":"2020-01-14T00:03:47","date_gmt":"2020-01-14T06:03:47","guid":{"rendered":"https:\/\/www.diarioimagen.net\/?p=455863"},"modified":"2020-01-14T01:48:36","modified_gmt":"2020-01-14T07:48:36","slug":"dif-atizapan-regala-juguetes-y-aguinaldos-a-ninos-de-primaria-margarita-maza-de-juarez","status":"publish","type":"post","link":"https:\/\/www.diarioimagen.net\/?p=455863","title":{"rendered":"DIF Atizap\u00e1n regala juguetes y aguinaldos a ni\u00f1os de primaria \u201cMargarita Maza de Ju\u00e1rez\u00bb"},"content":{"rendered":"<p><a href=\"https:\/\/www.diarioimagen.net\/?attachment_id=455962\" rel=\"attachment wp-att-455962\"><img loading=\"lazy\" decoding=\"async\" class=\"aligncenter size-large wp-image-455962\" src=\"https:\/\/www.diarioimagen.net\/wp-content\/uploads\/2020\/01\/ATIZAP\u00c1N-14-460x259.jpg\" alt=\"\" width=\"460\" height=\"259\" srcset=\"https:\/\/www.diarioimagen.net\/wp-content\/uploads\/2020\/01\/ATIZAP\u00c1N-14-460x259.jpg 460w, https:\/\/www.diarioimagen.net\/wp-content\/uploads\/2020\/01\/ATIZAP\u00c1N-14-240x135.jpg 240w, https:\/\/www.diarioimagen.net\/wp-content\/uploads\/2020\/01\/ATIZAP\u00c1N-14-235x132.jpg 235w, https:\/\/www.diarioimagen.net\/wp-content\/uploads\/2020\/01\/ATIZAP\u00c1N-14-202x114.jpg 202w, https:\/\/www.diarioimagen.net\/wp-content\/uploads\/2020\/01\/ATIZAP\u00c1N-14-350x196.jpg 350w, https:\/\/www.diarioimagen.net\/wp-content\/uploads\/2020\/01\/ATIZAP\u00c1N-14-220x123.jpg 220w, https:\/\/www.diarioimagen.net\/wp-content\/uploads\/2020\/01\/ATIZAP\u00c1N-14-237x132.jpg 237w, https:\/\/www.diarioimagen.net\/wp-content\/uploads\/2020\/01\/ATIZAP\u00c1N-14.jpg 480w\" sizes=\"auto, (max-width: 460px) 100vw, 460px\" \/><\/a><\/p>\n<p>&nbsp;<\/p>\n<p><strong>Atizap\u00e1n, Estado de M\u00e9xico<\/strong><strong>.- <\/strong>Con rostros de j\u00fabilo, cientos de ni\u00f1os de la escuela Primaria Margarita Maza de Ju\u00e1rez, ubicada en la colonia del mismo nombre, recibieron juguetes y aguinaldos por parte del Sistema DIF Atizap\u00e1n con motivo del D\u00eda de Reyes.<\/p>\n<p>En compa\u00f1\u00eda del coordinador Regional del DIF Estado de M\u00e9xico, Alfredo S\u00e1nchez Flores, el titular del DIF local, Francisco Ledesma Llaca, resalt\u00f3 la importancia de preservar la magia de esta tradici\u00f3n que alimenta el esp\u00edritu y sue\u00f1os de la infancia.<\/p>\n","protected":false},"excerpt":{"rendered":"<p>Con rostros de j\u00fabilo, cientos de ni\u00f1os de la escuela Primaria Margarita Maza de Ju\u00e1rez, ubicada en la colonia del mismo nombre, recibieron juguetes y aguinaldos por parte del Sistema DIF Atizap\u00e1n con motivo del D\u00eda de Reyes.<\/p>\n","protected":false},"author":3,"featured_media":455962,"comment_status":"open","ping_status":"open","sticky":false,"template":"","format":"standard","meta":{"_monsterinsights_skip_tracking":false,"_monsterinsights_sitenote_active":false,"_monsterinsights_sitenote_note":"","_monsterinsights_sitenote_category":0,"footnotes":""},"categories":[5],"tags":[969,43675,89516],"class_list":["post-455863","post","type-post","status-publish","format-standard","has-post-thumbnail","hentry","category-estado-de-mexico","tag-atizapan","tag-estado-de-mexico","tag-margarita-maza-de-juarez"],"_links":{"self":[{"href":"https:\/\/www.diarioimagen.net\/index.php?rest_route=\/wp\/v2\/posts\/455863","targetHints":{"allow":["GET"]}}],"collection":[{"href":"https:\/\/www.diarioimagen.net\/index.php?rest_route=\/wp\/v2\/posts"}],"about":[{"href":"https:\/\/www.diarioimagen.net\/index.php?rest_route=\/wp\/v2\/types\/post"}],"author":[{"embeddable":true,"href":"https:\/\/www.diarioimagen.net\/index.php?rest_route=\/wp\/v2\/users\/3"}],"replies":[{"embeddable":true,"href":"https:\/\/www.diarioimagen.net\/index.php?rest_route=%2Fwp%2Fv2%2Fcomments&post=455863"}],"version-history":[{"count":0,"href":"https:\/\/www.diarioimagen.net\/index.php?rest_route=\/wp\/v2\/posts\/455863\/revisions"}],"wp:featuredmedia":[{"embeddable":true,"href":"https:\/\/www.diarioimagen.net\/index.php?rest_route=\/wp\/v2\/media\/455962"}],"wp:attachment":[{"href":"https:\/\/www.diarioimagen.net\/index.php?rest_route=%2Fwp%2Fv2%2Fmedia&parent=455863"}],"wp:term":[{"taxonomy":"category","embeddable":true,"href":"https:\/\/www.diarioimagen.net\/index.php?rest_route=%2Fwp%2Fv2%2Fcategories&post=455863"},{"taxonomy":"post_tag","embeddable":true,"href":"https:\/\/www.diarioimagen.net\/index.php?rest_route=%2Fwp%2Fv2%2Ftags&post=455863"}],"curies":[{"name":"wp","href":"https:\/\/api.w.org\/{rel}","templated":true}]}}