{"id":455905,"date":"2020-01-14T00:03:33","date_gmt":"2020-01-14T06:03:33","guid":{"rendered":"https:\/\/www.diarioimagen.net\/?p=455905"},"modified":"2020-01-14T00:40:29","modified_gmt":"2020-01-14T06:40:29","slug":"mochila-insegura","status":"publish","type":"post","link":"https:\/\/www.diarioimagen.net\/?p=455905","title":{"rendered":"Mochila (in)segura"},"content":{"rendered":"<h2>Espacio Electoral<\/h2>\n<h5>Eleazar Flores<\/h5>\n<p>&nbsp;<\/p>\n<p><strong>\u00bfQUI\u00c9N LO HAR\u00cdA?<\/strong>&#8211; A ra\u00edz del asesinato en contra de una maestra por parte de uno de sus alumnos, de inmediato surgieron de voces de \u201cexpertos\u201d para enfrentar esos hechos, olvidando que la ra\u00edz de la violencia adolescente se origina en una mayor parte en la desatenci\u00f3n paterna.<\/p>\n<p>Concretamente, en la desintegraci\u00f3n familiar producto de divorcios o separaci\u00f3n de padres o cuando no se llega a esto, los pleitos verbales o hasta f\u00edsicos suceden frente a los propios hijos.<\/p>\n<p><strong>OPERACI\u00d3N MOCHILA<\/strong>-. El o los intentos por llevar a cabo la \u201coperaci\u00f3n mochila\u201d data de hace unos tres lustros o una d\u00e9cada, en tiempos de los reg\u00edmenes panistas, enfocando este procedimiento en las primarias y secundarias p\u00fablicas del pa\u00eds. Se crey\u00f3 que iniciando este esfuerzo, las escuelas privadas seguir\u00edan el ejemplo, pero nunca se anunci\u00f3 oficialmente, ni en el pa\u00eds ni en los estados.<\/p>\n<p>Cabe advertir que en algunas entidades y de mutuo propio, esta operaci\u00f3n mochila se llev\u00f3 a cabo en forma por dem\u00e1s discreta, pero a las primeras reclamaciones se par\u00f3 todo. Para variar, fueron justamente los padres de familia los que protestaron, argumentando violar la privacidad a la que tienen derecho los ni\u00f1os y adolescentes.<\/p>\n<p>Esto fue lo menos grave, el punto cr\u00edtico es que en aquellos planteles donde se aceptara la revisi\u00f3n de mochilas tendr\u00eda que haber colaboraci\u00f3n de padres de familia y docentes en forma simult\u00e1nea, dado que se perd\u00eda mucho tiempo. Se sugiri\u00f3 que los profesores llegaran media hora antes del horario oficial y los padres de familia tambi\u00e9n, justamente para no distraer el tiempo de estudio.<\/p>\n<p>Este hecho, el de adelantar m\u00ednimo media hora los tiempos de trabajo es lo que objet\u00f3 el magisterio, y de los padres de familia ni que decir, hab\u00eda y adolescentes que llegaban solos a sus escuelas por lo que no hab\u00eda familiar alguno que colaborara con la causa. Con los abuelos no se contaba siempre. Todos los imponderables anteriores desterraron la \u201coperaci\u00f3n mochila\u201d.<\/p>\n<p>Ahora resulta que el secretario de Educaci\u00f3n, Esteban Moctezuma, lanza su \u201cnovedosa\u201d campa\u00f1a de revisi\u00f3n de mochilas. Para tener \u00e9xito y no fracasar como en otros proyectos, deber\u00eda anunciarlo con car\u00e1cter obligatorio, lo que requerir\u00eda la infaltable colaboraci\u00f3n de los paterfamilias pues muchos de \u00e9stos no est\u00e1n tan pendientes como se quisiera, del andar acad\u00e9mico de sus hijos.<\/p>\n<p>M\u00e1xime que, no todos pero s\u00ed muchos de los escolapios de primaria y secundaria, se sienten intocables o sus pap\u00e1s los hacen sentirse as\u00ed, teniendo en la Comisi\u00f3n Nacional de los Derechos Humanos su principal arma de defensa, para denunciar\u00a0 la m\u00ednima regla disciplinaria por lo que en ocasiones y para evitar enfrentamientos, se permiten hasta indisciplinas.<\/p>\n<p><a href=\"mailto:elefa44@gmail.com\" target=\"_blank\" rel=\"noopener noreferrer\"><em>elefa44@gmail.com<\/em><\/a><\/p>\n","protected":false},"excerpt":{"rendered":"<p><span style=\"color: #005497;\"><strong>Eleazar Flores<\/strong><\/span><\/p>\n","protected":false},"author":3,"featured_media":0,"comment_status":"open","ping_status":"open","sticky":false,"template":"","format":"standard","meta":{"_monsterinsights_skip_tracking":false,"_monsterinsights_sitenote_active":false,"_monsterinsights_sitenote_note":"","_monsterinsights_sitenote_category":0,"footnotes":""},"categories":[81743],"tags":[81744,81776,43674],"class_list":["post-455905","post","type-post","status-publish","format-standard","hentry","category-eleazar-flores","tag-eleazar-flores","tag-espacio-electoral","tag-opinion"],"_links":{"self":[{"href":"https:\/\/www.diarioimagen.net\/index.php?rest_route=\/wp\/v2\/posts\/455905","targetHints":{"allow":["GET"]}}],"collection":[{"href":"https:\/\/www.diarioimagen.net\/index.php?rest_route=\/wp\/v2\/posts"}],"about":[{"href":"https:\/\/www.diarioimagen.net\/index.php?rest_route=\/wp\/v2\/types\/post"}],"author":[{"embeddable":true,"href":"https:\/\/www.diarioimagen.net\/index.php?rest_route=\/wp\/v2\/users\/3"}],"replies":[{"embeddable":true,"href":"https:\/\/www.diarioimagen.net\/index.php?rest_route=%2Fwp%2Fv2%2Fcomments&post=455905"}],"version-history":[{"count":0,"href":"https:\/\/www.diarioimagen.net\/index.php?rest_route=\/wp\/v2\/posts\/455905\/revisions"}],"wp:attachment":[{"href":"https:\/\/www.diarioimagen.net\/index.php?rest_route=%2Fwp%2Fv2%2Fmedia&parent=455905"}],"wp:term":[{"taxonomy":"category","embeddable":true,"href":"https:\/\/www.diarioimagen.net\/index.php?rest_route=%2Fwp%2Fv2%2Fcategories&post=455905"},{"taxonomy":"post_tag","embeddable":true,"href":"https:\/\/www.diarioimagen.net\/index.php?rest_route=%2Fwp%2Fv2%2Ftags&post=455905"}],"curies":[{"name":"wp","href":"https:\/\/api.w.org\/{rel}","templated":true}]}}