{"id":455977,"date":"2020-01-15T00:05:47","date_gmt":"2020-01-15T06:05:47","guid":{"rendered":"https:\/\/www.diarioimagen.net\/?p=455977"},"modified":"2020-01-15T01:23:31","modified_gmt":"2020-01-15T07:23:31","slug":"lanza-amlo-subasta-de-72-aeronaves-de-gobiernos-anteriores","status":"publish","type":"post","link":"https:\/\/www.diarioimagen.net\/?p=455977","title":{"rendered":"Avi\u00f3n presidencial no se vendi\u00f3; lo regresan a M\u00e9xico"},"content":{"rendered":"<ul>\n<li><em><strong>Avi\u00f3n presidencial regresar\u00e1 a M\u00e9xico<\/strong><\/em><\/li>\n<\/ul>\n<p>&nbsp;<\/p>\n<div id=\"attachment_455978\" style=\"width: 470px\" class=\"wp-caption aligncenter\"><img loading=\"lazy\" decoding=\"async\" aria-describedby=\"caption-attachment-455978\" class=\"wp-image-455978 size-large\" src=\"https:\/\/www.diarioimagen.net\/wp-content\/uploads\/2020\/01\/AVION15-PORTAL-460x268.png\" alt=\"\" width=\"460\" height=\"268\" srcset=\"https:\/\/www.diarioimagen.net\/wp-content\/uploads\/2020\/01\/AVION15-PORTAL-460x268.png 460w, https:\/\/www.diarioimagen.net\/wp-content\/uploads\/2020\/01\/AVION15-PORTAL-240x140.png 240w, https:\/\/www.diarioimagen.net\/wp-content\/uploads\/2020\/01\/AVION15-PORTAL.png 480w\" sizes=\"auto, (max-width: 460px) 100vw, 460px\" \/><p id=\"caption-attachment-455978\" class=\"wp-caption-text\">El avi\u00f3n presidencial regresar\u00e1 a M\u00e9xico para ser incluido en la subasta de aeronaves anunciada por el Gobierno Federal, inform\u00f3 el director de Banobras.<\/p><\/div>\n<p>&nbsp;<\/p>\n<p>El presidente Andr\u00e9s Manuel L\u00f3pez Obrador anunci\u00f3 este martes la venta de 72 aeronaves, aviones y helic\u00f3pteros que eran usados por exfuncionarios de pasadas administraciones, incluso para viajes privados.<\/p>\n<p>En su conferencia de prensa matutina, el mandatario federal inform\u00f3 de la \u201cPrimera Convocatoria-Procesos de enajenaci\u00f3n\u201d para subastar veh\u00edculos a\u00e9reos de lujo, que a decir suyo eran usados por \u201cuna monarqu\u00eda criolla\u201d.<\/p>\n<p>\u201cComo ustedes saben se tom\u00f3 la decisi\u00f3n de vender las aeronaves que se utilizaban para transportar a funcionarios del m\u00e1s alto nivel. Aviones de lujo que nada tiene que ver con la realidad de pobreza que existe en nuestro pa\u00eds\u201d.<\/p>\n<p>\u201cEso es un reflejo, una expresi\u00f3n de c\u00f3mo hab\u00eda dos mundos, el mundo del pueblo y el mundo de los gobernantes. Dos esferas distintas mientras la gente no ten\u00eda ni para lo m\u00e1s indispensable, para lo b\u00e1sico, para satisfacer sus necesidades b\u00e1sicas (\u2026) los funcionarios se sent\u00edan reyes, eran como una monarqu\u00eda criolla y viv\u00edan colmados de lujos y de privilegios\u201d, afirm\u00f3.<\/p>\n<p>Jorge Mendoza, director de Banco Nacional de Obras y Servicios (Banobras) indic\u00f3 que en esta primera convocatoria se ofertar\u00e1n 28 unidades, que contemplan diversas aeronaves que eran usadas en dependencias como la Comisi\u00f3n Nacional de Agua, Petr\u00f3leos Mexicanos o la Secretar\u00eda de Comunicaci\u00f3n y Transporte. \u201cDespu\u00e9s de un an\u00e1lisis que se llev\u00f3 a cabo de manera exhaustiva, se identificaron 72 aeronaves, 33 aviones y 39 helic\u00f3pteros de ocho instituciones.<\/p>\n<p>Estas 72 aeronaves incluyen el avi\u00f3n presidencial, conocido como el TP-01, 38 aeronaves que ser\u00e1n enajenadas por la Fiscal\u00eda General de la Rep\u00fablica como \u00f3rgano aut\u00f3nomo, una a ser enajenada por Pemex a un tercero, cuatro que se encuentran hoy en d\u00eda en mantenimiento y 28 a ser enajenadas a trav\u00e9s de la convocatoria que estamos presentando el d\u00eda de hoy\u201d, explic\u00f3 el director de Banobras.<\/p>\n<p>La convocatoria de este proceso de enajenaci\u00f3n est\u00e1 abierta a personas f\u00edsicas o morales, nacionales o extranjeras que quieran comprar una o varias aeronaves, la adjudicaci\u00f3n se realizar\u00e1 a la oferta m\u00e1s alta.<\/p>\n<p>\u201cEl proceso se divide en dos partes: hay una primera fase, que es la que arranca el d\u00eda de hoy, donde la oficina de las Naciones Unidas lanza una convocatoria y abre el registro para los interesados que concluye el 31 de enero\u201d.<\/p>\n<p>\u201cUna segunda fase arranca el 19 de febrero, una vez analizadas todas estas posturas de inter\u00e9s. En esta fecha, las siete dependencias involucradas habr\u00e1n de extender una invitaci\u00f3n a todos los interesados que cumplan con los requisitos y la normativa vigente.<\/p>\n<p>El 27 de febrero de este a\u00f1o se llevar\u00e1 a cabo el fallo de dicho proceso y se dar\u00e1n a conocer los ganadores en este proceso de venta\u201d, indic\u00f3 Mendoza.<\/p>\n<p>En el anuncio estuvieron presentes, Luis Cresencio Sandoval, titular de la Secretar\u00eda de la Defensa Nacional (Sedena) y Manuel de Jes\u00fas Hern\u00e1ndez, comandante de la Fuerza A\u00e9rea.<\/p>\n<p style=\"text-align: center;\"><strong>Avi\u00f3n presidencial regresar\u00e1 a M\u00e9xico para su resguardo y venta<\/strong><\/p>\n<p>El presidente Andr\u00e9s Manuel L\u00f3pez Obrador revel\u00f3 que mantener 13 meses el avi\u00f3n presidencial, TP01 Boeing 787-8, en Victorville, California, Estados Unidos, ha costado casi 30 millones de pesos, por lo que regresar\u00e1 a M\u00e9xico para ser subastado, luego de que no lograra ser vendido.<\/p>\n<p>\u201cPara tener toda la informaci\u00f3n, porque nuestros adversarios que compraron el avi\u00f3n o los que aplaudieron la compra del avi\u00f3n, hablan del costo elevad\u00edsimo de mantener el avi\u00f3n. Son 30 millones en todo el a\u00f1o mantenerlo all\u00e1\u201d, dijo el presidente Andr\u00e9s Manuel L\u00f3pez Obrador en conferencia matutina.<\/p>\n<p>La aeronave llamada Jos\u00e9 Mar\u00eda Morelos y Pav\u00f3n tuvo un gasto de 13 millones de pesos para su preservaci\u00f3n y 15 millones de pesos para su mantenimiento, de acuerdo con el comandante de la Fuerza A\u00e9rea Mexicana, Manuel de Jes\u00fas Hern\u00e1ndez Gonz\u00e1lez.<\/p>\n<p>Adem\u00e1s, inform\u00f3 que cada siete d\u00edas se pagan 4 mil d\u00f3lares para mantenerlo, pues \u00e9ste se da por horas de vuelo.<\/p>\n<p>Luego de que concluyan las labores de mantenimiento, el avi\u00f3n presidencial regresar\u00e1 a la capital del pa\u00eds, en donde ser\u00e1 resguardado en el Aeropuerto Internacional de la Ciudad de M\u00e9xico (AICM) hasta que se logre vender o rentar en la pr\u00f3xima subasta.<\/p>\n<p>Su precio estimado actualmente es de 130 millones de d\u00f3lares, es decir, 2 mil 489 millones de pesos.<\/p>\n","protected":false},"excerpt":{"rendered":"<p>El presidente Andr\u00e9s Manuel L\u00f3pez Obrador anunci\u00f3 este martes la venta de 72 aeronaves, aviones y helic\u00f3pteros que eran usados por exfuncionarios de pasadas administraciones, incluso para viajes privados.<\/p>\n","protected":false},"author":5,"featured_media":455978,"comment_status":"open","ping_status":"open","sticky":false,"template":"","format":"standard","meta":{"_monsterinsights_skip_tracking":false,"_monsterinsights_sitenote_active":false,"_monsterinsights_sitenote_note":"","_monsterinsights_sitenote_category":0,"footnotes":""},"categories":[3],"tags":[2545,1352,72899,43678,89524,43673,89523],"class_list":["post-455977","post","type-post","status-publish","format-standard","has-post-thumbnail","hentry","category-nacional","tag-amlo","tag-andres-manuel-lopez-obrador","tag-avion-presidencial","tag-finanzas","tag-gobiernos-anteriores","tag-nacional","tag-subasta-de-72-aeronaves"],"_links":{"self":[{"href":"https:\/\/www.diarioimagen.net\/index.php?rest_route=\/wp\/v2\/posts\/455977","targetHints":{"allow":["GET"]}}],"collection":[{"href":"https:\/\/www.diarioimagen.net\/index.php?rest_route=\/wp\/v2\/posts"}],"about":[{"href":"https:\/\/www.diarioimagen.net\/index.php?rest_route=\/wp\/v2\/types\/post"}],"author":[{"embeddable":true,"href":"https:\/\/www.diarioimagen.net\/index.php?rest_route=\/wp\/v2\/users\/5"}],"replies":[{"embeddable":true,"href":"https:\/\/www.diarioimagen.net\/index.php?rest_route=%2Fwp%2Fv2%2Fcomments&post=455977"}],"version-history":[{"count":0,"href":"https:\/\/www.diarioimagen.net\/index.php?rest_route=\/wp\/v2\/posts\/455977\/revisions"}],"wp:featuredmedia":[{"embeddable":true,"href":"https:\/\/www.diarioimagen.net\/index.php?rest_route=\/wp\/v2\/media\/455978"}],"wp:attachment":[{"href":"https:\/\/www.diarioimagen.net\/index.php?rest_route=%2Fwp%2Fv2%2Fmedia&parent=455977"}],"wp:term":[{"taxonomy":"category","embeddable":true,"href":"https:\/\/www.diarioimagen.net\/index.php?rest_route=%2Fwp%2Fv2%2Fcategories&post=455977"},{"taxonomy":"post_tag","embeddable":true,"href":"https:\/\/www.diarioimagen.net\/index.php?rest_route=%2Fwp%2Fv2%2Ftags&post=455977"}],"curies":[{"name":"wp","href":"https:\/\/api.w.org\/{rel}","templated":true}]}}