{"id":456006,"date":"2020-01-15T00:01:05","date_gmt":"2020-01-15T06:01:05","guid":{"rendered":"https:\/\/www.diarioimagen.net\/?p=456006"},"modified":"2020-01-15T06:13:53","modified_gmt":"2020-01-15T12:13:53","slug":"perfiles-economicos-de-regiones-impactan-sobre-crecimiento-del-pais-investigador-de-la-uaem","status":"publish","type":"post","link":"https:\/\/www.diarioimagen.net\/?p=456006","title":{"rendered":"Perfiles econ\u00f3micos de regiones impactan sobre crecimiento del pa\u00eds: investigador de la UAEM"},"content":{"rendered":"<div id=\"attachment_456103\" style=\"width: 470px\" class=\"wp-caption aligncenter\"><a href=\"https:\/\/www.diarioimagen.net\/?attachment_id=456103\" rel=\"attachment wp-att-456103\"><img loading=\"lazy\" decoding=\"async\" aria-describedby=\"caption-attachment-456103\" class=\"size-large wp-image-456103\" src=\"https:\/\/www.diarioimagen.net\/wp-content\/uploads\/2020\/01\/UAEM-2-460x259.jpg\" alt=\"\" width=\"460\" height=\"259\" srcset=\"https:\/\/www.diarioimagen.net\/wp-content\/uploads\/2020\/01\/UAEM-2-460x259.jpg 460w, https:\/\/www.diarioimagen.net\/wp-content\/uploads\/2020\/01\/UAEM-2-240x135.jpg 240w, https:\/\/www.diarioimagen.net\/wp-content\/uploads\/2020\/01\/UAEM-2-235x132.jpg 235w, https:\/\/www.diarioimagen.net\/wp-content\/uploads\/2020\/01\/UAEM-2-202x114.jpg 202w, https:\/\/www.diarioimagen.net\/wp-content\/uploads\/2020\/01\/UAEM-2-350x196.jpg 350w, https:\/\/www.diarioimagen.net\/wp-content\/uploads\/2020\/01\/UAEM-2-220x123.jpg 220w, https:\/\/www.diarioimagen.net\/wp-content\/uploads\/2020\/01\/UAEM-2-237x132.jpg 237w, https:\/\/www.diarioimagen.net\/wp-content\/uploads\/2020\/01\/UAEM-2.jpg 480w\" sizes=\"auto, (max-width: 460px) 100vw, 460px\" \/><\/a><p id=\"caption-attachment-456103\" class=\"wp-caption-text\">El investigador de la Universidad Aut\u00f3noma del Estado de M\u00e9xico, Leobardo de Jes\u00fas Almonte.<\/p><\/div>\n<p>&nbsp;<\/p>\n<p><strong>Toluca, Estado de M\u00e9xico<\/strong>.\u2013 La heterogeneidad de los perfiles econ\u00f3micos de las diferentes regiones y el nivel de educaci\u00f3n de la poblaci\u00f3n econ\u00f3micamente activa impactan directamente sobre el crecimiento de nuestro pa\u00eds, afirm\u00f3 el investigador de la Universidad Aut\u00f3noma del Estado de M\u00e9xico, Leobardo de Jes\u00fas Almonte.<\/p>\n<p>El autor del libro Lento crecimiento y empleo manufacturero en M\u00e9xico. Un an\u00e1lisis de endogeneidad territorial, que ofrece al lector algunas premisas sobre por qu\u00e9 la econom\u00eda mexicana sufre un estancamiento desde hace 35 a\u00f1os, indic\u00f3 que el trabajo de investigaci\u00f3n que realiz\u00f3 durante tres a\u00f1os arroj\u00f3 conclusiones que ayudan a comprender el lento crecimiento de la manufactura en el pa\u00eds, una de las principales actividades econ\u00f3micas, principalmente en el sector automotriz.<\/p>\n<p>El investigador de la Facultad de Econom\u00eda de la UAEM manifest\u00f3 que en este sector, M\u00e9xico forma parte de la cadena de valor global, quedando solo como un sector ensamblador y no abastecedor, por lo que es imprescindible fortalecer la industria y apostar por la innovaci\u00f3n.<\/p>\n<p>\u201cCuando se instala una ensambladora las posibilidades de que se establezcan empresas mexicanas que abastezcan se diluye y yo entiendo que responde a las estructuras de las cadenas globales de valor que dicen, de acuerdo, vamos a ensamblar en M\u00e9xico, pero vamos a producir en otra parte, por ejemplo, en China u otra parte y ah\u00ed viene el papel del estado, el definir una pol\u00edtica industrial que pudiera apoyar esta parte\u201d, dijo el universitario.<\/p>\n<p>Adem\u00e1s, refiri\u00f3, como consecuencia de las diferencias de los perfiles econ\u00f3micos de las entidades, se observa un mayor desarrollo en el norte del pa\u00eds, en contraste con el sur.<\/p>\n<p>Asever\u00f3 que uno de los factores determinantes para la generaci\u00f3n de empleo son los niveles de calificaci\u00f3n de su mano de obra, es decir, en entidades donde es m\u00e1s alta la capacitaci\u00f3n o el nivel educativo hay mayor oferta laboral, principalmente en el ramo manufacturero.<\/p>\n<p>En este contexto, Leobardo de Jes\u00fas Almonte resalt\u00f3 la necesidad de que la inversi\u00f3n en educaci\u00f3n sea una de las principales pol\u00edticas p\u00fablicas en nuestro pa\u00eds.<\/p>\n<p>Lento crecimiento y empleo manufacturero en M\u00e9xico. Un an\u00e1lisis de endogeneidad territorial, coedici\u00f3n de la UAEM y la Ediciones E\u00f3n, est\u00e1 dirigido a acad\u00e9micos y estudiosos del crecimiento econ\u00f3mico en M\u00e9xico, as\u00ed como al p\u00fablico en general.<\/p>\n<p>Pr\u00f3ximamente se presentar\u00e1 en la Universidad Nacional Aut\u00f3noma de M\u00e9xico, la Universidad Aut\u00f3noma de Hidalgo y la Feria Internacional del Libro del Palacio de Miner\u00eda.<\/p>\n","protected":false},"excerpt":{"rendered":"<p>La heterogeneidad de los perfiles econ\u00f3micos de las diferentes regiones y el nivel de educaci\u00f3n de la poblaci\u00f3n econ\u00f3micamente activa impactan directamente sobre el crecimiento de nuestro pa\u00eds, afirm\u00f3 el investigador de la Universidad Aut\u00f3noma del Estado de M\u00e9xico, Leobardo de Jes\u00fas Almonte.<\/p>\n","protected":false},"author":3,"featured_media":456103,"comment_status":"open","ping_status":"open","sticky":false,"template":"","format":"standard","meta":{"_monsterinsights_skip_tracking":false,"_monsterinsights_sitenote_active":false,"_monsterinsights_sitenote_note":"","_monsterinsights_sitenote_category":0,"footnotes":""},"categories":[5],"tags":[43694,43675,89529,452,1491,1490],"class_list":["post-456006","post","type-post","status-publish","format-standard","has-post-thumbnail","hentry","category-estado-de-mexico","tag-educacion","tag-estado-de-mexico","tag-leobardo-de-jesus-almonte","tag-toluca","tag-uaem","tag-universidad-autonoma-del-estado-de-mexico"],"_links":{"self":[{"href":"https:\/\/www.diarioimagen.net\/index.php?rest_route=\/wp\/v2\/posts\/456006","targetHints":{"allow":["GET"]}}],"collection":[{"href":"https:\/\/www.diarioimagen.net\/index.php?rest_route=\/wp\/v2\/posts"}],"about":[{"href":"https:\/\/www.diarioimagen.net\/index.php?rest_route=\/wp\/v2\/types\/post"}],"author":[{"embeddable":true,"href":"https:\/\/www.diarioimagen.net\/index.php?rest_route=\/wp\/v2\/users\/3"}],"replies":[{"embeddable":true,"href":"https:\/\/www.diarioimagen.net\/index.php?rest_route=%2Fwp%2Fv2%2Fcomments&post=456006"}],"version-history":[{"count":0,"href":"https:\/\/www.diarioimagen.net\/index.php?rest_route=\/wp\/v2\/posts\/456006\/revisions"}],"wp:featuredmedia":[{"embeddable":true,"href":"https:\/\/www.diarioimagen.net\/index.php?rest_route=\/wp\/v2\/media\/456103"}],"wp:attachment":[{"href":"https:\/\/www.diarioimagen.net\/index.php?rest_route=%2Fwp%2Fv2%2Fmedia&parent=456006"}],"wp:term":[{"taxonomy":"category","embeddable":true,"href":"https:\/\/www.diarioimagen.net\/index.php?rest_route=%2Fwp%2Fv2%2Fcategories&post=456006"},{"taxonomy":"post_tag","embeddable":true,"href":"https:\/\/www.diarioimagen.net\/index.php?rest_route=%2Fwp%2Fv2%2Ftags&post=456006"}],"curies":[{"name":"wp","href":"https:\/\/api.w.org\/{rel}","templated":true}]}}