{"id":456023,"date":"2020-01-15T00:10:13","date_gmt":"2020-01-15T06:10:13","guid":{"rendered":"https:\/\/www.diarioimagen.net\/?p=456023"},"modified":"2020-01-15T06:08:47","modified_gmt":"2020-01-15T12:08:47","slug":"tres-nombres-y-un-nuevo-partido","status":"publish","type":"post","link":"https:\/\/www.diarioimagen.net\/?p=456023","title":{"rendered":"Tres nombres y un nuevo partido"},"content":{"rendered":"<h2>De frente y de perfil<\/h2>\n<h5>Ram\u00f3n Zurita Sahag\u00fan<\/h5>\n<p>&nbsp;<\/p>\n<div id=\"attachment_456093\" style=\"width: 470px\" class=\"wp-caption aligncenter\"><a href=\"https:\/\/www.diarioimagen.net\/?attachment_id=456093\" rel=\"attachment wp-att-456093\"><img loading=\"lazy\" decoding=\"async\" aria-describedby=\"caption-attachment-456093\" class=\"size-large wp-image-456093\" src=\"https:\/\/www.diarioimagen.net\/wp-content\/uploads\/2020\/01\/OH-YEAH-jose-luis-460x412.jpg\" alt=\"\" width=\"460\" height=\"412\" srcset=\"https:\/\/www.diarioimagen.net\/wp-content\/uploads\/2020\/01\/OH-YEAH-jose-luis-460x412.jpg 460w, https:\/\/www.diarioimagen.net\/wp-content\/uploads\/2020\/01\/OH-YEAH-jose-luis-240x215.jpg 240w, https:\/\/www.diarioimagen.net\/wp-content\/uploads\/2020\/01\/OH-YEAH-jose-luis-768x688.jpg 768w, https:\/\/www.diarioimagen.net\/wp-content\/uploads\/2020\/01\/OH-YEAH-jose-luis.jpg 1200w\" sizes=\"auto, (max-width: 460px) 100vw, 460px\" \/><\/a><p id=\"caption-attachment-456093\" class=\"wp-caption-text\">Oh Yeah..! | Jos\u00e9 Luis<\/p><\/div>\n<p>&nbsp;<\/p>\n<p>La renuncia de Fernando Manzanilla Prieto a la Secretar\u00eda de Gobierno de Puebla deja en claro el terrible caos que priva en el gobierno de Luis Miguel Barbosa, donde se perdi\u00f3 el rumbo.<\/p>\n<p>Manzanilla Prieto era el hombre que manten\u00eda en cierta forma el equilibrio pol\u00edtico de un desdibujado gabinete, en el que priva la desconfianza del propio gobernador hacia su equipo.<\/p>\n<p>La salida del secretario de Gobierno era bola cantada desde hace tiempo en que el gobernador lo mantuvo aislado de las grandes decisiones y fue mermando su grupo, desapareciendo \u00e1reas a su asignaci\u00f3n. Lo \u00faltimo fue la renuncia del subsecretario de Gobernaci\u00f3n, Jos\u00e9 Luis M\u00e1rquez, uno de los personajes m\u00e1s cercanos a Manzanilla.<\/p>\n<p>Ahora Manzanilla se reincorpora a la C\u00e1mara de Diputados, donde ejerc\u00eda como coordinador de la bancada del PES, cargo al que no regresar\u00e1, ya que el tres veces secretario de Gobierno de Puebla (lo fue con Moreno Valle, Pacheco Pulido y Barbosa), trae en mente otros proyectos pol\u00edticos.<\/p>\n<p>El ex secretario de Gobierno de Puebla forma la trilog\u00eda con el senador suplente de Morena, Pedro Haces y el diputado local de Nueva Alianza, Gerardo Islas, que est\u00e1n dando forma al Partido Fuerza por M\u00e9xico, del que dicen, ya tiene el registro asegurado, aunque ser\u00e1 hasta julio pr\u00f3ximo cuando se determina la realidad de esto.<\/p>\n<p>Y es que dentro del proyecto original, Fernando Manzanilla ser\u00eda el candidato a la alcald\u00eda de Puebla el a\u00f1o pr\u00f3ximo, Gerardo Islas ir\u00e1 por una diputaci\u00f3n federal y Haces ser\u00e1 el eje del partido, teniendo a Puebla como su principal reducto.<\/p>\n<p>De acuerdo con los datos reunidos, el nuevo partido cuenta con un total de 20 entidades con asambleas realizadas, lo que le da el respaldo necesario para asegurar su registro condicionado a los resultados de la pr\u00f3xima elecci\u00f3n.<\/p>\n<p>Uno de los prop\u00f3sitos del nuevo partido es reunificar al \u201cmorenovallismo\u201d, desintegrado a la muerte de Rafael Moreno Valle y su esposa Martha Erika Alonso y es que Manzanilla Prieto form\u00f3 parte de ese poderoso grupo, como su cu\u00f1ado que es y hasta que surgieron diferencias por los cargos en disputa. Islas por su parte fue un gran aliado de Moreno Valle desde la presidencia del Partido Nueva Alianza y despu\u00e9s como secretario estatal de Desarrollo Social.<\/p>\n<p>El calendario del INE para la formaci\u00f3n de nuevos partidos pol\u00edticos establece desde el 8 de enero hasta el 28 de febrero que las organizaciones autorizadas presenten su solicitud de registro, para que en junio pr\u00f3ximo se determine cu\u00e1les cumplieron y declare la procedencia del registro y desde el primero de julio se encuentren vigentes los nuevos partidos y comiencen a recibir el respaldo del dinero p\u00fablico.<\/p>\n<p style=\"text-align: center;\"><strong>*****<\/strong><\/p>\n<p>Uno de los sitios tur\u00edsticos nacionales con mayor reconocimiento es Bah\u00eda de Banderas, donde el alcalde Jaime Cuevas, recibi\u00f3 la certificaci\u00f3n internacional ISO 37120, que la acredita como una ciudad con alta calidad de vida para sus habitantes, ya que el municipio tiene una tasa de desempleo menor al 10 por ciento.<\/p>\n<p style=\"text-align: center;\"><strong>*****<\/strong><\/p>\n<p>Finalmente el avi\u00f3n presidencial regresa a M\u00e9xico, ante la falta de ofertas para su compra. Ahora se analiza que hacer con \u00e9l, venderlo, rentarlo o usarlo por parte de las fuerzas armadas, pero no por el Ejecutivo federal.<\/p>\n<p><em><a href=\"mailto:ramonzurita44@hotmail.com\" target=\"_blank\" rel=\"noopener noreferrer\">ramonzurita44@hotmail.com<\/a><\/em><br \/>\n<a href=\"mailto:%20zurita_sahagun@hotmail.com\" target=\"_blank\" rel=\"noopener noreferrer\"><em>zurita_sahagun@hotmail.com<\/em><\/a><\/p>\n","protected":false},"excerpt":{"rendered":"<p><span style=\"color: #005497;\"><strong>Ram\u00f3n Zurita Sahag\u00fan<\/strong><\/span><br \/>\n<br \/>\nLa renuncia de Fernando Manzanilla Prieto a la Secretar\u00eda de Gobierno de Puebla deja en claro el terrible caos que priva en el gobierno de Luis Miguel Barbosa, donde se perdi\u00f3 el rumbo.<\/p>\n","protected":false},"author":3,"featured_media":456093,"comment_status":"open","ping_status":"open","sticky":false,"template":"","format":"standard","meta":{"_monsterinsights_skip_tracking":false,"_monsterinsights_sitenote_active":false,"_monsterinsights_sitenote_note":"","_monsterinsights_sitenote_category":0,"footnotes":""},"categories":[234],"tags":[304,43674,43687],"class_list":["post-456023","post","type-post","status-publish","format-standard","has-post-thumbnail","hentry","category-ramon-zurita-sahagun","tag-de-frente-y-de-perfil","tag-opinion","tag-ramon-zurita-sahagun"],"_links":{"self":[{"href":"https:\/\/www.diarioimagen.net\/index.php?rest_route=\/wp\/v2\/posts\/456023","targetHints":{"allow":["GET"]}}],"collection":[{"href":"https:\/\/www.diarioimagen.net\/index.php?rest_route=\/wp\/v2\/posts"}],"about":[{"href":"https:\/\/www.diarioimagen.net\/index.php?rest_route=\/wp\/v2\/types\/post"}],"author":[{"embeddable":true,"href":"https:\/\/www.diarioimagen.net\/index.php?rest_route=\/wp\/v2\/users\/3"}],"replies":[{"embeddable":true,"href":"https:\/\/www.diarioimagen.net\/index.php?rest_route=%2Fwp%2Fv2%2Fcomments&post=456023"}],"version-history":[{"count":0,"href":"https:\/\/www.diarioimagen.net\/index.php?rest_route=\/wp\/v2\/posts\/456023\/revisions"}],"wp:featuredmedia":[{"embeddable":true,"href":"https:\/\/www.diarioimagen.net\/index.php?rest_route=\/wp\/v2\/media\/456093"}],"wp:attachment":[{"href":"https:\/\/www.diarioimagen.net\/index.php?rest_route=%2Fwp%2Fv2%2Fmedia&parent=456023"}],"wp:term":[{"taxonomy":"category","embeddable":true,"href":"https:\/\/www.diarioimagen.net\/index.php?rest_route=%2Fwp%2Fv2%2Fcategories&post=456023"},{"taxonomy":"post_tag","embeddable":true,"href":"https:\/\/www.diarioimagen.net\/index.php?rest_route=%2Fwp%2Fv2%2Ftags&post=456023"}],"curies":[{"name":"wp","href":"https:\/\/api.w.org\/{rel}","templated":true}]}}