{"id":456030,"date":"2020-01-15T00:01:47","date_gmt":"2020-01-15T06:01:47","guid":{"rendered":"https:\/\/www.diarioimagen.net\/?p=456030"},"modified":"2020-01-15T06:25:35","modified_gmt":"2020-01-15T12:25:35","slug":"presidente-intercontinental-mexico-city-cierra-el-ano-con-la-expo-de-los-artistas-de-la-fundacion-john-langdon-down-deliciosa-comida-y-el-encendido-del-arbol","status":"publish","type":"post","link":"https:\/\/www.diarioimagen.net\/?p=456030","title":{"rendered":"<em>Presidente InterContinental Mexico City<\/em> cierra el a\u00f1o con la expo de los artistas de la Fundaci\u00f3n John Langdon Down, deliciosa comida y el encendido del \u00e1rbol"},"content":{"rendered":"<h2>De cinco estrellas<\/h2>\n<h5>Victoria Gonz\u00e1lez Prado<\/h5>\n<p>&nbsp;<\/p>\n<ul>\n<li><em><strong>Muy pronto entregaran los Oscar de la Academia y con <\/strong><\/em><strong>Air Canada<\/strong><em><strong> podr\u00e1s visitar los escenarios de famosas pel\u00edculas<\/strong><\/em><\/li>\n<\/ul>\n<p>&nbsp;<\/p>\n<div id=\"attachment_456112\" style=\"width: 470px\" class=\"wp-caption aligncenter\"><a href=\"https:\/\/www.diarioimagen.net\/?attachment_id=456112\" rel=\"attachment wp-att-456112\"><img loading=\"lazy\" decoding=\"async\" aria-describedby=\"caption-attachment-456112\" class=\"size-large wp-image-456112\" src=\"https:\/\/www.diarioimagen.net\/wp-content\/uploads\/2020\/01\/1-2-460x368.jpg\" alt=\"\" width=\"460\" height=\"368\" srcset=\"https:\/\/www.diarioimagen.net\/wp-content\/uploads\/2020\/01\/1-2-460x368.jpg 460w, https:\/\/www.diarioimagen.net\/wp-content\/uploads\/2020\/01\/1-2-240x192.jpg 240w, https:\/\/www.diarioimagen.net\/wp-content\/uploads\/2020\/01\/1-2.jpg 700w\" sizes=\"auto, (max-width: 460px) 100vw, 460px\" \/><\/a><p id=\"caption-attachment-456112\" class=\"wp-caption-text\">Los artistas de la Fundaci\u00f3n John Langdon Down y algunas obras.<\/p><\/div>\n<p>&nbsp;<\/p>\n<p>Para despedir el a\u00f1o 2019 y brindar por el 2020, <strong>Jean Prioux<\/strong>, gerente de restaurantes de marca del hotel Presidente InterContinental Polanco; <strong>Isabel Azpiri<\/strong>, directora de relaciones p\u00fablicas y comunicaci\u00f3n; <strong>Miguel \u00c1ngel\u00a0 Alc\u00e1ntara<\/strong> <em>y <\/em><strong>Kathleen Alvear<\/strong>, gerente y coordinadora de Relaciones P\u00fablicas respectivamente, nos invitaron a disfrutar, literalmente, la tarde y noche de fr\u00edo diciembre en las instalaciones del inmueble en Polanco.<\/p>\n<p>La reuni\u00f3n dio inicio con la presentaci\u00f3n de la exposici\u00f3n: \u201cExtraordinarios artistas mexicanos\u201d, con la presencia de la maestra <strong>Sylvia Garc\u00eda Escamilla<\/strong>, presidenta\u2013fundadora de la Fundaci\u00f3n <strong>John Langdon Down<\/strong>, integrada por\u00a0\u00a0 obras elaboradas por artistas con s\u00edndrome de <em>Down<\/em> de la Escuela Mexicana de Arte Down. Previa a esta inauguraci\u00f3n, los artistas disfrutaron de posada navide\u00f1a con divertida partida de pi\u00f1ata.<\/p>\n<p>Con obras en \u00f3leo, carb\u00f3n, grabado, litograf\u00eda, pirograbado, aguafuerte y escultura los artistas recrearon la vida en sus propios t\u00e9rminos, con su lenguaje\u00a0 y met\u00e1foras recorriendo la vida desde otra mirada.<\/p>\n<p>La Escuela Mexicana de Arte Down de la Fundaci\u00f3n es \u00fanica y no tiene paralelo en todo el mundo. La obra pl\u00e1stica ha sido expuesta en importantes museos y galer\u00edas de 44 ciudades de Am\u00e9rica, Europa y Asia. La educaci\u00f3n abre las puertas a un mundo pleno y de grandes realizaciones que promueve el desarrollo de todas las capacidades del ser humano donde las habilidades art\u00edsticas no son la excepci\u00f3n.<\/p>\n<p>As\u00ed, haciendo eco al concepto \u201cHospedarte\u201d y con la intenci\u00f3n de difundir diferentes expresiones art\u00edsticas y culturales, Grupo hotelero exhibi\u00f3 el trabajo de artistas mexicanos de diversos \u00e1mbitos, en esta ocasi\u00f3n, el trabajo de los artistas de la Fundaci\u00f3n John Langdon Down.<\/p>\n<p>La expo-venta. en el bar \u201cEpicentro\u201d concluir\u00e1 en febrero pr\u00f3ximo con la intenci\u00f3n de reunir a todas aquellas personas interesadas en apoyar la noble causa para promover la integraci\u00f3n social, reafirmar la identidad y elevar la autoestima de las personas con s\u00edndrome de <em>Down.<\/em><\/p>\n<p>Luego de la exposici\u00f3n fuimos a comer y la Terraza de <em>Au Pied de Cochon<\/em>, fue el escenario perfecto para disfrutar de las delicias que ofrece el restaurante: \u00a0la tradicional y calientita sopa de cebolla, el famoso chamorro o el delicioso pollo, adem\u00e1s de postres para endulzar el paladar, tarta de manzana con helado,\u00a0 helado con frutos rojos\u2026 y para cerrar con broche de oro la comida una enorme pi\u00f1ata cargada de golosinas y sobres con premios cono estancias en los hoteles, cenas o comidas en los restaurantes\u2026<\/p>\n<p>Pero ah\u00ed no concluy\u00f3 la fiesta. Nos faltaba el encendido del \u00e1rbol este a\u00f1o decorado por <em>Mo\u00ebt Hennessy.<\/em> Con 6 metros de altura, y decorado con esferas artesanales color rojo carmes\u00ed \u2014elaboradas en Chignahuapan\u2014, 60 mo\u00f1os, 700 figuras de madera con formas de copas, coronas y pinos, faroles, varas diamantadas, diversos<em> picks<\/em> navide\u00f1os, m\u00e1s de 10 mil peque\u00f1os focos color \u00e1mbar y, en la parte m\u00e1s alta, punta elaborada por artesanos mexicanos. Enmarcando el \u00e1rbol: las letras de \u201cMOET\u201d y botellas de champagne de diferentes tama\u00f1os.<\/p>\n<p>Al encendido del \u00e1rbol se sumaron <strong>Guillermo Valencia<\/strong>, gerente general del Hotel <em>Presidente InterContinental Mexico City <\/em>y los chefs Frederic Lang<em> y <\/em>Stephane Thomas<em>, <\/em>que repart\u00edan deliciosos postres entre los invitados.<\/p>\n<p>Al final pasamos gran parte de la tarde y la noche disfrutando la fiesta en la que despedimos el 2019 y dimos la bienvenida al 2020.<\/p>\n<p>\u2730\u2730\u2730\u2730\u2730 A unos d\u00edas de conocer a los ganadores de los premios \u00d3scar, y este 2020 luego de saber las nominaciones, hay muchas expectativas por ver ganar a <strong>Joaqu\u00edn Phoenix<\/strong> como mejor actor, a la cinta El Irland\u00e9s como mejor pel\u00edcula y a <strong>Martin Scorsese<\/strong> como mejor director, lo cierto es que estos galardones siempre nos dan sorpresas. Y para que las sorpresas sean a\u00fan mayores y la espera se haga menos larga, <em>Air Canada<\/em> te da una lista de pel\u00edculas que se grabaron en \u201cLa Naci\u00f3n de la Hoja de Maple\u201d.<\/p>\n<p><em>Titanic <\/em>(1997) Halifax, Nueva Escocia<strong>. <\/strong>Volando con <em>Air Canada Rouge<\/em> y <em>Air Canada Express<\/em> desde la Ciudad de M\u00e9xico podr\u00e1s llegar a la ciudad de Halifax en la provincia de Nueva Escocia, ah\u00ed se filmaron las impactantes escenas del <em>iceberg<\/em> que hundi\u00f3 al <em>Titanic<\/em> en la multi-premiada pel\u00edcula de <strong>James Cameron<\/strong>, protagonizada por <strong>Kate Winslet<\/strong> y <strong>Leonardo Dicaprio<\/strong>. La decisi\u00f3n del director de recrearlo en esta ciudad fue porque en la vida real, ah\u00ed llegaron los cuerpos sin vida del tr\u00e1gico accidente de 1912.<\/p>\n<p><em>Brokeback Mountain<\/em> (2005), Alberta. M\u00e9xico est\u00e1 conectado desde Puerto Vallarta, San Jos\u00e9 del Cabo y Ciudad de M\u00e9xico a la provincia de Alberta, en donde podemos encontrar las Monta\u00f1as Rocallosas que sirvieron de escenario para el amor entre dos vaqueros, encarnados por <strong>Jake Gyllenhaal<\/strong>, actor y productor. Mucha gente no sabe que esas locaciones son canadienses ya que la trama de la pel\u00edcula ocurre en el estado de Wyoming, USA.<\/p>\n<p><em>Mean Girls<\/em> (2004), Toronto, Ontario. La popular cinta para adolescentes basada en el libro <em>Queen Bees and Wannabes<\/em> de <strong>Rosalind Wiseman<\/strong> est\u00e1 ambientada en Chicago, Estados Unidos, sin embargo se utilizaron algunas locaciones de la ciudad \u00a0de Toronto para crear el ambiente propicio para que las fechor\u00edas de Regina George y compa\u00f1\u00eda tuvieran el mejor de los escenarios. Disfruta mucho m\u00e1s de esta taquillera ciudad canadiense visitando el reci\u00e9n inaugurado <em>Air Canada Caf\u00e9<\/em> ubicado en el ultramoderno Aeropuerto Pearson.<\/p>\n<p><em>Taking Lives<\/em> (2004), Montreal, Quebec. Otra cinta con escenario hecho en Canad\u00e1 fue la policiaca <em>Taking Lives<\/em>, y es que para dar mayor fidelidad a su pel\u00edcula, el director <strong>D.J. Caruso<\/strong> utiliz\u00f3 locaciones de la ciudad de Montreal para presentarnos <em>thriller<\/em> en el que <strong>Angelina Jolie<\/strong> interpreta a agente del FBI experta en mentes criminales, que se ve atrapada en los mal\u00e9volos planes de un asesino en serie. Si vuelas desde Canc\u00fan en esta temporada invernal, aprovecha la ruta sin escala que te ofrece la aerol\u00ednea de la hoja de maple\u00a0 operando la aeronave A319-100 equipada WiFi de alta velocidad.<\/p>\n<blockquote>\n<p style=\"text-align: right;\"><strong>\u201cEl \u00e1ngel de la fama tiene sus alas hechas de papel&#8230; peri\u00f3dico\u201d.<\/strong><\/p>\n<\/blockquote>\n<p><em><span class=\"Apple-converted-space\"><a href=\"mailto:victoriagprado@gmail.com\" target=\"_blank\" rel=\"noopener noreferrer\">victoriagprado@gmail.com<\/a><br \/>\nTwitter: <a href=\"https:\/\/twitter.com\/victoriagprado\" target=\"_blank\" rel=\"noopener noreferrer\">@victoriagprado<\/a><\/span><\/em><\/p>\n","protected":false},"excerpt":{"rendered":"<p>Para despedir el a\u00f1o 2019 y brindar por el 2020, <strong>Jean Prioux<\/strong>, gerente de restaurantes de marca del hotel Presidente InterContinental Polanco; <strong>Isabel Azpiri<\/strong>, directora de relaciones p\u00fablicas y comunicaci\u00f3n; <strong>Miguel \u00c1ngel  Alc\u00e1ntara<\/strong> <em>y <\/em><strong>Kathleen Alvear<\/strong>, gerente y coordinadora de Relaciones P\u00fablicas respectivamente, nos invitaron a disfrutar, literalmente, la tarde y noche de fr\u00edo diciembre en las instalaciones del inmueble en Polanco.<\/p>\n","protected":false},"author":3,"featured_media":456113,"comment_status":"open","ping_status":"open","sticky":false,"template":"","format":"standard","meta":{"_monsterinsights_skip_tracking":false,"_monsterinsights_sitenote_active":false,"_monsterinsights_sitenote_note":"","_monsterinsights_sitenote_category":0,"footnotes":""},"categories":[11],"tags":[107,43674,43681,106],"class_list":["post-456030","post","type-post","status-publish","format-standard","has-post-thumbnail","hentry","category-turismo","tag-de-cinco-estrellas","tag-opinion","tag-turismo","tag-victoria-gonzalez-prado"],"_links":{"self":[{"href":"https:\/\/www.diarioimagen.net\/index.php?rest_route=\/wp\/v2\/posts\/456030","targetHints":{"allow":["GET"]}}],"collection":[{"href":"https:\/\/www.diarioimagen.net\/index.php?rest_route=\/wp\/v2\/posts"}],"about":[{"href":"https:\/\/www.diarioimagen.net\/index.php?rest_route=\/wp\/v2\/types\/post"}],"author":[{"embeddable":true,"href":"https:\/\/www.diarioimagen.net\/index.php?rest_route=\/wp\/v2\/users\/3"}],"replies":[{"embeddable":true,"href":"https:\/\/www.diarioimagen.net\/index.php?rest_route=%2Fwp%2Fv2%2Fcomments&post=456030"}],"version-history":[{"count":0,"href":"https:\/\/www.diarioimagen.net\/index.php?rest_route=\/wp\/v2\/posts\/456030\/revisions"}],"wp:featuredmedia":[{"embeddable":true,"href":"https:\/\/www.diarioimagen.net\/index.php?rest_route=\/wp\/v2\/media\/456113"}],"wp:attachment":[{"href":"https:\/\/www.diarioimagen.net\/index.php?rest_route=%2Fwp%2Fv2%2Fmedia&parent=456030"}],"wp:term":[{"taxonomy":"category","embeddable":true,"href":"https:\/\/www.diarioimagen.net\/index.php?rest_route=%2Fwp%2Fv2%2Fcategories&post=456030"},{"taxonomy":"post_tag","embeddable":true,"href":"https:\/\/www.diarioimagen.net\/index.php?rest_route=%2Fwp%2Fv2%2Ftags&post=456030"}],"curies":[{"name":"wp","href":"https:\/\/api.w.org\/{rel}","templated":true}]}}