{"id":456044,"date":"2020-01-15T00:03:20","date_gmt":"2020-01-15T06:03:20","guid":{"rendered":"https:\/\/www.diarioimagen.net\/?p=456044"},"modified":"2020-01-15T06:27:12","modified_gmt":"2020-01-15T12:27:12","slug":"ceremonia-civica-con-motivo-del-199-aniversario-de-la-fundacion-de-tultepec","status":"publish","type":"post","link":"https:\/\/www.diarioimagen.net\/?p=456044","title":{"rendered":"Ceremonia c\u00edvica con motivo del 199 aniversario de la fundaci\u00f3n de Tultepec"},"content":{"rendered":"<ul>\n<li><strong><em>Se vincula el pasado con el presente para asegurar el futuro: Portuguez<\/em><\/strong><\/li>\n<\/ul>\n<p>&nbsp;<\/p>\n<div id=\"attachment_456126\" style=\"width: 470px\" class=\"wp-caption aligncenter\"><a href=\"https:\/\/www.diarioimagen.net\/?attachment_id=456126\" rel=\"attachment wp-att-456126\"><img loading=\"lazy\" decoding=\"async\" aria-describedby=\"caption-attachment-456126\" class=\"size-large wp-image-456126\" src=\"https:\/\/www.diarioimagen.net\/wp-content\/uploads\/2020\/01\/TULTEPEC-15-460x259.jpg\" alt=\"\" width=\"460\" height=\"259\" srcset=\"https:\/\/www.diarioimagen.net\/wp-content\/uploads\/2020\/01\/TULTEPEC-15-460x259.jpg 460w, https:\/\/www.diarioimagen.net\/wp-content\/uploads\/2020\/01\/TULTEPEC-15-240x135.jpg 240w, https:\/\/www.diarioimagen.net\/wp-content\/uploads\/2020\/01\/TULTEPEC-15-235x132.jpg 235w, https:\/\/www.diarioimagen.net\/wp-content\/uploads\/2020\/01\/TULTEPEC-15-202x114.jpg 202w, https:\/\/www.diarioimagen.net\/wp-content\/uploads\/2020\/01\/TULTEPEC-15-350x196.jpg 350w, https:\/\/www.diarioimagen.net\/wp-content\/uploads\/2020\/01\/TULTEPEC-15-220x123.jpg 220w, https:\/\/www.diarioimagen.net\/wp-content\/uploads\/2020\/01\/TULTEPEC-15-237x132.jpg 237w, https:\/\/www.diarioimagen.net\/wp-content\/uploads\/2020\/01\/TULTEPEC-15.jpg 480w\" sizes=\"auto, (max-width: 460px) 100vw, 460px\" \/><\/a><p id=\"caption-attachment-456126\" class=\"wp-caption-text\">El alcalde Armando Portuguez se dijo \u201corgulloso de pertenecer a un municipio que nos engrandece y nos hace agradecidos de la tierra que nos da identidad y pertenencia\u201d.<\/p><\/div>\n<p>&nbsp;<\/p>\n<p><strong>Tultepec, Estado de M\u00e9xico<\/strong>.- Al encabezar la ceremonia c\u00edvica con motivo del 199 Aniversario de la Erecci\u00f3n de Tultepec, el alcalde Armando Portuguez Fuentes destac\u00f3 que la importancia de reconocer cu\u00e1ndo naci\u00f3 nuestro municipio como un ente jur\u00eddico y pol\u00edtico \u201cradica en poder establecer desde cu\u00e1ndo somos una comunidad que se identifica y distingue por sus principios y valores, su historia, tradiciones y expresiones art\u00edsticas y culturales\u201d.<\/p>\n<p>Ante la presencia de Mart\u00edn Sobreyra Pe\u00f1a, Comisionado Ejecutivo de la Secretar\u00eda de Desarrollo Social y representante personal del gobernador del Estado de M\u00e9xico, Alfredo del Mazo Maza, se dijo \u201corgulloso de pertenecer a un municipio que nos engrandece y nos hace agradecidos de la tierra que nos da identidad y pertenencia, de ah\u00ed que celebrar esta fiesta c\u00edvica es una alegr\u00eda y una dicha incomparable\u201d.<\/p>\n<p>En la ceremonia realizada en el Auditorio de la\u00a0Casa de Cultura V\u00edctor Urb\u00e1n Velasco, el edil asegur\u00f3 que recorrer la historia para rescatar los principios y valores de nuestros antepasados permite vincular el pasado con el presente para asegurar el futuro, permitiendo la continuidad y estabilidad, que son condiciones para el progreso y desarrollo de las sociedades humanas.<\/p>\n<p>Acompa\u00f1ado por integrantes del Cabildo en pleno, directores y jefes de \u00e1rea de la administraci\u00f3n municipal 2019-2021, y de representantes de los diferentes sectores de la sociedad tultepequense; el Ejecutivo municipal precis\u00f3 que,\u00a0aunque fue durante el r\u00e9gimen colonial, cuando se dio la erecci\u00f3n de Tultepec a solicitud de naturales de este lugar, la acci\u00f3n responde sin duda a la naturaleza humana de ser un\u00a0\u00abanimal pol\u00edtico\u00bb o \u00abanimal c\u00edvico\u00bb,\u00a0con capacidades para relacionarse pol\u00edticamente.<\/p>\n<p>Ello con la finalidad de crear sociedades y organizar su vida en comunidad, buscando construir un ente jur\u00eddico y pol\u00edtico que edificara la vida com\u00fan, que atendiera las cosas de la comunidad, que en aqu\u00e9l entonces ser\u00edan los panteones, las festividades religiosas y patronales m\u00e1s que los servicios p\u00fablicos organizados que hoy tenemos.<\/p>\n<p>El alcalde precis\u00f3 que esa necesidad de agruparse, de crear entes con personalidad distinta a la de sus integrantes, es la pol\u00edtica, como caracter\u00edstica esencial y natural del ser humano, que busca adecuarse a la naturaleza para realizar sus fines propios.<\/p>\n<p>\u201cAs\u00ed nacen las instituciones pol\u00edticas, de la necesidad de la sobrevivencia y felicidad humana. En la manifestaci\u00f3n de agrupaci\u00f3n o asociaci\u00f3n para conseguir un fin com\u00fan, los hombres expresan su civilidad, porque ello implica la aceptaci\u00f3n y cumplimiento de normas y reglas de convivencia\u201d.<\/p>\n<p>Ante m\u00e1s de 800 personas que llenaron el auditorio, Armando Portuguez Fuentes record\u00f3 que recientemente en Tultepec, se encontraron vestigios del inicio de la civilidad humana en la regi\u00f3n, donde se descubrieron trampas construidas para la caza del mamut, \u201crevelando, sin duda, el necesario acuerdo de asociaci\u00f3n humana para esa empresa\u201d.<\/p>\n<p>\u201cHoy Tultepec por su gente y por sus antepasados, se reconoce y distingue por sus artistas en la m\u00fasica, en la pintura y la escultura, y no digamos ya por el arte pirot\u00e9cnico que nos ha llevado al reconocimiento, no s\u00f3lo nacional, sino internacional fortaleciendo nuestra identidad y unidad como pueblo \u00fanico\u201d, dijo.<\/p>\n","protected":false},"excerpt":{"rendered":"<p>Al encabezar la ceremonia c\u00edvica con motivo del 199 Aniversario de la Erecci\u00f3n de Tultepec, el alcalde Armando Portuguez Fuentes destac\u00f3 que la importancia de reconocer cu\u00e1ndo naci\u00f3 nuestro municipio como un ente jur\u00eddico y pol\u00edtico \u201cradica en poder establecer desde cu\u00e1ndo somos una comunidad que se identifica y distingue por sus principios y valores, su historia, tradiciones y expresiones art\u00edsticas y culturales\u201d.<\/p>\n","protected":false},"author":3,"featured_media":456126,"comment_status":"open","ping_status":"open","sticky":false,"template":"","format":"standard","meta":{"_monsterinsights_skip_tracking":false,"_monsterinsights_sitenote_active":false,"_monsterinsights_sitenote_note":"","_monsterinsights_sitenote_category":0,"footnotes":""},"categories":[5],"tags":[21999,43675,51432,3802],"class_list":["post-456044","post","type-post","status-publish","format-standard","has-post-thumbnail","hentry","category-estado-de-mexico","tag-aniversario","tag-estado-de-mexico","tag-fundacion","tag-tultepec"],"_links":{"self":[{"href":"https:\/\/www.diarioimagen.net\/index.php?rest_route=\/wp\/v2\/posts\/456044","targetHints":{"allow":["GET"]}}],"collection":[{"href":"https:\/\/www.diarioimagen.net\/index.php?rest_route=\/wp\/v2\/posts"}],"about":[{"href":"https:\/\/www.diarioimagen.net\/index.php?rest_route=\/wp\/v2\/types\/post"}],"author":[{"embeddable":true,"href":"https:\/\/www.diarioimagen.net\/index.php?rest_route=\/wp\/v2\/users\/3"}],"replies":[{"embeddable":true,"href":"https:\/\/www.diarioimagen.net\/index.php?rest_route=%2Fwp%2Fv2%2Fcomments&post=456044"}],"version-history":[{"count":0,"href":"https:\/\/www.diarioimagen.net\/index.php?rest_route=\/wp\/v2\/posts\/456044\/revisions"}],"wp:featuredmedia":[{"embeddable":true,"href":"https:\/\/www.diarioimagen.net\/index.php?rest_route=\/wp\/v2\/media\/456126"}],"wp:attachment":[{"href":"https:\/\/www.diarioimagen.net\/index.php?rest_route=%2Fwp%2Fv2%2Fmedia&parent=456044"}],"wp:term":[{"taxonomy":"category","embeddable":true,"href":"https:\/\/www.diarioimagen.net\/index.php?rest_route=%2Fwp%2Fv2%2Fcategories&post=456044"},{"taxonomy":"post_tag","embeddable":true,"href":"https:\/\/www.diarioimagen.net\/index.php?rest_route=%2Fwp%2Fv2%2Ftags&post=456044"}],"curies":[{"name":"wp","href":"https:\/\/api.w.org\/{rel}","templated":true}]}}