{"id":456070,"date":"2020-01-15T00:03:03","date_gmt":"2020-01-15T06:03:03","guid":{"rendered":"https:\/\/www.diarioimagen.net\/?p=456070"},"modified":"2020-01-15T05:12:14","modified_gmt":"2020-01-15T11:12:14","slug":"peligro-de-guerra-2","status":"publish","type":"post","link":"https:\/\/www.diarioimagen.net\/?p=456070","title":{"rendered":"Peligro de guerra"},"content":{"rendered":"<h2>Perfiles de M\u00e9xico<\/h2>\n<h5>Armando R\u00edos Ruiz<\/h5>\n<p>&nbsp;<\/p>\n<p>La historia no avanza de forma lineal empujada por el progreso, sino en ciclos que se repiten, se\u00f1al\u00f3 el fil\u00f3sofo Giambattista Vico, hace casi dos siglos. Coincide en cierta forma con \u00e9l, aunque con diferencias marcadas, Federico Nietzsche, en su Teor\u00eda del Eterno Retorno, en la que expone que la historia es repetitiva.<\/p>\n<p>Los pa\u00edses del Medio Oriente parecen haber inspirado a los dos pensadores. Nacieron en la guerra; han sido destruidos y han vuelto a levantarse sinn\u00famero de veces, como el Ave F\u00e9nix. Gran parte de su cultura (\u00bfo incultura?) es b\u00e9lica. Se han movido desde siempre en contra de pa\u00edses y pensamientos que consideran contrarios a sus convicciones, sin reparar en tama\u00f1os y con una memoria que no fenece.<\/p>\n<p>El viernes pasado, Ir\u00e1n fue sorprendido por la tecnolog\u00eda guerrera m\u00e1s moderna. El presidente de Estados Unidos, Donald Trump, orden\u00f3 un ataque contra uno de los hombres m\u00e1s poderosos de esa tierra llena de historia, con un dron que le caus\u00f3 la muerte junto a otras nueve v\u00edctimas.<\/p>\n<p>El cuerpo del general Qasem Soleimani qued\u00f3 sin vida por un tiro de precisi\u00f3n hecho desde el aparato a\u00e9reo<strong>.<\/strong> Lideraba el ala de operaciones exteriores de la Guardia Revolucionaria, denominada Fuerza Quds. El Pent\u00e1gono dijo que el ataque ten\u00eda \u00e1nimo \u201cdisuasorio\u201d y acus\u00f3 a Soleimani de planear futuras embestidas contra diplom\u00e1ticos estadounidenses.<\/p>\n<p>Muchos opinan que Trump no supo a qui\u00e9n asesin\u00f3 su dron, sino hasta despu\u00e9s de ocurridos los hechos, tras los cuales, el Vicepresidente de la Uni\u00f3n Americana, Mike Pence, asever\u00f3 que el l\u00edder Solemaini hab\u00eda planeado utilizar a un sicario de los narcos mexicanos del grupo Los Zetas, experto en bombas, para volar varias embajadas israel\u00edes y asesinar al embajador de Arabia Saudita en Estados Unidos<\/p>\n<p>La reacci\u00f3n del pueblo iran\u00ed fue inmediata. Conden\u00f3 a muerte a los Estados Unidos y a su Presidente. \u00c9ste reaccion\u00f3 de la misma forma y amenaz\u00f3 con Activar la mortal maquinaria de guerra y poner en su lugar a su rival. El hecho ha sido visto por muchos como el posible inicio de una conflagraci\u00f3n mundial, ya que otros pa\u00edses reaccionaron en contra de la decisi\u00f3n del mandatario estadounidense.<\/p>\n<p>La acci\u00f3n fue condenada en manifestaciones callejeras por muchos ciudadanos norteamericanos y por miembros del Congreso. Nancy Pelosi, presidenta de la C\u00e1mara de Representantes no est\u00e1 equivocada cuando asevera que puede provocar una escalada de violencia y que el ataque fue hecho sin autorizaci\u00f3n.<\/p>\n<p>Nada m\u00e1s cierto. Seguramente, los iran\u00edes aguantar\u00e1n las agresiones en su pa\u00eds, pero no dejar\u00e1n de concebir la venganza como necesidad que no desaparecer\u00e1 de la mente de sus habitantes durante muchos a\u00f1os, qui\u00e9n sabe cu\u00e1ntos y que habr\u00e1 de ejecutarse inclusive en Estados Unidos, por grupos peque\u00f1os decididos, sin duda, a sacrificar su vida.<\/p>\n<p>Muchos tambi\u00e9n opinan que la decisi\u00f3n adoptada por Trump, obedece, m\u00e1s que a salvaguardar vidas de sus connacionales, a un acto de campa\u00f1a para asegurar su reelecci\u00f3n en la resoluci\u00f3n de grupos radicales de su poderosa naci\u00f3n, que prefieren la mano ultra dura de su mandatario, contra otros pa\u00edses considerados inferiores.<\/p>\n<p>Nada es imposible en las aspiraciones de los pol\u00edticos, que reaccionan de manera similar en todas las latitudes del planeta, en aras de realizar sus pretensiones y de alcanzar los cargos anhelados, m\u00e1xime cuando se trata del poder m\u00e1s grande en un pa\u00eds.<\/p>\n<p>Mientras tanto, los pa\u00edses cercanos al belicoso del norte, como M\u00e9xico, habr\u00e1n de permanecer a la expectativa y \u201csin involucrarse\u201d. Al fin y al cabo no es nuestra guerra.<\/p>\n<p><a href=\"mailto:ariosruiz@gmail.com\" target=\"_blank\" rel=\"noopener noreferrer\"><em>ariosruiz@gmail.com<\/em><\/a><\/p>\n","protected":false},"excerpt":{"rendered":"<p><span style=\"color: #005497;\"><strong>Armando R\u00edos Ruiz<\/strong><\/span><\/p>\n","protected":false},"author":3,"featured_media":0,"comment_status":"open","ping_status":"open","sticky":false,"template":"","format":"standard","meta":{"_monsterinsights_skip_tracking":false,"_monsterinsights_sitenote_active":false,"_monsterinsights_sitenote_note":"","_monsterinsights_sitenote_category":0,"footnotes":""},"categories":[88405],"tags":[88407,43674,88406],"class_list":["post-456070","post","type-post","status-publish","format-standard","hentry","category-armando-rios-ruiz","tag-armando-rios-ruiz","tag-opinion","tag-perfiles-de-mexico"],"_links":{"self":[{"href":"https:\/\/www.diarioimagen.net\/index.php?rest_route=\/wp\/v2\/posts\/456070","targetHints":{"allow":["GET"]}}],"collection":[{"href":"https:\/\/www.diarioimagen.net\/index.php?rest_route=\/wp\/v2\/posts"}],"about":[{"href":"https:\/\/www.diarioimagen.net\/index.php?rest_route=\/wp\/v2\/types\/post"}],"author":[{"embeddable":true,"href":"https:\/\/www.diarioimagen.net\/index.php?rest_route=\/wp\/v2\/users\/3"}],"replies":[{"embeddable":true,"href":"https:\/\/www.diarioimagen.net\/index.php?rest_route=%2Fwp%2Fv2%2Fcomments&post=456070"}],"version-history":[{"count":0,"href":"https:\/\/www.diarioimagen.net\/index.php?rest_route=\/wp\/v2\/posts\/456070\/revisions"}],"wp:attachment":[{"href":"https:\/\/www.diarioimagen.net\/index.php?rest_route=%2Fwp%2Fv2%2Fmedia&parent=456070"}],"wp:term":[{"taxonomy":"category","embeddable":true,"href":"https:\/\/www.diarioimagen.net\/index.php?rest_route=%2Fwp%2Fv2%2Fcategories&post=456070"},{"taxonomy":"post_tag","embeddable":true,"href":"https:\/\/www.diarioimagen.net\/index.php?rest_route=%2Fwp%2Fv2%2Ftags&post=456070"}],"curies":[{"name":"wp","href":"https:\/\/api.w.org\/{rel}","templated":true}]}}