{"id":456140,"date":"2020-01-16T00:03:25","date_gmt":"2020-01-16T06:03:25","guid":{"rendered":"https:\/\/www.diarioimagen.net\/?p=456140"},"modified":"2020-01-15T23:56:25","modified_gmt":"2020-01-16T05:56:25","slug":"achaca-amlo-crisis-de-municipios-a-fracaso-neoliberal","status":"publish","type":"post","link":"https:\/\/www.diarioimagen.net\/?p=456140","title":{"rendered":"Achaca L\u00f3pez Obrador crisis de municipios a \u201cfracaso neoliberal\u201d"},"content":{"rendered":"<ul>\n<li><em><strong>Anuncia proceso de reconstrucci\u00f3n ante insolvencia<\/strong><\/em><\/li>\n<\/ul>\n<p>&nbsp;<\/p>\n<div id=\"attachment_456141\" style=\"width: 470px\" class=\"wp-caption aligncenter\"><img loading=\"lazy\" decoding=\"async\" aria-describedby=\"caption-attachment-456141\" class=\"wp-image-456141 size-large\" src=\"https:\/\/www.diarioimagen.net\/wp-content\/uploads\/2020\/01\/AMLO-16-PORTAL-460x268.png\" alt=\"\" width=\"460\" height=\"268\" srcset=\"https:\/\/www.diarioimagen.net\/wp-content\/uploads\/2020\/01\/AMLO-16-PORTAL-460x268.png 460w, https:\/\/www.diarioimagen.net\/wp-content\/uploads\/2020\/01\/AMLO-16-PORTAL-240x140.png 240w, https:\/\/www.diarioimagen.net\/wp-content\/uploads\/2020\/01\/AMLO-16-PORTAL.png 480w\" sizes=\"auto, (max-width: 460px) 100vw, 460px\" \/><p id=\"caption-attachment-456141\" class=\"wp-caption-text\">Andr\u00e9s Manuel L\u00f3pez Obrador inform\u00f3 que se iniciar\u00e1 un proceso de reconstrucci\u00f3n en los municipios ante su insolvencia.<\/p><\/div>\n<p>&nbsp;<\/p>\n<p>El presidente Andr\u00e9s Manuel L\u00f3pez Obrador inform\u00f3 este mi\u00e9rcoles que se iniciar\u00e1 un proceso de reconstrucci\u00f3n en los municipios porque \u201cparte de la crisis del fracaso neoliberal es la insolvencia, la falta de presupuesto de los gobiernos municipales y estatales\u201d.<\/p>\n<p>Al referirse a la solicitud de la presidenta municipal de Hermosillo y de la gobernadora de Sonora, quienes le expusieron durante su visita reciente las necesidades de pavimentaci\u00f3n y servicios b\u00e1sicos en 13 municipios de esa entidad, dijo que las carencias se extienden a gran parte de las municipalidades del pa\u00eds.<\/p>\n<p>\u201cNo son 13, desgraciadamente as\u00ed hay muchos municipios en el pa\u00eds, dos mil 500, en todos hay carencias. Es un proceso de reconstrucci\u00f3n porque se abandon\u00f3 por completo a los pueblos, se dedicaron a otras cosas. Vamos a ir poco a poco, nos estamos poniendo de acuerdo con los gobiernos estatales y municipales\u201d, explic\u00f3 el mandatario.<\/p>\n<p>Respecto a la solicitud de la alcaldesa, C\u00e9lida Teresa L\u00f3pez C\u00e1rdenas, \u201cla presidenta de Hermosillo ya est\u00e1 en comunicaci\u00f3n con el director de Banobras, porque el municipio est\u00e1 endeudado, no tienen ni para pagar la n\u00f3mina. En la ciudad tuvieron la fortuna de que llovi\u00f3 mucho, no van a padecer este a\u00f1o de falta de lluvia. Esta lluvia hizo mucho da\u00f1o a las calles. No tienen presupuesto para tapar los baches\u201d, expuso.<\/p>\n<p>\u201cVamos a ofrecer una disculpa al pueblo yaqui, ahora que vamos a conmemorar el 21 aniversario de nuestra independencia y recordar los 500 a\u00f1os de la Conquista, que Espa\u00f1a y el Vaticano hagan lo mismo, pero el gobierno mexicano tiene que llevar a cabo una pol\u00edtica distinta\u201d, consider\u00f3 L\u00f3pez Obrador.<\/p>\n<p>A\u00f1adi\u00f3 que los ocho pueblos yaquis van a recibir una atenci\u00f3n para mejorar sus condiciones.<\/p>\n<p>\u201cLos pueblos yaquis est\u00e1n en el abandono con calles destruidas, sin agua, sin drenaje, sin servicios p\u00fablicos. Es un proceso de reconstrucci\u00f3n\u201d, reiter\u00f3.<\/p>\n","protected":false},"excerpt":{"rendered":"<p>El presidente Andr\u00e9s Manuel L\u00f3pez Obrador inform\u00f3 este mi\u00e9rcoles que se iniciar\u00e1 un proceso de reconstrucci\u00f3n en los municipios porque \u201cparte de la crisis del fracaso neoliberal es la insolvencia, la falta de presupuesto de los gobiernos municipales y estatales\u201d.<\/p>\n","protected":false},"author":5,"featured_media":456141,"comment_status":"open","ping_status":"open","sticky":false,"template":"","format":"standard","meta":{"_monsterinsights_skip_tracking":false,"_monsterinsights_sitenote_active":false,"_monsterinsights_sitenote_note":"","_monsterinsights_sitenote_category":0,"footnotes":""},"categories":[3],"tags":[89533,2545,89534,1352,89553,69841,83712],"class_list":["post-456140","post","type-post","status-publish","format-standard","has-post-thumbnail","hentry","category-nacional","tag-fracaso-neoliberal","tag-amlo","tag-amlo-crisis","tag-andres-manuel-lopez-obrador","tag-frcaso","tag-municipio","tag-neoliberal"],"_links":{"self":[{"href":"https:\/\/www.diarioimagen.net\/index.php?rest_route=\/wp\/v2\/posts\/456140","targetHints":{"allow":["GET"]}}],"collection":[{"href":"https:\/\/www.diarioimagen.net\/index.php?rest_route=\/wp\/v2\/posts"}],"about":[{"href":"https:\/\/www.diarioimagen.net\/index.php?rest_route=\/wp\/v2\/types\/post"}],"author":[{"embeddable":true,"href":"https:\/\/www.diarioimagen.net\/index.php?rest_route=\/wp\/v2\/users\/5"}],"replies":[{"embeddable":true,"href":"https:\/\/www.diarioimagen.net\/index.php?rest_route=%2Fwp%2Fv2%2Fcomments&post=456140"}],"version-history":[{"count":0,"href":"https:\/\/www.diarioimagen.net\/index.php?rest_route=\/wp\/v2\/posts\/456140\/revisions"}],"wp:featuredmedia":[{"embeddable":true,"href":"https:\/\/www.diarioimagen.net\/index.php?rest_route=\/wp\/v2\/media\/456141"}],"wp:attachment":[{"href":"https:\/\/www.diarioimagen.net\/index.php?rest_route=%2Fwp%2Fv2%2Fmedia&parent=456140"}],"wp:term":[{"taxonomy":"category","embeddable":true,"href":"https:\/\/www.diarioimagen.net\/index.php?rest_route=%2Fwp%2Fv2%2Fcategories&post=456140"},{"taxonomy":"post_tag","embeddable":true,"href":"https:\/\/www.diarioimagen.net\/index.php?rest_route=%2Fwp%2Fv2%2Ftags&post=456140"}],"curies":[{"name":"wp","href":"https:\/\/api.w.org\/{rel}","templated":true}]}}