{"id":456187,"date":"2020-01-16T00:13:34","date_gmt":"2020-01-16T06:13:34","guid":{"rendered":"https:\/\/www.diarioimagen.net\/?p=456187"},"modified":"2020-01-17T01:17:25","modified_gmt":"2020-01-17T07:17:25","slug":"instituto-de-movilidad-investiga-a-taxistas-implicados-en-delitos","status":"publish","type":"post","link":"https:\/\/www.diarioimagen.net\/?p=456187","title":{"rendered":"Instituto de Movilidad investiga a taxistas implicados en delitos"},"content":{"rendered":"<h2>Derecho de r\u00e9plica<\/h2>\n<h5>Jos\u00e9 Luis Monta\u00f1ez<\/h5>\n<p>&nbsp;<\/p>\n<ul>\n<li><strong><em>Se busca garantizar la seguridad de usuarios de este transporte<\/em><\/strong><\/li>\n<\/ul>\n<p>&nbsp;<\/p>\n<div id=\"attachment_456241\" style=\"width: 470px\" class=\"wp-caption aligncenter\"><a href=\"https:\/\/www.diarioimagen.net\/?attachment_id=456241\" rel=\"attachment wp-att-456241\"><img loading=\"lazy\" decoding=\"async\" aria-describedby=\"caption-attachment-456241\" class=\"size-large wp-image-456241\" src=\"https:\/\/www.diarioimagen.net\/wp-content\/uploads\/2020\/01\/movilidad-460x259.jpg\" alt=\"\" width=\"460\" height=\"259\" srcset=\"https:\/\/www.diarioimagen.net\/wp-content\/uploads\/2020\/01\/movilidad-460x259.jpg 460w, https:\/\/www.diarioimagen.net\/wp-content\/uploads\/2020\/01\/movilidad-240x135.jpg 240w, https:\/\/www.diarioimagen.net\/wp-content\/uploads\/2020\/01\/movilidad-235x132.jpg 235w, https:\/\/www.diarioimagen.net\/wp-content\/uploads\/2020\/01\/movilidad-202x114.jpg 202w, https:\/\/www.diarioimagen.net\/wp-content\/uploads\/2020\/01\/movilidad-350x196.jpg 350w, https:\/\/www.diarioimagen.net\/wp-content\/uploads\/2020\/01\/movilidad-220x123.jpg 220w, https:\/\/www.diarioimagen.net\/wp-content\/uploads\/2020\/01\/movilidad-237x132.jpg 237w, https:\/\/www.diarioimagen.net\/wp-content\/uploads\/2020\/01\/movilidad.jpg 480w\" sizes=\"auto, (max-width: 460px) 100vw, 460px\" \/><\/a><p id=\"caption-attachment-456241\" class=\"wp-caption-text\">El Instituto de Movilidad dio a conocer que inici\u00f3 20 procedimientos en contra de un igual n\u00famero de taxis de la zona norte del estado.<\/p><\/div>\n<p>&nbsp;<\/p>\n<p>El Instituto de Movilidad dio a conocer que inici\u00f3 20 procedimientos en contra de taxistas de la zona norte del estado, con el fin de investigar su presunta participaci\u00f3n en hechos delictivos y con lo que pretenden avanzar en su meta de garantizar la seguridad de los usuarios del transporte publico en el estado.<\/p>\n<p>De entrada, estas unidades podr\u00edan enfrentar la suspensi\u00f3n o cancelaci\u00f3n definitiva de las concesiones en el caso de comprobarse que est\u00e9n involucradas en delitos como asaltos y agresiones a pasajeros.<\/p>\n<p>El titular del instituto, Jorge P\u00e9rez P\u00e9rez, coment\u00f3: \u201ctendremos cero tolerancia con estos taxistas, puesto que nuestra tarea es garantizar la seguridad en el transporte p\u00fablico y evitar que se repitan este tipo de incidentes\u201d.<\/p>\n<p>De acuerdo con la informaci\u00f3n de las autoridades policiacas, hasta octubre de 2019, fueron 127 casos en donde los testigos denunciaron la participaci\u00f3n de taxis en la comisi\u00f3n de delitos de alto impacto, desde asaltos a mano armada, violaciones, secuestro y complicidad para la fuga de delincuentes, lo cual despert\u00f3 una alerta en el Instituto de Movilidad.<\/p>\n<p style=\"text-align: center;\"><strong>Solo siete detenciones, hasta ahora <\/strong><\/p>\n<p>Cabe resaltar de que de las denuncias, solo en siete de los casos se logr\u00f3 la detenci\u00f3n de los sospechosos implicados, debido a que la mayor\u00eda de las veces no fue posible localizar al conductor del taxi, ante la falta de un padr\u00f3n.<\/p>\n<p>Por lo anterior, el funcionario estatal dijo que trabajan en el Sirecom, (Sistema Integral de Registro y Control de Movilidad), que facilitar\u00e1 el intercambio de informaci\u00f3n con las corporaciones policiacas de la entidad. \u201cCon este programa podremos registrar, controlar y sistematizar los padrones de todas las modalidades del transporte p\u00fablico concesionado, desde altas, bajas, transferencias, correcciones, verificaciones vehiculares, archivos, tr\u00e1mites y m\u00e1s adelante operadores y licencias, para conocer quien se encuentra detr\u00e1s del volante, qui\u00e9n es el due\u00f1o de la concesi\u00f3n o veh\u00edculo, y en qu\u00e9 situaci\u00f3n se encuentra\u201d.<\/p>\n<p>De este modo, en caso de que un concesionario o chofer sea sospechoso de cometer un delito, podr\u00e1 conocerse de manera casi inmediata de quien se trata, facilitando con ello las investigaciones. \u201cPero tambi\u00e9n podremos saber cu\u00e1l es el taxi que no se encuentra al d\u00eda en su documentaci\u00f3n, cu\u00e1l no ha pagado su tenencia, etc. De tal manera que funcionar\u00e1 como una especie similar al Registro P\u00fablico de la Propiedad\u201d, concluy\u00f3.<\/p>\n<p style=\"text-align: center;\"><strong>Aclaran dudas sobe el Insabi en Q. Roo; Sesa firmar\u00e1 acuerdos con IMSS e ISSSTE<\/strong><\/p>\n<p>Tras la entrada en vigor del Instituto de Salud para el bienestar (Insabi), la pol\u00e9mica no se hizo esperar a lo largo y ancho del pa\u00eds, entre las declaraciones del Presidente Andr\u00e9s Manuel L\u00f3pez Obrador, quien afirma que dicha instituci\u00f3n ofrecer\u00eda atenci\u00f3n completamente gratuita a los ciudadanos y por otro lado quienes comenzaron a denunciar presuntos cobros excesivos en los servicios de salud. En Quintana Roo por su parte, fue la Direcci\u00f3n de servicios estatales de salud quien sali\u00f3 a aclarar dudas al respecto.<\/p>\n<p>De entrada se dio a conocer que en el transcurso de la semana la Secretar\u00eda de Salud en el estado (Sesa) firmar\u00e1 los convenios respectivos con el ISSSTE y el IMSS, para adherirse al Insabi. La directora de los servicios estatales de salud, Miriam Ortiz Enr\u00edquez, asegur\u00f3 \u201cque los servicios m\u00e9dicos en cl\u00ednicas, hospitales y centros de salud urbanos y rurales dependientes de la Secretar\u00eda de Salud de Quintana Roo, ya son gratuitos\u201d.<\/p>\n<p>A\u00f1adi\u00f3 que apegados a las pol\u00edticas del Gobierno Federal, que desde el primero de enero derog\u00f3 el Seguro Popular, en Quintana Roo ya se ofrece atenci\u00f3n universal a trav\u00e9s del Insabi \u201c\u201cLa indicaci\u00f3n que tienen todos los hospitales es que no hagan cobro alguno si no tienen seguridad social, mientras que si existen cobros indebidos, se solicita que emitan una queja en el sistema unificado de gesti\u00f3n\u201d, coment\u00f3.<\/p>\n<p style=\"text-align: center;\"><strong>No se han recibido quejas en la entidad<\/strong><\/p>\n<p>Reiter\u00f3 que en los pr\u00f3ximos d\u00edas Sesa firmar\u00e1 los convenios respectivos con las instituciones de salud de la Federaci\u00f3n como el ISSSTE y el IMSS para adherirse al Insabi y de este modo se otorgue atenci\u00f3n gratuita en cl\u00ednicas y hospitales de estos organismos. \u201cDespu\u00e9s del decreto de ley que se estableci\u00f3 el primero de enero del presente a\u00f1o todos los derechohabientes que estaban antiguamente afiliados al Seguro Popular ya no requieren presentar la p\u00f3liza\u201d.<\/p>\n<p>Lo mismo afirm\u00f3 que a\u00fan cuando de manera p\u00fablica existen algunas quejas y denuncias por cobros que se han realizado a los pacientes, no existe denuncia alguna realizada de manera formal en Quintana Roo, pero insisti\u00f3 en que se mantendr\u00e1n muy pendientes de cualquier situaci\u00f3n que se llegue a presentar, para tomar cartas en el asunto.<\/p>\n<p>E invit\u00f3 a quienes se consideren afectados por cobros indebidos en el alg\u00fan hospital o centro de salud, a denunciar ante el Gobierno Federal o ante las autoridades estatales, para que se investigue y se sancione a los responsables, puesto que la indicaci\u00f3n es que al menos por atenci\u00f3n medica de primer y segundo nivel.<\/p>\n<p style=\"text-align: center;\"><strong>Centro de Salud ampliado en Jos\u00e9 Mar\u00eda Morelos <\/strong><\/p>\n<p>Por su parte, la jefa de la jurisdicci\u00f3n sanitaria n\u00famero 3, Denisse Soto Mart\u00ednez, coment\u00f3 que en Jos\u00e9 Mar\u00eda Morelos se requiere de una ampliaci\u00f3n en su centro de salud para poder brindar atenci\u00f3n medica de acuerdo al nuevo instituto denominado Insabi \u201cla operatividad y forma de atenci\u00f3n no cambia, no se cobrar\u00e1 ning\u00fan servicio m\u00e9dico de primer y segundo nivel de la Unidad con centro de salud ampliado, aunque ya se trabaja en la gestor\u00eda para el abasto suficiente de personal e insumo para cubrir el cien por ciento de las personas que no cuentan con seguridad social\u201d asegur\u00f3.<\/p>\n<p>Aclar\u00f3 que \u201clas personas que cuentan con IMSS e ISSSTE no gozar\u00e1n del servicio, pues solamente se pretende cubrir la totalidad de personas que no cuentan con seguridad social\u201d, mientras que los interesados en contar con el servicio, no deber\u00e1n afiliarse, sino \u00fanicamente con presentar credencial de elector (INE) o la Clave \u00danica de Registro de Poblaci\u00f3n (CURP).<\/p>\n<p style=\"text-align: center;\"><strong>Servicio de salud ser\u00e1 completamente gratis<\/strong><\/p>\n<p>A pesar de que hasta el momento, el Insabi ofrece gratuidad \u00fanicamente en servicios de salud de primero y segundo nivel Juan Ferrer Aguilar, titular del Insabi, asegur\u00f3 que los mexicanos sin seguridad social tendr\u00e1n acceso a la atenci\u00f3n de manera completamente gratuita antes del a\u00f1o entrante, incluyendo especialidades de tercer nivel. \u201cEl 1 de diciembre de 2020, no de 2024, se vivir\u00e1 un cambio en la salud de los mexicanos y el licenciado Andr\u00e9s Manuel L\u00f3pez Obrador est\u00e1 empe\u00f1ado y ocupado para que suceda\u201d, afirm\u00f3.<\/p>\n<p>Asegur\u00f3 que las reglas de operaci\u00f3n a est\u00e1n terminadas y que las 32 entidades federativas recibieron un acuerdo de coordinaci\u00f3n que ha sido signado por 26 gobernadores \u201cUn cambio de modelo cuesta trabajo porque hay resistencia, intereses econ\u00f3micos, donde no se estudia la forma y no se respeta la ley y la reglamentaci\u00f3n. El Insabi es un organismo descentralizado que se construy\u00f3 en un a\u00f1o, todas las reglas de operaci\u00f3n est\u00e1n concluidas\u201d, asever\u00f3.<\/p>\n<p>Asegur\u00f3 que a las 66 intervenciones de alto costo que cubr\u00eda el extinto modelo de Seguro Popular, se sumar\u00e1n 30 con el Insabi y promete que odas ser\u00e1n atendidas de manera gratuita en instalaciones dignas \u201cPara empezar otorgar\u00e1 servicios m\u00e9dicos, es gratuito, habr\u00e1 todos los medicamentos, se atender\u00e1n todas las enfermedades, se tendr\u00e1n instalaciones dignas y de calidad, y con los trabajadores se har\u00e1 justicia laboral, porque m\u00e1s de 87 mil empleados est\u00e1n en situaci\u00f3n precaria. El tercer nivel de especialidad tambi\u00e9n ser\u00e1 gratuito, no hay cuotas en primer ni en segundo niveles, y en la parte especializada se van a quitar\u201d.<\/p>\n<p style=\"text-align: center;\"><strong>40 mil mdp m\u00e1s para lograr la gratuidad<\/strong><\/p>\n<p>El titular de la dependencia explic\u00f3 que \u201cse suman 40 mil millones de pesos. El techo presupuestal del Seguro Popular siempre fue de 72 mil millones de pesos, lo que estamos haciendo es sumar y tenemos 112 mil millones de pesos para atender estos padecimientos. Adem\u00e1s, las 32 entidades daban una aportaci\u00f3n solidaria estatal, esa ven\u00eda al Seguro Popular, ahora se queda en los estados y podr\u00e1n utilizarlo para este tipo de enfermedades\u201d sentenci\u00f3.<\/p>\n<p>Y aclar\u00f3 que la fecha para que esto suceda \u201cDepende del Consejo de Salubridad. Nos acaban de anunciar que ya hay cuatro que en estas semanas estar\u00edan integrados a estas 66, ser\u00edan 70. El Instituto de Salud para el Bienestar no busca c\u00f3mo reducir, si no todo lo contrario\u201d.<\/p>\n<p style=\"text-align: center;\"><strong>Alistan estrategia para \u201cOperativo Mochila\u201d en Q. Roo<\/strong><\/p>\n<p>La Secretar\u00eda de Educaci\u00f3n de Quintana Roo (SEQ), confirm\u00f3 que en los pr\u00f3ximos d\u00edas tendr\u00e1n lista la estrategia y protocolos para llevar a cabo el \u201coperativo mochila\u201d en escuelas de nivel b\u00e1sico y medio superior en el estado.<\/p>\n<p>El operativo es una medida preventiva para detectar armas, drogas u otro objeto il\u00edcito, que pueda ser ingresado en la mochila al interior de los planteles. El fin es evitar cualquier situaci\u00f3n de riesgo para el alumnado y personal docente.<\/p>\n<p>Ana Isabel V\u00e1squez Jim\u00e9nez, secretaria de Educaci\u00f3n, afirm\u00f3 que en antes de una semana, \u201cla dependencia estatal, deber\u00e1 contar con las estrategias y protocolos para llevar a cabo este proceso de revisi\u00f3n, en las escuelas del sistema educativo del estado, con el respaldo de personas capacitadas en el tema y la colaboraci\u00f3n de los padres de familia. En el caso del sector privado, los directivos pueden llevar a cabo esta medida, con la participaci\u00f3n de los padres de familia\u201d, sentenci\u00f3.<\/p>\n<p style=\"text-align: center;\"><strong>No sustituir\u00e1 programa Escuela Segura<\/strong><\/p>\n<p>Asegur\u00f3 por otra parte que el programa Escuela Segura, se mantendr\u00e1 paralelamente vigente, y este se encuentra enfocado en la prevenci\u00f3n y atenci\u00f3n en materia de seguridad, lo mismo que la implementaci\u00f3n del programa Crianza Afectiva, para acercar a los padres de familia en el proceso educativo de sus hijos.<\/p>\n<p>Si bien, hay cierta oposici\u00f3n al operativo mochila en las escuelas b\u00e1sicas, puesto que la Comisi\u00f3n de Derechos Humanos del Estado de Quintana Roo se manifest\u00f3 en contra de esta medida, argumentando que vulnera las garant\u00edas de ni\u00f1as, ni\u00f1os y adolescentes estudiantes, se ha solicitad el apoyo de los padres de familia.<\/p>\n","protected":false},"excerpt":{"rendered":"<p><span style=\"color: #005497;\"><strong>Jos\u00e9 Luis Monta\u00f1ez<\/strong><\/span><br \/>\n<br \/>\nEl Instituto de Movilidad dio a conocer que inici\u00f3 20 procedimientos en contra de taxistas de la zona norte del estado, con el fin de investigar su presunta participaci\u00f3n en hechos delictivos y con lo que pretenden avanzar en su meta de garantizar la seguridad de los usuarios del transporte publico en el estado.<\/p>\n","protected":false},"author":3,"featured_media":456241,"comment_status":"open","ping_status":"open","sticky":false,"template":"","format":"standard","meta":{"_monsterinsights_skip_tracking":false,"_monsterinsights_sitenote_active":false,"_monsterinsights_sitenote_note":"","_monsterinsights_sitenote_category":0,"footnotes":""},"categories":[11622,25512],"tags":[47840,54579,43674],"class_list":["post-456187","post","type-post","status-publish","format-standard","has-post-thumbnail","hentry","category-jose-luis-montanez-aguilar","category-nacional-nacional","tag-derecho-de-replica","tag-jose-luis-montanez","tag-opinion"],"_links":{"self":[{"href":"https:\/\/www.diarioimagen.net\/index.php?rest_route=\/wp\/v2\/posts\/456187","targetHints":{"allow":["GET"]}}],"collection":[{"href":"https:\/\/www.diarioimagen.net\/index.php?rest_route=\/wp\/v2\/posts"}],"about":[{"href":"https:\/\/www.diarioimagen.net\/index.php?rest_route=\/wp\/v2\/types\/post"}],"author":[{"embeddable":true,"href":"https:\/\/www.diarioimagen.net\/index.php?rest_route=\/wp\/v2\/users\/3"}],"replies":[{"embeddable":true,"href":"https:\/\/www.diarioimagen.net\/index.php?rest_route=%2Fwp%2Fv2%2Fcomments&post=456187"}],"version-history":[{"count":0,"href":"https:\/\/www.diarioimagen.net\/index.php?rest_route=\/wp\/v2\/posts\/456187\/revisions"}],"wp:featuredmedia":[{"embeddable":true,"href":"https:\/\/www.diarioimagen.net\/index.php?rest_route=\/wp\/v2\/media\/456241"}],"wp:attachment":[{"href":"https:\/\/www.diarioimagen.net\/index.php?rest_route=%2Fwp%2Fv2%2Fmedia&parent=456187"}],"wp:term":[{"taxonomy":"category","embeddable":true,"href":"https:\/\/www.diarioimagen.net\/index.php?rest_route=%2Fwp%2Fv2%2Fcategories&post=456187"},{"taxonomy":"post_tag","embeddable":true,"href":"https:\/\/www.diarioimagen.net\/index.php?rest_route=%2Fwp%2Fv2%2Ftags&post=456187"}],"curies":[{"name":"wp","href":"https:\/\/api.w.org\/{rel}","templated":true}]}}