{"id":456210,"date":"2020-01-16T00:05:30","date_gmt":"2020-01-16T06:05:30","guid":{"rendered":"https:\/\/www.diarioimagen.net\/?p=456210"},"modified":"2020-01-16T01:24:34","modified_gmt":"2020-01-16T07:24:34","slug":"el-gobierno-de-naucalpan-entrega-monederos-electronicos-a-abuelitos","status":"publish","type":"post","link":"https:\/\/www.diarioimagen.net\/?p=456210","title":{"rendered":"El gobierno de Naucalpan entrega monederos electr\u00f3nicos a abuelitos"},"content":{"rendered":"<ul>\n<li><strong><em>Para mejorar su calidad de vida<\/em><\/strong><\/li>\n<\/ul>\n<p>&nbsp;<\/p>\n<div id=\"attachment_456264\" style=\"width: 470px\" class=\"wp-caption aligncenter\"><a href=\"https:\/\/www.diarioimagen.net\/?attachment_id=456264\" rel=\"attachment wp-att-456264\"><img loading=\"lazy\" decoding=\"async\" aria-describedby=\"caption-attachment-456264\" class=\"size-large wp-image-456264\" src=\"https:\/\/www.diarioimagen.net\/wp-content\/uploads\/2020\/01\/NAUCALPAN-3-460x354.jpg\" alt=\"\" width=\"460\" height=\"354\" srcset=\"https:\/\/www.diarioimagen.net\/wp-content\/uploads\/2020\/01\/NAUCALPAN-3-460x354.jpg 460w, https:\/\/www.diarioimagen.net\/wp-content\/uploads\/2020\/01\/NAUCALPAN-3-240x184.jpg 240w, https:\/\/www.diarioimagen.net\/wp-content\/uploads\/2020\/01\/NAUCALPAN-3.jpg 700w\" sizes=\"auto, (max-width: 460px) 100vw, 460px\" \/><\/a><p id=\"caption-attachment-456264\" class=\"wp-caption-text\">La alcaldesa Patricia Dur\u00e1n Reveles entreg\u00f3 2 mil monederos electr\u00f3nicos a adultos mayores de Naucalpan.<\/p><\/div>\n<p>&nbsp;<\/p>\n<p><strong>Naucalpan, Estado de M\u00e9xico<\/strong>.- La Presidenta Municipal, Patricia Dur\u00e1n Reveles, entreg\u00f3 2 mil monederos electr\u00f3nicos a personas de 65, 66 y 67 a\u00f1os de edad.<\/p>\n<p>El monto otorgado a cada beneficiario fue de 2 mil 400 pesos, correspondiente a dos entregas mensuales, programa contemplado en las acciones de la Secretar\u00eda de Desarrollo Social.<\/p>\n<p>\u201cEste Gobierno trabaja para cumplir con todo aquello que nos comprometimos; sobre todo, para cambiar y mejorar la calidad de vida de los naucalpenses, de nuestros abuelitos, de la gente que ha trabajado toda su vida para tener una vida digna.<\/p>\n<p>\u201cDeseo que el dinero en especie ayude a aliviar lo que se necesita en sus familias, desde un medicamento, una consulta, transporte, alimento, y que contribuya para tener una mejor posibilidad de enfrentar los retos diarios\u201d, dijo Dur\u00e1n Reveles.<\/p>\n<p>La Mun\u00edcipe reconoci\u00f3 que S\u00edndicos y Regidores apoyen las propuestas en Cabildo para entregar recursos a grupos vulnerables.El Secretario de Desarrollo Social, Pedro G\u00e1lvez Bastida, expuso a los beneficiaros que a un a\u00f1o de Gobierno, y a pesar de la dif\u00edcil situaci\u00f3n financiera, se ha mostrado que cuando existe voluntad se notan los cambios positivos.<\/p>\n<p>\u201cCuando hay voluntad, como lo tiene la Presidenta Municipal, Patricia Dur\u00e1n, se puede gobernar para la gente. Con honestidad y sensibilidad se puede ayudar a las personas con apoyos econ\u00f3micos y canastas alimentarias\u201d, resalt\u00f3 el funcionario.<\/p>\n<p>La entrega de la pensi\u00f3n se lleva a cabo a trav\u00e9s de una convocatoria y, luego de un estudio socioecon\u00f3mico, se procede a la entrega del recurso. Participan en su elaboraci\u00f3n la Direcci\u00f3n de Grupos en Situaci\u00f3n de Vulnerabilidad y el Departamento para la Atenci\u00f3n de los Adultos Mayores.<\/p>\n<p>\u201cQueremos pedirles que nos ayuden a ayudar a otras personas. D\u00edganles a sus vecinos, a sus amigos a sus familiares que necesiten apoyos, d\u00edganles que en Naucalpan nuestra prioridad es trabajar por nuestra ni\u00f1ez y por nuestros adultos mayores, y que est\u00e9n atentos a los programas que este Gobierno tiene para todos\u201d, coment\u00f3 la Alcaldesa.<\/p>\n<p>Al acto acudieron la Segunda S\u00edndica, Carmen Abigail Ruiz Couti\u00f1o; la Segunda Regidora, Graciela Alexis Santos Garc\u00eda; el S\u00e9ptimo Regidor, Jos\u00e9 Vel\u00e1zquez Meza, y el Und\u00e9cimo Regidor, Anselmo Garc\u00eda Cruz. Tambi\u00e9n asisti\u00f3 Rodrigo Coello, presidente de la Comisi\u00f3n Anticorrupci\u00f3n de Coparmex Metropolitano (Confederaci\u00f3n Patronal de la Rep\u00fablica Mexicana).<\/p>\n","protected":false},"excerpt":{"rendered":"<p>La Presidenta Municipal, Patricia Dur\u00e1n Reveles, entreg\u00f3 2 mil monederos electr\u00f3nicos a personas de 65, 66 y 67 a\u00f1os de edad.<\/p>\n","protected":false},"author":3,"featured_media":456264,"comment_status":"open","ping_status":"open","sticky":false,"template":"","format":"standard","meta":{"_monsterinsights_skip_tracking":false,"_monsterinsights_sitenote_active":false,"_monsterinsights_sitenote_note":"","_monsterinsights_sitenote_category":0,"footnotes":""},"categories":[5],"tags":[64917,43675,89555,970],"class_list":["post-456210","post","type-post","status-publish","format-standard","has-post-thumbnail","hentry","category-estado-de-mexico","tag-abuelos","tag-estado-de-mexico","tag-monederos-electronicos","tag-naucalpan"],"_links":{"self":[{"href":"https:\/\/www.diarioimagen.net\/index.php?rest_route=\/wp\/v2\/posts\/456210","targetHints":{"allow":["GET"]}}],"collection":[{"href":"https:\/\/www.diarioimagen.net\/index.php?rest_route=\/wp\/v2\/posts"}],"about":[{"href":"https:\/\/www.diarioimagen.net\/index.php?rest_route=\/wp\/v2\/types\/post"}],"author":[{"embeddable":true,"href":"https:\/\/www.diarioimagen.net\/index.php?rest_route=\/wp\/v2\/users\/3"}],"replies":[{"embeddable":true,"href":"https:\/\/www.diarioimagen.net\/index.php?rest_route=%2Fwp%2Fv2%2Fcomments&post=456210"}],"version-history":[{"count":0,"href":"https:\/\/www.diarioimagen.net\/index.php?rest_route=\/wp\/v2\/posts\/456210\/revisions"}],"wp:featuredmedia":[{"embeddable":true,"href":"https:\/\/www.diarioimagen.net\/index.php?rest_route=\/wp\/v2\/media\/456264"}],"wp:attachment":[{"href":"https:\/\/www.diarioimagen.net\/index.php?rest_route=%2Fwp%2Fv2%2Fmedia&parent=456210"}],"wp:term":[{"taxonomy":"category","embeddable":true,"href":"https:\/\/www.diarioimagen.net\/index.php?rest_route=%2Fwp%2Fv2%2Fcategories&post=456210"},{"taxonomy":"post_tag","embeddable":true,"href":"https:\/\/www.diarioimagen.net\/index.php?rest_route=%2Fwp%2Fv2%2Ftags&post=456210"}],"curies":[{"name":"wp","href":"https:\/\/api.w.org\/{rel}","templated":true}]}}