{"id":456213,"date":"2020-01-16T00:04:21","date_gmt":"2020-01-16T06:04:21","guid":{"rendered":"https:\/\/www.diarioimagen.net\/?p=456213"},"modified":"2020-01-16T01:26:58","modified_gmt":"2020-01-16T07:26:58","slug":"concluye-edil-armando-portuguez-fuentes-presidencia-de-consejo-de-seguridad-publica","status":"publish","type":"post","link":"https:\/\/www.diarioimagen.net\/?p=456213","title":{"rendered":"Concluye edil Armando Portuguez Fuentes presidencia de Consejo de Seguridad P\u00fablica"},"content":{"rendered":"<ul>\n<li><strong><em>Sesi\u00f3n de la Regi\u00f3n XVIII Tultitl\u00e1n<\/em><\/strong><\/li>\n<\/ul>\n<p>&nbsp;<\/p>\n<div id=\"attachment_456267\" style=\"width: 470px\" class=\"wp-caption aligncenter\"><a href=\"https:\/\/www.diarioimagen.net\/?attachment_id=456267\" rel=\"attachment wp-att-456267\"><img loading=\"lazy\" decoding=\"async\" aria-describedby=\"caption-attachment-456267\" class=\"size-large wp-image-456267\" src=\"https:\/\/www.diarioimagen.net\/wp-content\/uploads\/2020\/01\/TULTEPEC-3-460x259.jpg\" alt=\"\" width=\"460\" height=\"259\" srcset=\"https:\/\/www.diarioimagen.net\/wp-content\/uploads\/2020\/01\/TULTEPEC-3-460x259.jpg 460w, https:\/\/www.diarioimagen.net\/wp-content\/uploads\/2020\/01\/TULTEPEC-3-240x135.jpg 240w, https:\/\/www.diarioimagen.net\/wp-content\/uploads\/2020\/01\/TULTEPEC-3-235x132.jpg 235w, https:\/\/www.diarioimagen.net\/wp-content\/uploads\/2020\/01\/TULTEPEC-3-202x114.jpg 202w, https:\/\/www.diarioimagen.net\/wp-content\/uploads\/2020\/01\/TULTEPEC-3-350x196.jpg 350w, https:\/\/www.diarioimagen.net\/wp-content\/uploads\/2020\/01\/TULTEPEC-3-220x123.jpg 220w, https:\/\/www.diarioimagen.net\/wp-content\/uploads\/2020\/01\/TULTEPEC-3-237x132.jpg 237w, https:\/\/www.diarioimagen.net\/wp-content\/uploads\/2020\/01\/TULTEPEC-3.jpg 480w\" sizes=\"auto, (max-width: 460px) 100vw, 460px\" \/><\/a><p id=\"caption-attachment-456267\" class=\"wp-caption-text\">En la Sesi\u00f3n Ordinaria del Consejo de Seguridad P\u00fablica de la Regi\u00f3n XVIII Tultitl\u00e1n, el edil Armando Portuguez se pronunci\u00f3 por una mayor coordinaci\u00f3n.<\/p><\/div>\n<p>&nbsp;<\/p>\n<p><strong>Tultepec, Estado de M\u00e9xico<\/strong>.- Al dar la bienvenida a la\u00a0Quinta Sesi\u00f3n Ordinaria del Consejo de Seguridad P\u00fablica de la Regi\u00f3n XVIII Tultitl\u00e1n,\u00a0en su calidad de presidente del mismo, el alcalde Armando Portuguez Fuentes se pronunci\u00f3 por una mayor coordinaci\u00f3n entre los tres niveles de gobierno en pro de la b\u00fasqueda de soluciones conjuntas para mejorar la seguridad, reconociendo que \u201ces la principal demanda ciudadana, que no distingue fronteras ni clases sociales entre municipios\u201d.<\/p>\n<p>Ante sus hom\u00f3logos e integrantes del\u00a0Consejo Intermunicipal de Seguridad P\u00fablica Regi\u00f3n XVIII Tultitl\u00e1n, conformado por Tultepec, Cuautitl\u00e1n, Tultitl\u00e1n y Coacalco; sus miembros acordaron a trav\u00e9s del voto directo que los alcaldes Darwin Eslava Gami\u00f1o y Mario Ariel Ju\u00e1rez Rodr\u00edguez, de Coacalco y Cuautitl\u00e1n, respectivamente, asumieran como presidente y como vicepresidente del Consejo para el periodo 2020.<\/p>\n<p>Los presentes reconocieron el trabajo del alcalde Armando Portuguez Fuentes como presidente del Consejo durante 2019, \u201cdonde siempre estuvo pendiente de dar seguimiento puntual a los acuerdos firmados en las sesiones realizadas, entre ellos y uno de los m\u00e1s importantes, el de una mayor coordinaci\u00f3n intermunicipal para la detenci\u00f3n de delincuentes m\u00e1s all\u00e1 de sus l\u00edmites territoriales\u201d.<\/p>\n<p>Juan Minutti L\u00f3pez, Fiscal Regional de Cuautitl\u00e1n, dijo que para alcanzar el objetivo de una mayor seguridad ciudadana y bajar la incidencia delictiva es necesaria la coordinaci\u00f3n y participaci\u00f3n de los tres niveles de gobierno y de todos. \u201cEse es el objetivo de los Ejecutivos federal y estatal en este a\u00f1o, porque lograrlo ser\u00e1 un \u00e9xito de todos, de lo contrario ser\u00e1 fracaso de todos\u201d.<\/p>\n<p>Precis\u00f3 que uno de los objetivos principales es mejorar la percepci\u00f3n de las instituciones de seguridad y para alcanzarlo se deben mejorar los resultados y para ello \u201cdebemos transmitir buenas pr\u00e1cticas de quienes las integramos las instituciones de seguridad, predicando con el ejemplo cuando estamos en funciones, pero tambi\u00e9n fuera de ellas\u201d.<\/p>\n<p>Por su parte, Eliel Salinas L\u00f3pez, representante del Secretario Ejecutivo del Sistema de Estatal de Seguridad P\u00fablica, inform\u00f3 que con base en un acuerdo publicado en la p\u00e1gina 324 de la Gaceta de Gobierno del 23 de diciembre de 2019, se aplicar\u00e1 una f\u00f3rmula de descuentos de los recursos del Fondo de Aportaciones para la Seguridad P\u00fablica de los Estados y del Distrito Federal (FASP) que en el 2020 se hayan destinado a los municipios.<\/p>\n<p>Precis\u00f3 que el 20 por ciento de los que cada municipio reciba en el presente a\u00f1o se convertir\u00e1 en un 100 por ciento, cuya sanci\u00f3n por la no celebraci\u00f3n en tiempo y forma de las sesiones del Consejo ser\u00e1 de un 10 por ciento de ese porcentaje y en caso de que los alcaldes no asistan y env\u00eden alg\u00fan representante, recibir\u00e1n una sanci\u00f3n del 15 por ciento.<\/p>\n<p>Asimismo, el funcionario estatal se\u00f1al\u00f3 que la no presentaci\u00f3n de la captura de Informe Policial Homologado (IPH), tendr\u00e1 una sanci\u00f3n del 7 por ciento y en el caso de la no aplicaci\u00f3n de las 10 estrategias tecnol\u00f3gicas tambi\u00e9n ser\u00e1 sancionado con el 7 por ciento de no cumplirse en tiempo y forma esas t\u00e1cticas.<\/p>\n<p>La captura, an\u00e1lisis y acciones complementarias de la informaci\u00f3n del Banco de Datos de V\u00edctimas en el Estado de M\u00e9xico tambi\u00e9n tiene una sanci\u00f3n del 10 por ciento. La actualizaci\u00f3n de los registros nacionales y estatales, entre ellos el Registro Nacional de Personal de Seguridad P\u00fablica tambi\u00e9n tiene una sanci\u00f3n del 6 por ciento.<\/p>\n","protected":false},"excerpt":{"rendered":"<p>Al dar la bienvenida a la\u00a0Quinta Sesi\u00f3n Ordinaria del Consejo de Seguridad P\u00fablica de la Regi\u00f3n XVIII Tultitl\u00e1n,\u00a0en su calidad de presidente del mismo, el alcalde Armando Portuguez Fuentes se pronunci\u00f3 por una mayor coordinaci\u00f3n entre los tres niveles de gobierno en pro de la b\u00fasqueda de soluciones conjuntas para mejorar la seguridad, reconociendo que \u201ces la principal demanda ciudadana, que no distingue fronteras ni clases sociales entre municipios\u201d.<\/p>\n","protected":false},"author":3,"featured_media":456267,"comment_status":"open","ping_status":"open","sticky":false,"template":"","format":"standard","meta":{"_monsterinsights_skip_tracking":false,"_monsterinsights_sitenote_active":false,"_monsterinsights_sitenote_note":"","_monsterinsights_sitenote_category":0,"footnotes":""},"categories":[5],"tags":[70398,43675,3802],"class_list":["post-456213","post","type-post","status-publish","format-standard","has-post-thumbnail","hentry","category-estado-de-mexico","tag-consejo-de-seguridad-publica","tag-estado-de-mexico","tag-tultepec"],"_links":{"self":[{"href":"https:\/\/www.diarioimagen.net\/index.php?rest_route=\/wp\/v2\/posts\/456213","targetHints":{"allow":["GET"]}}],"collection":[{"href":"https:\/\/www.diarioimagen.net\/index.php?rest_route=\/wp\/v2\/posts"}],"about":[{"href":"https:\/\/www.diarioimagen.net\/index.php?rest_route=\/wp\/v2\/types\/post"}],"author":[{"embeddable":true,"href":"https:\/\/www.diarioimagen.net\/index.php?rest_route=\/wp\/v2\/users\/3"}],"replies":[{"embeddable":true,"href":"https:\/\/www.diarioimagen.net\/index.php?rest_route=%2Fwp%2Fv2%2Fcomments&post=456213"}],"version-history":[{"count":0,"href":"https:\/\/www.diarioimagen.net\/index.php?rest_route=\/wp\/v2\/posts\/456213\/revisions"}],"wp:featuredmedia":[{"embeddable":true,"href":"https:\/\/www.diarioimagen.net\/index.php?rest_route=\/wp\/v2\/media\/456267"}],"wp:attachment":[{"href":"https:\/\/www.diarioimagen.net\/index.php?rest_route=%2Fwp%2Fv2%2Fmedia&parent=456213"}],"wp:term":[{"taxonomy":"category","embeddable":true,"href":"https:\/\/www.diarioimagen.net\/index.php?rest_route=%2Fwp%2Fv2%2Fcategories&post=456213"},{"taxonomy":"post_tag","embeddable":true,"href":"https:\/\/www.diarioimagen.net\/index.php?rest_route=%2Fwp%2Fv2%2Ftags&post=456213"}],"curies":[{"name":"wp","href":"https:\/\/api.w.org\/{rel}","templated":true}]}}