{"id":456215,"date":"2020-01-16T00:03:33","date_gmt":"2020-01-16T06:03:33","guid":{"rendered":"https:\/\/www.diarioimagen.net\/?p=456215"},"modified":"2020-01-16T01:30:05","modified_gmt":"2020-01-16T07:30:05","slug":"reconoce-codhem-labor-de-alcalde-de-nicolas-romero-armando-navarrere","status":"publish","type":"post","link":"https:\/\/www.diarioimagen.net\/?p=456215","title":{"rendered":"Reconoce CODHEM labor de alcalde de Nicol\u00e1s Romero, Armando Navarrere"},"content":{"rendered":"<ul>\n<li><strong><em>Inauguran caseta de video llamadas<\/em><\/strong><\/li>\n<\/ul>\n<p>&nbsp;<\/p>\n<p>&nbsp;<\/p>\n<div id=\"attachment_456270\" style=\"width: 470px\" class=\"wp-caption aligncenter\"><a href=\"https:\/\/www.diarioimagen.net\/?attachment_id=456270\" rel=\"attachment wp-att-456270\"><img loading=\"lazy\" decoding=\"async\" aria-describedby=\"caption-attachment-456270\" class=\"size-large wp-image-456270\" src=\"https:\/\/www.diarioimagen.net\/wp-content\/uploads\/2020\/01\/NICOL\u00c1S--460x259.jpg\" alt=\"\" width=\"460\" height=\"259\" srcset=\"https:\/\/www.diarioimagen.net\/wp-content\/uploads\/2020\/01\/NICOL\u00c1S--460x259.jpg 460w, https:\/\/www.diarioimagen.net\/wp-content\/uploads\/2020\/01\/NICOL\u00c1S--240x135.jpg 240w, https:\/\/www.diarioimagen.net\/wp-content\/uploads\/2020\/01\/NICOL\u00c1S--235x132.jpg 235w, https:\/\/www.diarioimagen.net\/wp-content\/uploads\/2020\/01\/NICOL\u00c1S--202x114.jpg 202w, https:\/\/www.diarioimagen.net\/wp-content\/uploads\/2020\/01\/NICOL\u00c1S--350x196.jpg 350w, https:\/\/www.diarioimagen.net\/wp-content\/uploads\/2020\/01\/NICOL\u00c1S--220x123.jpg 220w, https:\/\/www.diarioimagen.net\/wp-content\/uploads\/2020\/01\/NICOL\u00c1S--237x132.jpg 237w, https:\/\/www.diarioimagen.net\/wp-content\/uploads\/2020\/01\/NICOL\u00c1S-.jpg 480w\" sizes=\"auto, (max-width: 460px) 100vw, 460px\" \/><\/a><p id=\"caption-attachment-456270\" class=\"wp-caption-text\">El alcalde de Nicol\u00e1s Romero, Armando Navarrete L\u00f3pez, asegur\u00f3 que el respeto a las garant\u00edas que preservan la dignidad de las personas, no tiene colores ni partidos.<\/p><\/div>\n<p><strong>Nicol\u00e1s Romero, Estado de M\u00e9xico<\/strong>.- Al inaugurar la caseta de video llamadas para denunciar presuntas violaciones a los derechos humanos, correspondiente al programa\u00a0\u201cLlama y Protege tus Derechos\u201d\u00a0y firmar el convenio general y espec\u00edfico de colaboraci\u00f3n en materia de cultura de Derechos Humanos con el ombudsman mexiquense Jorge Olvera Garc\u00eda, el alcalde Armando Navarrete L\u00f3pez, asegur\u00f3 que el respeto a las garant\u00edas que preservan la dignidad de las personas, no tiene colores ni partidos.<\/p>\n<p>Ante Jorge Adri\u00e1n Cruz Flores, defensor municipal de los Derechos Humanos, Erick Segundo Ma\u00f1\u00f3n Arredondo, director de la Unidad Jur\u00eddica y Consultiva de la Comisi\u00f3n de Derechos Humanos del Estado de M\u00e9xico, Mar\u00eda Yunuen Zavala Hern\u00e1ndez, visitadora general de la CODHEM, con sede en Naucalpan, Luis Enrique Fonseca Vilchis, secretario del Ayuntamiento, funcionarios de la actual administraci\u00f3n e integrantes del cabildo, Navarrete L\u00f3pez precis\u00f3 que ejercer la responsabilidad, asumiendo las libertades de la ciudadan\u00eda, para algunos podr\u00e1 ser de izquierda y para otros de derecha, pero lo cierto es que no es un tema pol\u00edtico y s\u00ed de derechos y libertades,\u00a0\u201clo que es nuestra convicci\u00f3n como administraci\u00f3n\u201d. Armando Navarrete, destac\u00f3 que la visi\u00f3n de este gobierno,\u00a0\u201cha sido ejercer nuestra responsabilidad desde una perspectiva de derechos y libertades, porque todas las acciones que realizamos est\u00e1n bajo ese enfoque\u201d.<\/p>\n<p>Tan es as\u00ed, recalc\u00f3 el edil, que el a\u00f1o pasado una de las primeras cosas que realiz\u00f3, fue pronunciarse en contra de la violencia que sufren las mujeres en el pa\u00eds, en el Estado de M\u00e9xico y en Nicol\u00e1s Romero\u00a0\u201cy tambi\u00e9n respondimos a un derecho humano fundamental, que es el que tienen las personas a la movilidad. De la misma manera, asumimos plenamente el derecho al acceso a la cultura, al firmar la Red de Municipios Comprometidos con los Derechos de las Personas al acceso a la Cultura\u201d\u00a0(RACU), asever\u00f3.<\/p>\n<p>Respecto a la caseta ubicada en la planta baja de Palacio Municipal, con la que Nicol\u00e1s Romero se suma al programa\u00a0\u201cLlama y Protege tus De rechos\u201d,\u00a0donde hizo la primera video llamada en modo de prueba, el alcalde nicolasromerense manifest\u00f3 que el objetivo, es fomentar la cercan\u00eda con la poblaci\u00f3n y brindarle atenci\u00f3n inmediata, ante alguna presunta violaci\u00f3n de sus derechos humanos, utilizando as\u00ed la tecnolog\u00eda en beneficio de \u00e9sta.<\/p>\n<p>Adem\u00e1s, Armando Navarrete firm\u00f3 la recomendaci\u00f3n 1-2019 emitida por la CODHEM, sobre la preservaci\u00f3n de los derechos humanos de los periodistas mexiquenses y reiter\u00f3 su compromiso de que Nicol\u00e1s Romero, sea una ciudad en la que se puedan ejercer las libertades sin cortapisa alguna.<\/p>\n<p>Adelant\u00f3 que se gestionar\u00e1, para que se pueda instalar a la brevedad en el territorio de la demarcaci\u00f3n, una caseta de video llamadas, que permita dar atenci\u00f3n espec\u00edfica a ni\u00f1as, ni\u00f1os y adolescentes, que sufren alg\u00fan tipo de discapacidad y para poder concretarlo, pidi\u00f3 el apoyo del presidente de la CODHEM.<\/p>\n<p>Por su parte, Jorge Olvera Garc\u00eda reconoci\u00f3 la sensibilidad del alcalde Armando Navarrete y expres\u00f3 su plena coincidencia con \u00e9l, en cuanto a que los derechos humanos no tienen color ni ideolog\u00eda, ya que a quien pertenecen es a las personas.<\/p>\n","protected":false},"excerpt":{"rendered":"<p>Al inaugurar la caseta de video llamadas para denunciar presuntas violaciones a los derechos humanos, correspondiente al programa\u00a0\u201cLlama y Protege tus Derechos\u201d\u00a0y firmar el convenio general y espec\u00edfico de colaboraci\u00f3n en materia de cultura de Derechos Humanos con el ombudsman mexiquense Jorge Olvera Garc\u00eda, el alcalde Armando Navarrete L\u00f3pez, asegur\u00f3 que el respeto a las garant\u00edas que preservan la dignidad de las personas, no tiene colores ni partidos.<\/p>\n","protected":false},"author":3,"featured_media":456270,"comment_status":"open","ping_status":"open","sticky":false,"template":"","format":"standard","meta":{"_monsterinsights_skip_tracking":false,"_monsterinsights_sitenote_active":false,"_monsterinsights_sitenote_note":"","_monsterinsights_sitenote_category":0,"footnotes":""},"categories":[5],"tags":[81431,53774,43675,752],"class_list":["post-456215","post","type-post","status-publish","format-standard","has-post-thumbnail","hentry","category-estado-de-mexico","tag-armando-navarrete-lopez","tag-codhem","tag-estado-de-mexico","tag-nicolas-romero"],"_links":{"self":[{"href":"https:\/\/www.diarioimagen.net\/index.php?rest_route=\/wp\/v2\/posts\/456215","targetHints":{"allow":["GET"]}}],"collection":[{"href":"https:\/\/www.diarioimagen.net\/index.php?rest_route=\/wp\/v2\/posts"}],"about":[{"href":"https:\/\/www.diarioimagen.net\/index.php?rest_route=\/wp\/v2\/types\/post"}],"author":[{"embeddable":true,"href":"https:\/\/www.diarioimagen.net\/index.php?rest_route=\/wp\/v2\/users\/3"}],"replies":[{"embeddable":true,"href":"https:\/\/www.diarioimagen.net\/index.php?rest_route=%2Fwp%2Fv2%2Fcomments&post=456215"}],"version-history":[{"count":0,"href":"https:\/\/www.diarioimagen.net\/index.php?rest_route=\/wp\/v2\/posts\/456215\/revisions"}],"wp:featuredmedia":[{"embeddable":true,"href":"https:\/\/www.diarioimagen.net\/index.php?rest_route=\/wp\/v2\/media\/456270"}],"wp:attachment":[{"href":"https:\/\/www.diarioimagen.net\/index.php?rest_route=%2Fwp%2Fv2%2Fmedia&parent=456215"}],"wp:term":[{"taxonomy":"category","embeddable":true,"href":"https:\/\/www.diarioimagen.net\/index.php?rest_route=%2Fwp%2Fv2%2Fcategories&post=456215"},{"taxonomy":"post_tag","embeddable":true,"href":"https:\/\/www.diarioimagen.net\/index.php?rest_route=%2Fwp%2Fv2%2Ftags&post=456215"}],"curies":[{"name":"wp","href":"https:\/\/api.w.org\/{rel}","templated":true}]}}