{"id":456314,"date":"2020-01-16T00:03:34","date_gmt":"2020-01-16T06:03:34","guid":{"rendered":"https:\/\/www.diarioimagen.net\/?p=456314"},"modified":"2020-01-16T02:06:44","modified_gmt":"2020-01-16T08:06:44","slug":"bolsas-prohibidas","status":"publish","type":"post","link":"https:\/\/www.diarioimagen.net\/?p=456314","title":{"rendered":"Bolsas prohibidas"},"content":{"rendered":"<h2>Folclor urbano<\/h2>\n<h5>Salvador Estrada<\/h5>\n<p>&nbsp;<\/p>\n<p>Los mercados y las tienditas de la Ciudad de M\u00e9xico, fueron durante muchos a\u00f1os los establecimientos donde las mercanc\u00edas se entregaban a los compradores envueltos en papel peri\u00f3dico.<\/p>\n<p>Las verduras o las frutas se guardaban en un \u201dcucurucho\u201d, hecho con el papel peri\u00f3dico, cuando la cantidad era un kilo o m\u00e1s, porque en menor cantidad solamente se envolv\u00eda en el papel.<\/p>\n<p>\u00a1Ah\u00a1, pero tambi\u00e9n hab\u00eda papel de estraza, que otros \u00a0negocios lo utilizaban y que volver\u00e1n a hacerlo, como las tortiller\u00edas, y otros giros que tendr\u00e1n que recurrir a \u00e9l en sus ventas.<\/p>\n<p>En los mercados el \u00a0trato del comprador y del vendedor era muy coloquial: \u201d\u00bfQu\u00e9 se va a llevar \u2018marchanta\u2019?\u201d \u201cMarchantita,\u00bfqu\u00e9 le vendo? Y esta palabra ya casi no tiene uso en los mercados. Marchante, seg\u00fan el diccionario, es una persona que tiene como oficio comprar y vender.<\/p>\n<p>Bueno, esta acotaci\u00f3n es parte hist\u00f3rica de los mercados que viene al caso, porque ahora los \u201ccucuruchos\u201d de papel regresan a los mercados,\u00a0porque ya est\u00e1 prohibido usar las bolsas de pl\u00e1stico y quien las use para guardar los productos expendidos ser\u00e1 multado.<\/p>\n<p>En este siglo, donde todo cambia o est\u00e1 cambiando, se us\u00f3 la bolsa pl\u00e1stica en lugar del papel peri\u00f3dico para envolver o guardar y para muchos era muy c\u00f3moda, pero esas bolsas \u201cest\u00e1n condenadas a desaparecer\u201d porque no se pueden desintegrar tan f\u00e1cilmente, llevan a\u00f1os y su destino final es \u201cir al fondo del mar\u201d, a donde se arrojan como basura.<\/p>\n<p>Y en el mar los peces y cet\u00e1ceos, las confunden con alimentos y se ahogan y ya hay cientos, miles de toneladas de esos productos derivados del petr\u00f3leo que se est\u00e1n acumulando en el fondo de los oc\u00e9anos.<\/p>\n<p>Por esta raz\u00f3n, ya no deben utilizarse en las compras de diversos productos las bolsas de pl\u00e1sticos chicas, medianas y grandes y quienes las den a sus clientes tendr\u00e1n que pagar diversas cantidades de dinero.<\/p>\n<p>Las grandes tiendas, donde m\u00e1s se estaban usando las bolsas de pl\u00e1stico ya empezaron a cambiarlas por bolsas de papel, porque si son sorprendidos dando \u201clas bolsas prohibidas\u201d ser\u00e1n sujetos de multa y tendr\u00edan que pagar \u00a1hasta 170 mil pesos\u00a1<\/p>\n<p>Esta multa est\u00e1 \u201cpara llorar\u201d y se debe reglamentar el cu\u00e1nto y el por qu\u00e9 de este castigo porque obviamente es excesivo y no se debe amenazar con ello a los comerciantes y a los grandes almacenes.<\/p>\n<p>Todav\u00eda se puede apreciar en los puestos de tacos el uso de las bolsas pl\u00e1sticas y no se les puede multar a los \u201ctaqueros\u201d con esa \u201cmulta estratosf\u00e9rica\u201d.<\/p>\n<p>Las autoridades deben dar mayor informaci\u00f3n porque hasta ahora las bolsas permitidas son \u201clas bolsas biodegrabales\u201d y tambi\u00e9n deben dar a conocer que se debe hacer con tantas y tantas bolsas de pl\u00e1stico que tienen los comerciantes guardadas en sus negocios.<\/p>\n<p><em><a href=\"mailto:chavasec@yahoo.com.mx\" target=\"_blank\" rel=\"noopener noreferrer\">chavasec@yahoo.com.mx<\/a><\/em><\/p>\n","protected":false},"excerpt":{"rendered":"<p><span style=\"color: #005497;\"><strong>Salvador Estrada<\/strong><\/span><\/p>\n","protected":false},"author":3,"featured_media":0,"comment_status":"open","ping_status":"open","sticky":false,"template":"","format":"standard","meta":{"_monsterinsights_skip_tracking":false,"_monsterinsights_sitenote_active":false,"_monsterinsights_sitenote_note":"","_monsterinsights_sitenote_category":0,"footnotes":""},"categories":[41601],"tags":[41599,43674,41600],"class_list":["post-456314","post","type-post","status-publish","format-standard","hentry","category-salvador-estrada-opinion","tag-folclor-urbano","tag-opinion","tag-salvador-estrada"],"_links":{"self":[{"href":"https:\/\/www.diarioimagen.net\/index.php?rest_route=\/wp\/v2\/posts\/456314","targetHints":{"allow":["GET"]}}],"collection":[{"href":"https:\/\/www.diarioimagen.net\/index.php?rest_route=\/wp\/v2\/posts"}],"about":[{"href":"https:\/\/www.diarioimagen.net\/index.php?rest_route=\/wp\/v2\/types\/post"}],"author":[{"embeddable":true,"href":"https:\/\/www.diarioimagen.net\/index.php?rest_route=\/wp\/v2\/users\/3"}],"replies":[{"embeddable":true,"href":"https:\/\/www.diarioimagen.net\/index.php?rest_route=%2Fwp%2Fv2%2Fcomments&post=456314"}],"version-history":[{"count":0,"href":"https:\/\/www.diarioimagen.net\/index.php?rest_route=\/wp\/v2\/posts\/456314\/revisions"}],"wp:attachment":[{"href":"https:\/\/www.diarioimagen.net\/index.php?rest_route=%2Fwp%2Fv2%2Fmedia&parent=456314"}],"wp:term":[{"taxonomy":"category","embeddable":true,"href":"https:\/\/www.diarioimagen.net\/index.php?rest_route=%2Fwp%2Fv2%2Fcategories&post=456314"},{"taxonomy":"post_tag","embeddable":true,"href":"https:\/\/www.diarioimagen.net\/index.php?rest_route=%2Fwp%2Fv2%2Ftags&post=456314"}],"curies":[{"name":"wp","href":"https:\/\/api.w.org\/{rel}","templated":true}]}}