{"id":456322,"date":"2020-01-17T00:07:11","date_gmt":"2020-01-17T06:07:11","guid":{"rendered":"https:\/\/www.diarioimagen.net\/?p=456322"},"modified":"2020-01-17T11:33:00","modified_gmt":"2020-01-17T17:33:00","slug":"el-canciller-ebrard-celebra-aprobacion-de-acuerdo-comercial","status":"publish","type":"post","link":"https:\/\/www.diarioimagen.net\/?p=456322","title":{"rendered":"El canciller Ebrard celebra aprobaci\u00f3n de acuerdo comercial"},"content":{"rendered":"<ul>\n<li><em><strong>\u00abEstrategia de AMLO rindi\u00f3 buenos frutos\u00bb<\/strong><\/em><\/li>\n<\/ul>\n<p>&nbsp;<\/p>\n<div id=\"attachment_456323\" style=\"width: 470px\" class=\"wp-caption aligncenter\"><img loading=\"lazy\" decoding=\"async\" aria-describedby=\"caption-attachment-456323\" class=\"size-large wp-image-456323\" src=\"https:\/\/www.diarioimagen.net\/wp-content\/uploads\/2020\/01\/APROBACION17-PORTAL-460x268.png\" alt=\"\" width=\"460\" height=\"268\" srcset=\"https:\/\/www.diarioimagen.net\/wp-content\/uploads\/2020\/01\/APROBACION17-PORTAL-460x268.png 460w, https:\/\/www.diarioimagen.net\/wp-content\/uploads\/2020\/01\/APROBACION17-PORTAL-240x140.png 240w, https:\/\/www.diarioimagen.net\/wp-content\/uploads\/2020\/01\/APROBACION17-PORTAL.png 480w\" sizes=\"auto, (max-width: 460px) 100vw, 460px\" \/><p id=\"caption-attachment-456323\" class=\"wp-caption-text\">El canciller Marcelo Ebrard felicit\u00f3 al negociador Jes\u00fas Seade, luego que el Senado estadunidense aprob\u00f3 el T-MEC.<\/p><\/div>\n<p>&nbsp;<\/p>\n<p>El secretario de Relaciones Excteriores, Marcelo Ebrard, felicit\u00f3 al negociador mexicano Jes\u00fas Seade luego que el Senado estadunidense aprob\u00f3 el Tratado comercial M\u00e9xico, Estado Unidos y Canad\u00e1 (T-MEC).<\/p>\n<p>El canciller tambi\u00e9n agradeci\u00f3 el respaldo que obtuvo del Senado de la Rep\u00fablica y dijo que hoy culmina el proceso en la aprobaci\u00f3n del T-MEC en el legislativo estadunidense.<\/p>\n<p>\u00abSe aprueba el T-MEC en el Senado de los EU. Felicito a Jes\u00fas Seade por su excelente labor y agradezco el invaluable apoyo del Senado de la Rep\u00fablica\u00bb, escribi\u00f3 en su cuenta de Twitter.<\/p>\n<p>\u00abLa estrategia del Presidente Andr\u00e9s Manuel L\u00f3pez Obrador rindi\u00f3 buenos frutos para M\u00e9xico\u00bb, agreg\u00f3 el canciller.<\/p>\n<p>Ahora solo falta que el Parlamento canadiense haga el an\u00e1lisis del tratado comercial y pueda entrar en vigor hacia el segundo semestre de este a\u00f1o.<\/p>\n<p>La C\u00e1mara alta de Estados Unidos aprob\u00f3 el T-MEC con 89 votos a favor y 10 en contra.<\/p>\n<p>\u00abCulmina un a\u00f1o de intensas negociaciones adicionales dem\u00f3cratas-USTR-M\u00e9xico que sin duda mejor\u00f3 el tratado para todos y en particular para M\u00e9xico. \u00a1Enhorabuena! Atentos a nuestros amigos en Canad\u00e1\u00bb, public\u00f3 por su parte Jes\u00fas Seade en Twitter.<\/p>\n<p>El T-MEC sustituir\u00e1 el pactado en 1993 y entre sus novedades est\u00e1n las reglas sobre comercio electr\u00f3nico, la instalaci\u00f3n de paneles independientes para la resoluci\u00f3n de disputas comerciales y la vigilancia sobre los sindicatos.<\/p>\n","protected":false},"excerpt":{"rendered":"<p>El secretario de Relaciones Excteriores, Marcelo Ebrard, felicit\u00f3 al negociador mexicano Jes\u00fas Seade luego que el Senado estadunidense aprob\u00f3 el Tratado comercial M\u00e9xico, Estado Unidos y Canad\u00e1 (T-MEC).<\/p>\n","protected":false},"author":5,"featured_media":456323,"comment_status":"open","ping_status":"open","sticky":false,"template":"","format":"standard","meta":{"_monsterinsights_skip_tracking":false,"_monsterinsights_sitenote_active":false,"_monsterinsights_sitenote_note":"","_monsterinsights_sitenote_category":0,"footnotes":""},"categories":[8],"tags":[77533,43678,77641,81299,79284],"class_list":["post-456322","post","type-post","status-publish","format-standard","has-post-thumbnail","hentry","category-finanzas","tag-acuerdo-comercial","tag-finanzas","tag-jesus-seade","tag-marcelo-ebrard","tag-t-mec"],"_links":{"self":[{"href":"https:\/\/www.diarioimagen.net\/index.php?rest_route=\/wp\/v2\/posts\/456322","targetHints":{"allow":["GET"]}}],"collection":[{"href":"https:\/\/www.diarioimagen.net\/index.php?rest_route=\/wp\/v2\/posts"}],"about":[{"href":"https:\/\/www.diarioimagen.net\/index.php?rest_route=\/wp\/v2\/types\/post"}],"author":[{"embeddable":true,"href":"https:\/\/www.diarioimagen.net\/index.php?rest_route=\/wp\/v2\/users\/5"}],"replies":[{"embeddable":true,"href":"https:\/\/www.diarioimagen.net\/index.php?rest_route=%2Fwp%2Fv2%2Fcomments&post=456322"}],"version-history":[{"count":0,"href":"https:\/\/www.diarioimagen.net\/index.php?rest_route=\/wp\/v2\/posts\/456322\/revisions"}],"wp:featuredmedia":[{"embeddable":true,"href":"https:\/\/www.diarioimagen.net\/index.php?rest_route=\/wp\/v2\/media\/456323"}],"wp:attachment":[{"href":"https:\/\/www.diarioimagen.net\/index.php?rest_route=%2Fwp%2Fv2%2Fmedia&parent=456322"}],"wp:term":[{"taxonomy":"category","embeddable":true,"href":"https:\/\/www.diarioimagen.net\/index.php?rest_route=%2Fwp%2Fv2%2Fcategories&post=456322"},{"taxonomy":"post_tag","embeddable":true,"href":"https:\/\/www.diarioimagen.net\/index.php?rest_route=%2Fwp%2Fv2%2Ftags&post=456322"}],"curies":[{"name":"wp","href":"https:\/\/api.w.org\/{rel}","templated":true}]}}