{"id":456400,"date":"2020-01-17T00:01:12","date_gmt":"2020-01-17T06:01:12","guid":{"rendered":"https:\/\/www.diarioimagen.net\/?p=456400"},"modified":"2020-01-17T04:27:57","modified_gmt":"2020-01-17T10:27:57","slug":"el-mexicano-mercado-internacional-numero-uno-para-texas-con-casi-8-millones-de-visitantes-al-ano-jessika-alexander","status":"publish","type":"post","link":"https:\/\/www.diarioimagen.net\/?p=456400","title":{"rendered":"\u201cEl mexicano, mercado internacional n\u00famero uno para Texas con casi 8 millones de visitantes al a\u00f1o\u201d: Jessika Alexander"},"content":{"rendered":"<h2>De cinco estrellas<\/h2>\n<h5>Victoria Gonz\u00e1lez Prado<\/h5>\n<p><strong>\u00a0<\/strong><\/p>\n<ul>\n<li><em><strong>Ignacio G\u00f3mez asegura que distintos deportes est\u00e1n avalados por el Consejo Mexicano de Turismo Deportivo en los hoteles de Grupo Brisas<\/strong><\/em><\/li>\n<li><em><strong>Para beneficio de viajeros, <\/strong><\/em><strong>Interjet<\/strong><em><strong>, firma alianza con Rentalcars.com, compa\u00f1\u00eda <\/strong><\/em><strong>online<\/strong><em><strong>de alquiler de autos<\/strong><\/em><\/li>\n<\/ul>\n<p>&nbsp;<\/p>\n<p>&nbsp;<\/p>\n<div id=\"attachment_456436\" style=\"width: 313px\" class=\"wp-caption alignleft\"><a href=\"https:\/\/www.diarioimagen.net\/?attachment_id=456436\" rel=\"attachment wp-att-456436\"><img loading=\"lazy\" decoding=\"async\" aria-describedby=\"caption-attachment-456436\" class=\" wp-image-456436\" src=\"https:\/\/www.diarioimagen.net\/wp-content\/uploads\/2020\/01\/turismo-2-455x460.jpg\" alt=\"\" width=\"303\" height=\"306\" srcset=\"https:\/\/www.diarioimagen.net\/wp-content\/uploads\/2020\/01\/turismo-2-455x460.jpg 455w, https:\/\/www.diarioimagen.net\/wp-content\/uploads\/2020\/01\/turismo-2-238x240.jpg 238w, https:\/\/www.diarioimagen.net\/wp-content\/uploads\/2020\/01\/turismo-2-150x150.jpg 150w, https:\/\/www.diarioimagen.net\/wp-content\/uploads\/2020\/01\/turismo-2-50x50.jpg 50w, https:\/\/www.diarioimagen.net\/wp-content\/uploads\/2020\/01\/turismo-2-75x75.jpg 75w, https:\/\/www.diarioimagen.net\/wp-content\/uploads\/2020\/01\/turismo-2-70x70.jpg 70w, https:\/\/www.diarioimagen.net\/wp-content\/uploads\/2020\/01\/turismo-2.jpg 700w\" sizes=\"auto, (max-width: 303px) 100vw, 303px\" \/><\/a><p id=\"caption-attachment-456436\" class=\"wp-caption-text\">Benjam\u00edn D\u00edaz, Jessika Alexander, Adriana de la Torre y\u00a0 Luis Miguel Santana. Dos grandes pi\u00f1atas. (Abajo), representantes de distintas ciudades de Texas.<\/p><\/div>\n<p>Podr\u00eda asegurar que <strong>Benjam\u00edn D\u00edaz<\/strong>, presidente de AdNova Comunicaci\u00f3n Estrat\u00e9gica y representante de <em>Travel Texas<\/em> en M\u00e9xico se qued\u00f3 af\u00f3nico de tanto cantar: \u201cdale, dale, dale, no pierdas el tino, porque si lo pierdes\u2026\u201c, durante la Posada para agentes de viajes, representantes de aerol\u00edneas, tour-operadores y prensa.<\/p>\n<p><strong>Benjam\u00edn<\/strong>, estuvo acompa\u00f1ado por <strong>Jessika Alexander<\/strong>, directora de Desarrollo Econ\u00f3mico y Turismo de Texas;<strong> Adriana de la Torre<\/strong>, vicepresidente de AdNova Comunicaci\u00f3n Estrat\u00e9gica y, <strong>Luis Miguel Santana<\/strong>, gerente de la cuenta para el mercado mexicano, quienes fungieron como anfitriones de la velada.<\/p>\n<p>La reuni\u00f3n, en la Hacienda de Los Morales, sirvi\u00f3 tambi\u00e9n como presentaci\u00f3n oficial de AdNova Comunicaci\u00f3n Estrat\u00e9gica, nueva agencia representante de <em>Travel Texas<\/em> en M\u00e9xico de la que es gerente de cuenta, <strong>Luis Miguel Santana<\/strong>.<\/p>\n<p>Adem\u00e1s de las pi\u00f1atas, hubo diferentes juegos como: canicas, loter\u00eda, dardos y tambi\u00e9n exquisitos bocadillos mexicanos con ponche bien calientito. Todo ello con la intenci\u00f3n de agradecer el apoyo brindado y dar a conocer los nuevos atractivos de ese estado en la Uni\u00f3n Americana.<\/p>\n<p>Y desde Texas lleg\u00f3 <strong>Jessika Alexander<\/strong>, directora de Desarrollo Econ\u00f3mico y Turismo de la entidad, quien al dar la bienvenida a los ah\u00ed reunidos dijo: \u201ces un gusto poder festejar las fiestas decembrinas con la gente que nos ha apoyado y queremos seguir trabajando durante el 2020\u201d.<\/p>\n<p>En Texas tenemos muchas experiencias para que disfruten los viajeros: \u201cTexas es estado que lo tiene todo, famoso por las compras, pero tambi\u00e9n con gran oferta de entretenimiento como eventos deportivos, conciertos, parques tem\u00e1ticos, excelente gastronom\u00eda, recorridos por vi\u00f1edos, ca\u00f1ones, lagos y hermosa y desafiante naturaleza, ideal para los viajeros aventureros\u201d, indic\u00f3 <strong>Jessika<\/strong>.<\/p>\n<p>Destac\u00f3 que el mexicano, es el mercado internacional n\u00famero uno para Texas con casi 8 millones de visitantes al a\u00f1o. \u201cRecibimos gran cantidad de viajeros mexicanos anualmente debido a nuestra situaci\u00f3n geogr\u00e1fica, y estrecha relaci\u00f3n cultural y de negocios\u201d, adem\u00e1s -dijo-, \u201cpor todos los atractivos que ofrecemos\u201d.<\/p>\n<p>Otro factor muy importante es la gran conectividad que existe a las diferentes ciudades del estado desde algunas ciudades de M\u00e9xico. \u201cActualmente existen 228 vuelos, conectando 26 ciudades mexicanas a puntos estrat\u00e9gicos del estado como Houston, Dallas\/Fort Worth, Austin, San Antonio y McAllen\u201d adem\u00e1s de la gran cantidad de turistas mexicanos que llegan v\u00eda terrestre, especialmente del norte de M\u00e9xico.<\/p>\n<p>Antes de concluir la reuni\u00f3n, se rifaron distintos premios entre los concurrentes para luego brindar por las fiestas decembrinas deseando tambi\u00e9n exitoso 2020 pleno de proyectos entre Texas y M\u00e9xico.<\/p>\n<p>\u2730\u2730\u2730\u2730\u2730 <strong>Ignacio G\u00f3mez<\/strong>, director comercial y <strong>Fernanda Acu<\/strong>\u00f1a, gerente de Mercadotecnia y medios, ambos de Grupo Brisas fueron los anfitriones del desayuno en el que agradecieron a reporteros el apoyo brindado.<\/p>\n<p>Durante la reuni\u00f3n, <strong>Ignacio G\u00f3mez<\/strong>, se refiri\u00f3 a los distintos deportes\u00a0 que en los hoteles de Acapulco, Huatulco, Ixtapa, Manzanillo, Jurica, Veracruz, Irapuato y Ciudad de M\u00e9xico pueden realizarse y est\u00e1n avalados por el Consejo Mexicano de Turismo Deportivo.<\/p>\n<p>Desde F\u00fatbol r\u00e1pido, gimnasia r\u00edtmica, levantamiento de pesas, tenis de mesa, tiro con arco, artes marciales, atletismo, basquetbol, ciclismo de ruta, esgrima, lucha libre, ajedrez, boxeo, fisicoculturismo, <em>w\u00e1ter polo,<\/em> raquetbol, <em>softball,<\/em> patinaje de velocidad, voleibol, remo, <em>rugby<\/em>.<\/p>\n<p>Tambi\u00e9n motocross, nado sincronizado, golf, h\u00e1ndbol, f\u00fatbol americano, <em>kayaking,<\/em> front\u00f3n, polo, canotaje, boliche, croquet, ciclismo de monta\u00f1a, b\u00e9isbol, aikido, automovilismo, b\u00e1dminton, triatl\u00f3n, velerismo, <em>wakeboard, tai chi<\/em>, pesca deportiva, moton\u00e1utica, nataci\u00f3n, <em>surfing<\/em>, lucha libre<em>, <\/em>clavados<em>, windsurf, squach, <\/em>charrer\u00eda<em> cachibol, <\/em>buceo, paracaidismo, parapente, <em>\u00a0<\/em>ecuestre.<\/p>\n<p>Estos y otros deportes se pueden practicar en los distintos hoteles\u00a0 del grupo donde se cuenta con las instalaciones de primer nivel para la pr\u00e1ctica profesional.<\/p>\n<p>De igual forma, <strong>Ignacio<\/strong> record\u00f3 que desde hace 35 a\u00f1os, el hotel Galer\u00eda Plaza Reforma coloca la famosa \u201cCasita de Jengibre\u201d en el Lobby del hotel, hecha con madera y cubierta con galletas, dulces y malvaviscos, con la finalidad de recolectar obsequios para el orfanato de \u201cNuestros Peque\u00f1os Hermanos\u201d en memoria del sacerdote <strong>William Wasson<\/strong>, fundador de la Casa Hogar, y qui\u00e9n en sus \u00faltimos 50 a\u00f1os de vida, dedic\u00f3 sus esfuerzos como maestro de m\u00e1s de 18 mil ni\u00f1os hu\u00e9rfanos y abandonados.<\/p>\n<p>La entrega de regalos se lleva a cabo despu\u00e9s de reunipin a cargo del chef ejecutivo de Galer\u00eda Plaza Reforma, posteriormente los ni\u00f1os se divierten con\u00a0 show especial de payasos para continuar con la visita a la Casita de Jengibre, donde la comitiva integrada por 80 peque\u00f1os que asisten a\u00f1o tras a\u00f1o, encuentran los juguetes para festejar el \u201cD\u00eda de Reyes\u201d.<\/p>\n<p>As\u00ed, al concluir la reuni\u00f3n<strong> Ignacio <\/strong>y<strong> Fernanda <\/strong>agradecieron la presencia de los reporteros y les desearon felices fiestas.<\/p>\n<p>\u2730\u2730\u2730\u2730\u2730 Interjet, concret\u00f3 alianza comercial con <em>Rentalcars.com<\/em>, compa\u00f1\u00eda <em>online <\/em>de alquiler de autos, acuerdo que la aerol\u00ednea ofrece a sus clientes con m\u00e1s opciones de empresas para que elijan el precio y servicio que m\u00e1s se adapte a sus necesidades.<\/p>\n<p>La propuesta est\u00e1 centrada en las expectativas del viajero, quien al terminar el proceso de compra de un boleto de avi\u00f3n, se le mostrar\u00e1 la opci\u00f3n de las diferentes compa\u00f1\u00edas para agregar a su operaci\u00f3n la renta del auto que m\u00e1s le convenga.<\/p>\n<p>La alianza cubre los 55 destinos de los diez pa\u00edses en los que opera la l\u00ednea a\u00e9rea, mismos en los que podr\u00e1 ofrecer tarifas m\u00e1s competitivas en renta de veh\u00edculos a trav\u00e9s de los proveedores de alquiler de autom\u00f3viles.<\/p>\n<blockquote><p><strong>\u201cEl \u00e1ngel de la fama tiene sus alas hechas de papel&#8230; peri\u00f3dico\u201d.<\/strong><\/p><\/blockquote>\n<p><em><span class=\"Apple-converted-space\"><a href=\"mailto:victoriagprado@gmail.com\" target=\"_blank\" rel=\"noopener noreferrer\">victoriagprado@gmail.com<\/a><br \/>\nTwitter: <a href=\"https:\/\/twitter.com\/victoriagprado\" target=\"_blank\" rel=\"noopener noreferrer\">@victoriagprado<\/a><\/span><\/em><\/p>\n","protected":false},"excerpt":{"rendered":"<p>Podr\u00eda asegurar que <strong>Benjam\u00edn D\u00edaz<\/strong>, presidente de AdNova Comunicaci\u00f3n Estrat\u00e9gica y representante de <em>Travel Texas<\/em> en M\u00e9xico se qued\u00f3 af\u00f3nico de tanto cantar: \u201cdale, dale, dale, no pierdas el tino, porque si lo pierdes\u2026\u201c, durante la Posada para agentes de viajes, representantes de aerol\u00edneas, tour-operadores y prensa.<\/p>\n","protected":false},"author":3,"featured_media":456487,"comment_status":"open","ping_status":"open","sticky":false,"template":"","format":"standard","meta":{"_monsterinsights_skip_tracking":false,"_monsterinsights_sitenote_active":false,"_monsterinsights_sitenote_note":"","_monsterinsights_sitenote_category":0,"footnotes":""},"categories":[11],"tags":[107,43674,43681,106],"class_list":["post-456400","post","type-post","status-publish","format-standard","has-post-thumbnail","hentry","category-turismo","tag-de-cinco-estrellas","tag-opinion","tag-turismo","tag-victoria-gonzalez-prado"],"_links":{"self":[{"href":"https:\/\/www.diarioimagen.net\/index.php?rest_route=\/wp\/v2\/posts\/456400","targetHints":{"allow":["GET"]}}],"collection":[{"href":"https:\/\/www.diarioimagen.net\/index.php?rest_route=\/wp\/v2\/posts"}],"about":[{"href":"https:\/\/www.diarioimagen.net\/index.php?rest_route=\/wp\/v2\/types\/post"}],"author":[{"embeddable":true,"href":"https:\/\/www.diarioimagen.net\/index.php?rest_route=\/wp\/v2\/users\/3"}],"replies":[{"embeddable":true,"href":"https:\/\/www.diarioimagen.net\/index.php?rest_route=%2Fwp%2Fv2%2Fcomments&post=456400"}],"version-history":[{"count":0,"href":"https:\/\/www.diarioimagen.net\/index.php?rest_route=\/wp\/v2\/posts\/456400\/revisions"}],"wp:featuredmedia":[{"embeddable":true,"href":"https:\/\/www.diarioimagen.net\/index.php?rest_route=\/wp\/v2\/media\/456487"}],"wp:attachment":[{"href":"https:\/\/www.diarioimagen.net\/index.php?rest_route=%2Fwp%2Fv2%2Fmedia&parent=456400"}],"wp:term":[{"taxonomy":"category","embeddable":true,"href":"https:\/\/www.diarioimagen.net\/index.php?rest_route=%2Fwp%2Fv2%2Fcategories&post=456400"},{"taxonomy":"post_tag","embeddable":true,"href":"https:\/\/www.diarioimagen.net\/index.php?rest_route=%2Fwp%2Fv2%2Ftags&post=456400"}],"curies":[{"name":"wp","href":"https:\/\/api.w.org\/{rel}","templated":true}]}}