{"id":456411,"date":"2020-01-17T00:03:04","date_gmt":"2020-01-17T06:03:04","guid":{"rendered":"https:\/\/www.diarioimagen.net\/?p=456411"},"modified":"2020-01-17T05:15:47","modified_gmt":"2020-01-17T11:15:47","slug":"cabildo-nombra-a-abel-fuentes-lugo-como-secretario-de-asuntos-juridicos-de-naucalpan","status":"publish","type":"post","link":"https:\/\/www.diarioimagen.net\/?p=456411","title":{"rendered":"Cabildo nombra a Abel Fuentes Lugo como Secretario de Asuntos Jur\u00eddicos de Naucalpan"},"content":{"rendered":"<ul>\n<li><strong><em>Para el periodo 2020-2021<\/em><\/strong><\/li>\n<\/ul>\n<p>&nbsp;<\/p>\n<div id=\"attachment_456502\" style=\"width: 470px\" class=\"wp-caption aligncenter\"><a href=\"https:\/\/www.diarioimagen.net\/?attachment_id=456502\" rel=\"attachment wp-att-456502\"><img loading=\"lazy\" decoding=\"async\" aria-describedby=\"caption-attachment-456502\" class=\"size-large wp-image-456502\" src=\"https:\/\/www.diarioimagen.net\/wp-content\/uploads\/2020\/01\/NAUCALPAN-4-460x259.jpg\" alt=\"\" width=\"460\" height=\"259\" srcset=\"https:\/\/www.diarioimagen.net\/wp-content\/uploads\/2020\/01\/NAUCALPAN-4-460x259.jpg 460w, https:\/\/www.diarioimagen.net\/wp-content\/uploads\/2020\/01\/NAUCALPAN-4-240x135.jpg 240w, https:\/\/www.diarioimagen.net\/wp-content\/uploads\/2020\/01\/NAUCALPAN-4-235x132.jpg 235w, https:\/\/www.diarioimagen.net\/wp-content\/uploads\/2020\/01\/NAUCALPAN-4-202x114.jpg 202w, https:\/\/www.diarioimagen.net\/wp-content\/uploads\/2020\/01\/NAUCALPAN-4-350x196.jpg 350w, https:\/\/www.diarioimagen.net\/wp-content\/uploads\/2020\/01\/NAUCALPAN-4-220x123.jpg 220w, https:\/\/www.diarioimagen.net\/wp-content\/uploads\/2020\/01\/NAUCALPAN-4-237x132.jpg 237w, https:\/\/www.diarioimagen.net\/wp-content\/uploads\/2020\/01\/NAUCALPAN-4.jpg 480w\" sizes=\"auto, (max-width: 460px) 100vw, 460px\" \/><\/a><p id=\"caption-attachment-456502\" class=\"wp-caption-text\">Cabildo de Naucalpan aprob\u00f3 por unanimidad el nombramiento de Abel Fuentes Lugo como Secretario de Asuntos Jur\u00eddicos.<\/p><\/div>\n<p>&nbsp;<\/p>\n<p><strong>Naucalpan, Estado de M\u00e9xico<\/strong>.- El Cabildo de Naucalpan aprob\u00f3 por unanimidad el nombramiento de Abel Fuentes Lugo como Secretario de Asuntos Jur\u00eddicos para el periodo 2020-2021.<\/p>\n<p>El licenciado en Derecho, por parte del Centro Universitaria Patria, ha trabajado en el sector p\u00fablico y la iniciativa privada. En su trayectoria profesional destaca su paso por el Ayuntamiento de Almoloya de Ju\u00e1rez, la C\u00e1mara de Diputados, as\u00ed como el Hospital General de M\u00e9xico.<\/p>\n<p>Tras la toma de protesta, S\u00edndicos y Regidores reconocieron su trayectoria y, a su vez, lo exhortaron a conducirse con transparencia y total apego a la ley.<\/p>\n<p>De igual forma, durante la sesi\u00f3n y en atenci\u00f3n al art\u00edculo 1 del Decreto 123 de la Gaceta de Gobierno del Estado de M\u00e9xico del 2019, se aprob\u00f3 por unanimidad la instauraci\u00f3n de la Comisi\u00f3n Edilicia de Protecci\u00f3n Animal, a fin de garantizar un trato digno y protecci\u00f3n a los animales. Durante su intervenci\u00f3n, los ediles solicitaron mejorar la atenci\u00f3n en las jornadas veterinarias con vacunas y consultas, as\u00ed como fomentar la cultura de la adopci\u00f3n de mascotas.<\/p>\n<p>\u201cDebemos fomentar el respeto a la vida animal, a fin de incidir en la poblaci\u00f3n y evitar conductas de maltrato animal\u201d, recalc\u00f3 el Quinto Regidor, Rodrigo G\u00f3mez Orta. \u201cExiste mucho abuso y maltrato animal, en Naucalpan contamos con una especie end\u00e9mica, que son los cacomixtles, y es nuestra responsabilidad protegerlos\u201d, enfatiz\u00f3 la Decimocuarta Regidora, Ang\u00e9lica del Valle Mota.Tras la aprobaci\u00f3n, se prev\u00e9 que la Comisi\u00f3n de Protecci\u00f3n Animal se instale en los pr\u00f3ximos 30 d\u00edas h\u00e1biles.<\/p>\n","protected":false},"excerpt":{"rendered":"<p>El Cabildo de Naucalpan aprob\u00f3 por unanimidad el nombramiento de Abel Fuentes Lugo como Secretario de Asuntos Jur\u00eddicos para el periodo 2020-2021.<\/p>\n","protected":false},"author":3,"featured_media":456502,"comment_status":"open","ping_status":"open","sticky":false,"template":"","format":"standard","meta":{"_monsterinsights_skip_tracking":false,"_monsterinsights_sitenote_active":false,"_monsterinsights_sitenote_note":"","_monsterinsights_sitenote_category":0,"footnotes":""},"categories":[5],"tags":[89579,89580,43675,970],"class_list":["post-456411","post","type-post","status-publish","format-standard","has-post-thumbnail","hentry","category-estado-de-mexico","tag-abel-fuentes","tag-asuntos-juridicos","tag-estado-de-mexico","tag-naucalpan"],"_links":{"self":[{"href":"https:\/\/www.diarioimagen.net\/index.php?rest_route=\/wp\/v2\/posts\/456411","targetHints":{"allow":["GET"]}}],"collection":[{"href":"https:\/\/www.diarioimagen.net\/index.php?rest_route=\/wp\/v2\/posts"}],"about":[{"href":"https:\/\/www.diarioimagen.net\/index.php?rest_route=\/wp\/v2\/types\/post"}],"author":[{"embeddable":true,"href":"https:\/\/www.diarioimagen.net\/index.php?rest_route=\/wp\/v2\/users\/3"}],"replies":[{"embeddable":true,"href":"https:\/\/www.diarioimagen.net\/index.php?rest_route=%2Fwp%2Fv2%2Fcomments&post=456411"}],"version-history":[{"count":0,"href":"https:\/\/www.diarioimagen.net\/index.php?rest_route=\/wp\/v2\/posts\/456411\/revisions"}],"wp:featuredmedia":[{"embeddable":true,"href":"https:\/\/www.diarioimagen.net\/index.php?rest_route=\/wp\/v2\/media\/456502"}],"wp:attachment":[{"href":"https:\/\/www.diarioimagen.net\/index.php?rest_route=%2Fwp%2Fv2%2Fmedia&parent=456411"}],"wp:term":[{"taxonomy":"category","embeddable":true,"href":"https:\/\/www.diarioimagen.net\/index.php?rest_route=%2Fwp%2Fv2%2Fcategories&post=456411"},{"taxonomy":"post_tag","embeddable":true,"href":"https:\/\/www.diarioimagen.net\/index.php?rest_route=%2Fwp%2Fv2%2Ftags&post=456411"}],"curies":[{"name":"wp","href":"https:\/\/api.w.org\/{rel}","templated":true}]}}