{"id":456474,"date":"2020-01-17T00:03:32","date_gmt":"2020-01-17T06:03:32","guid":{"rendered":"https:\/\/www.diarioimagen.net\/?p=456474"},"modified":"2020-01-17T04:15:04","modified_gmt":"2020-01-17T10:15:04","slug":"conago-caput-2","status":"publish","type":"post","link":"https:\/\/www.diarioimagen.net\/?p=456474","title":{"rendered":"Conago, \u201ccaput\u201d"},"content":{"rendered":"<h2>Espacio Electoral<\/h2>\n<h5>Eleazar Flores<\/h5>\n<p>&nbsp;<\/p>\n<p><strong>AGONIZA<\/strong>-. Desde el momento en que el Partido Acci\u00f3n Nacional anunci\u00f3 la creaci\u00f3n de la Asociaci\u00f3n Nacional de Gobernadores Panistas se vislumbraron dos cosas: primero el divisionismo y segundo la debilidad negociadora ante el gobierno, dominado por Morena en casi todo.<\/p>\n<p>Adem\u00e1s, en honor a la verdad la Conferencia Nacional de Gobernadores, Conago, que naci\u00f3 en plena era panista cuando el presidente Vicente Fox Quesada gobernaba el pa\u00eds, sirvi\u00f3 poco en su conjunto, pues desde entonces se dieron cuenta muchos de ellos que a nivel individual lograban m\u00e1s ante las dependencias del propio aparato federal, principalmente en dos dependencias.<\/p>\n<p>La primera, por razones obvias, la secretar\u00eda de Hacienda y Cr\u00e9dito P\u00fablico, en esos tiempos poseedora de toda la independencia operativa pues no exist\u00eda el centralismo que hoy impera no solo en esta dependencia, tambi\u00e9n en las dem\u00e1s secretar\u00edas que integran el gabinete legal, y del ampliado ni que decir, abundan los \u201cfloreros\u201d cuya definici\u00f3n mejor la tiene AMLO.<\/p>\n<p>La otra dependencia era la Secretar\u00eda de Comunicaciones y Transportes, donde se manejaban muchos recursos para la obra p\u00fablica, como se acentu\u00f3 en el pe\u00f1ismo.<\/p>\n<p>Con el michoacano Felipe Calder\u00f3n ni la duda cupo, el mago de las finanzas p\u00fablicas Agust\u00edn Carstens sab\u00eda qu\u00e9 decir y sobre todo qu\u00e9 hacer para tener contentos a los gobernadores, que era el principal \u00e1ngulo de atenci\u00f3n presidencial, m\u00e1xime que en este sexenio los gobiernos perredistas bajaron en n\u00famero y empezaron a surgir los azules por doquier.<\/p>\n<p>Al retornar el PRI a la Presidencia de la Rep\u00fablica los panistas y perredistas disminuyeron su presencia en las entidades y el tricolor recuper\u00f3 territorio pero no por mucho tiempo dado que empez\u00f3 a fortalecerse Morena a costas del debilitamiento perredista principalmente. Dicho debilitamiento lo aprovecha ahora la cuarta transformaci\u00f3n, dividiendo como es su especialidad.<\/p>\n<p>La coalici\u00f3n de gobiernos panistas que encabeza el queretano Francisco Dom\u00ednguez, tambi\u00e9n titular de la Conago por poco tiempo, deber\u00e1 hacer esfuerzos m\u00e1ximos para evitar que se desmorone la Confederaci\u00f3n Nacional de Gobernadores, pero los de la cuarta transformaci\u00f3n act\u00faan en sentido contrario. El desenlace se ver\u00e1 en este primer semestre.<\/p>\n<p>Con doce gobernadores priistas o n\u00famero parecido en el panismo, ambos partidos gobiernan dos terceras partes de las existentes en el pa\u00eds, pero desde el punto de vista de poblaci\u00f3n, el tricolor parece ir adelante pues con el estado de M\u00e9xico le basta para cubrir el padr\u00f3n de diez entidades m\u00e1s, aun cuando pareciera ser que no por mucho tiempo.<\/p>\n<p>Con el cambio de catorce gubernaturas el a\u00f1o pr\u00f3ximo a Morena se le podr\u00edan facilitar m\u00e1s las cosas para integrar su Conferencia de gobernadores morenos, pero falta que lo apruebe ya saben quien.<\/p>\n<p><a href=\"mailto:elefa44@gmail.com\" target=\"_blank\" rel=\"noopener noreferrer\"><em>elefa44@gmail.com<\/em><\/a><\/p>\n","protected":false},"excerpt":{"rendered":"<p><span style=\"color: #005497;\"><strong>Eleazar Flores<\/strong><\/span><\/p>\n","protected":false},"author":3,"featured_media":0,"comment_status":"open","ping_status":"open","sticky":false,"template":"","format":"standard","meta":{"_monsterinsights_skip_tracking":false,"_monsterinsights_sitenote_active":false,"_monsterinsights_sitenote_note":"","_monsterinsights_sitenote_category":0,"footnotes":""},"categories":[81743],"tags":[83538,43674],"class_list":["post-456474","post","type-post","status-publish","format-standard","hentry","category-eleazar-flores","tag-espacio-electora","tag-opinion"],"_links":{"self":[{"href":"https:\/\/www.diarioimagen.net\/index.php?rest_route=\/wp\/v2\/posts\/456474","targetHints":{"allow":["GET"]}}],"collection":[{"href":"https:\/\/www.diarioimagen.net\/index.php?rest_route=\/wp\/v2\/posts"}],"about":[{"href":"https:\/\/www.diarioimagen.net\/index.php?rest_route=\/wp\/v2\/types\/post"}],"author":[{"embeddable":true,"href":"https:\/\/www.diarioimagen.net\/index.php?rest_route=\/wp\/v2\/users\/3"}],"replies":[{"embeddable":true,"href":"https:\/\/www.diarioimagen.net\/index.php?rest_route=%2Fwp%2Fv2%2Fcomments&post=456474"}],"version-history":[{"count":0,"href":"https:\/\/www.diarioimagen.net\/index.php?rest_route=\/wp\/v2\/posts\/456474\/revisions"}],"wp:attachment":[{"href":"https:\/\/www.diarioimagen.net\/index.php?rest_route=%2Fwp%2Fv2%2Fmedia&parent=456474"}],"wp:term":[{"taxonomy":"category","embeddable":true,"href":"https:\/\/www.diarioimagen.net\/index.php?rest_route=%2Fwp%2Fv2%2Fcategories&post=456474"},{"taxonomy":"post_tag","embeddable":true,"href":"https:\/\/www.diarioimagen.net\/index.php?rest_route=%2Fwp%2Fv2%2Ftags&post=456474"}],"curies":[{"name":"wp","href":"https:\/\/api.w.org\/{rel}","templated":true}]}}