{"id":456575,"date":"2020-01-20T00:11:38","date_gmt":"2020-01-20T06:11:38","guid":{"rendered":"https:\/\/www.diarioimagen.net\/?p=456575"},"modified":"2020-01-19T23:51:06","modified_gmt":"2020-01-20T05:51:06","slug":"de-la-castaneda-al-insabi-mas-de-un-siglo-de-locuras","status":"publish","type":"post","link":"https:\/\/www.diarioimagen.net\/?p=456575","title":{"rendered":"De \u201cLa Casta\u00f1eda\u201d al Insabi. M\u00e1s de un siglo de locuras"},"content":{"rendered":"<h2>\u00cdndice pol\u00edtico<\/h2>\n<h5>Francisco Rodr\u00edguez<\/h5>\n<p>&nbsp;<\/p>\n<div id=\"attachment_456576\" style=\"width: 470px\" class=\"wp-caption aligncenter\"><a href=\"https:\/\/www.diarioimagen.net\/?attachment_id=456576\" rel=\"attachment wp-att-456576\"><img loading=\"lazy\" decoding=\"async\" aria-describedby=\"caption-attachment-456576\" class=\"size-large wp-image-456576\" src=\"https:\/\/www.diarioimagen.net\/wp-content\/uploads\/2020\/01\/con-el-gobierno-de-lopez-MARAL-460x275.jpg\" alt=\"\" width=\"460\" height=\"275\" srcset=\"https:\/\/www.diarioimagen.net\/wp-content\/uploads\/2020\/01\/con-el-gobierno-de-lopez-MARAL-460x275.jpg 460w, https:\/\/www.diarioimagen.net\/wp-content\/uploads\/2020\/01\/con-el-gobierno-de-lopez-MARAL-240x143.jpg 240w, https:\/\/www.diarioimagen.net\/wp-content\/uploads\/2020\/01\/con-el-gobierno-de-lopez-MARAL-768x459.jpg 768w, https:\/\/www.diarioimagen.net\/wp-content\/uploads\/2020\/01\/con-el-gobierno-de-lopez-MARAL.jpg 1200w\" sizes=\"auto, (max-width: 460px) 100vw, 460px\" \/><\/a><p id=\"caption-attachment-456576\" class=\"wp-caption-text\">Con el \u00abgobierno\u00bb de L\u00f3pez&#8230; | Maral<\/p><\/div>\n<p>&nbsp;<\/p>\n<p>El Proyecto de salud m\u00e1s ambicioso del porfiriato fue sin duda el del Manicomio General de La Casta\u00f1eda, asentado sobre los terrenos de la hacienda del mismo nombre, all\u00e1 por Lomas de Plateros, en la que todav\u00eda era \u201cla ciudad de los palacios\u201d.\u200e La Casta\u00f1eda fue el centro psiqui\u00e1trico m\u00e1s grande de M\u00e9xico hasta la segunda mitad del siglo veinte.<\/p>\n<p>El Manicomio fue construido en los terrenos de una hacienda pulquera cedida por Ignacio Torres Adalid, el rey del tlachicot\u00f3n, compadre del Caudillo, quien inaugur\u00f3 sus instalaciones con motivo de las fiestas del Centenario en 1910, y que durante su funcionamiento dio atenci\u00f3n a m\u00e1s de sesenta mil pacientes.<\/p>\n<p>El Manicomio General de La Casta\u00f1eda fue instituido en su doble funci\u00f3n de hospital y asilo para la atenci\u00f3n psiqui\u00e1trica de enfermos mentales de ambos sexos, de cualquier edad, nacionalidad y religi\u00f3n. Un objetivo secundario fue proporcionar ense\u00f1anza m\u00e9dica mediante la participaci\u00f3n de las cl\u00ednicas de psiquiatr\u00eda en sus pabellones.<\/p>\n<p>Ignacio Torres Adalid, a la saz\u00f3n diputado porfirista miembro de \u00ablos Cient\u00edficos\u00bb hab\u00eda mandado construir para sus trabajadores escuela y dispensario m\u00e9dico en la hacienda. Era amigo personal de Porfirio D\u00edaz y le proporcion\u00f3 un lugar <i>ad hoc<\/i> para su viejo proyecto.<\/p>\n<p>En \u00e9l influy\u00f3 de manera determinante el doctor Eduardo Liceaga, precursor de la psiquiatr\u00eda moderna en M\u00e9xico. Se pretend\u00eda concentrar a los pacientes que se encontraban recluidos en casas de asistencia, internados en condiciones inadecuadas como en el Hospital de San Hip\u00f3lito y del Divino Salvador.<\/p>\n<p>La construcci\u00f3n fue encargada al ingeniero Porfirio D\u00edaz junior, quien cont\u00f3 con el apoyo de Luis Le\u00f3n de la Barra. Por d\u00e9cadas, el paradero de las personas que habitaron La Casta\u00f1eda (como popularmente se le conoc\u00eda al enorme asilo de \u00abimb\u00e9ciles\u00bb, \u00abagitados\u00bb, \u00abperturbados\u00bb y \u00abtoxic\u00f3manos\u00bb), as\u00ed como sus expedientes pasaron al olvido.<\/p>\n<p style=\"text-align: center;\"><b>Para don Porfirio, modernidad. Para D\u00edaz Ordaz, ineficiencia<\/b><\/p>\n<p>En 1968, pocas semanas antes de la inauguraci\u00f3n de los Juegos Ol\u00edmpicos de triste memoria, el entonces presidente D\u00edaz Ordaz consum\u00f3 la \u00abOperaci\u00f3n Casta\u00f1eda\u00bb, nombre dado a la decisi\u00f3n gubernamental de demoler el Manicomio General que durante 58 a\u00f1os funcion\u00f3, para reubicar a sus 3 mil 500 internos.<\/p>\n<p>A partir del 2001, profesores e investigadores de la UAM plantel Xochimilco, comenzaron a buscar a los sobrevivientes. Se hallaron los casos m\u00e1s absurdos que revelaron la trama hist\u00f3rica del maltrato a prostitutas, ni\u00f1os de la calle, exp\u00f3sitos y vulnerables sociales de toda laya.<\/p>\n<p>Los planos de La Casta\u00f1eda y el estudio fotogr\u00e1fico fueron rematados en una subasta neoyorquina. Las piezas de construcci\u00f3n desmontadas pasaron a ser propiedad particular de diversos arquitectos del rumbo de Santa Rosa, delegaci\u00f3n \u00c1lvaro Obreg\u00f3n y de San Mart\u00edn Texmelucan, Puebla.<\/p>\n<p>Al tratar de explicar los motivos de la debacle del proyecto de salud m\u00e1s ambicioso de inicios del siglo XX, los documentalistas se\u00f1alan que el manicomio dej\u00f3 de ser prioridad para el gobierno, pues mientras que para Porfirio D\u00edaz era emblema de modernidad, para Gustavo D\u00edaz Ordaz fue el signo de la ineficiencia gubernamental.<\/p>\n<p style=\"text-align: center;\"><b>Las grandes fortunas mexicanas se forjaron a base del maguey<\/b><\/p>\n<p>Pero ning\u00fan proyecto retrata fielmente esa \u00e9poca como el de La Casta\u00f1eda. Las grandes fortunas mexicanas de 300 a\u00f1os a la fecha se forjaron a base del maguey. Andr\u00e9s Molina Enr\u00edquez, Toribio Esquivel Obreg\u00f3n, Rabasa y los precursores intelectuales de la Revoluci\u00f3n tildaron a los porfiristas de ser c\u00f3mplices y paniaguados de la aristocracia pulquera.<\/p>\n<p>El t\u00e9rmino fue retomado por Jos\u00e9 Vasconcelos. Los grandes caciques de Hidalgo, Estado de M\u00e9xico, Puebla y Tlaxcala, se\u00f1ores de horca y cuchillo, m\u00e1s derechos de pernada, construyeron los cascos de hacienda que todav\u00eda yacen en los alrededores del Valle de los Volcanes.<\/p>\n<p style=\"text-align: center;\"><b>Hoy en d\u00eda, el pulque s\u00f3lo est\u00e1 reservado para conocedores<\/b><\/p>\n<p>Los titanes del alambique fueron precursores de una manera de ser y de reprimir. En el camino de la historia se qued\u00f3 la cultura del pulque, los entretenimientos muy nuestros, como el rentoy y la rayuela, el consumo de oligoelementos sumamente necesarios para la salud, la infinidad de empleos que generaba el tlachicot\u00f3n&#8230;<\/p>\n<p>&#8230; como aquellos que desempe\u00f1aban los h\u00e1biles curtidores de las pieles de borrego para manufacturar las vejigas que lo almacenaban y cargaban, los artesanos fabricantes de los acocotes, flautas como probetas que usaban los chimizcleros para succionar el vientre de los magueyes, los burreros que transitaban los caminos con sus recuas de mulas portando los l\u00edquidos muchacheros.<\/p>\n<p>Los maestros, expertos en las variadas artes y ciencias de la fermentaci\u00f3n en los grandes tinacales que prohib\u00edan la presencia de embarazadas, para que se lograra la exacta espiritualidad del carablanca. Hoy en d\u00eda, el pulque s\u00f3lo est\u00e1 reservado para grandes conocedores de una tradici\u00f3n herm\u00e9tica.<\/p>\n<p style=\"text-align: center;\"><b>Insabi, sin posibilidades de siquiera sobrevivir este sexenio<\/b><\/p>\n<p>Ya ni los vestigios quedan en Peralvillo de la famosa Garita, aduana por excelencia del pulque proveniente de los llanos de millones de hect\u00e1reas productivas que recaudan las alcabalas del gobierno para mantener sus ineficientes burocracias de favoritos.<\/p>\n<p>La aristocracia pulquera, sost\u00e9n del porfiriato y de las enormes fortunas de los emuladores del m\u00e1s grande hacendado, Ignacio Torres Adalid, propietario de la mansi\u00f3n colonial que se encuentra frente al Hemiciclo del Benem\u00e9rito, cruda moral del porfirismo, pas\u00f3 a mejor vida.<\/p>\n<p>Pero el Manicomio General de La Casta\u00f1eda tuvo un gran dise\u00f1o para su \u00e9poca. Lleg\u00f3 a albergar miles de pacientes y necesitados de asilo. Fue atendido con los mayores adelantos de la psiquiatr\u00eda moderna de Liceaga. No como el tenebroso INSABI, sin capacidad, presupuesto, financiamiento, idea y sin posibilidades de siquiera sobrevivir este aciago sexenio.\u200e Condena a muerte a todos aquellos enfermos que no tengan forma de asegurar sus dolencias.<\/p>\n<p style=\"text-align: center;\"><b>\u00bfRevivir a \u201cLa Casta\u00f1eda\u201d para salvarnos de nuestros salvadores?<\/b><\/p>\n<p>As\u00ed como la rifa del avi\u00f3n presidencial, ocurrencia de orates, la construcci\u00f3n de la Central Avionera de Santa Luc\u00eda, el tendido del trenecito Chu Ch\u00fa de la zona Maya, al capricho del Caudillo, el corredor trans\u00edstmico soliviantador de los pueblos originales&#8230; y todo aquello que guste el lector a\u00f1adir.<\/p>\n<p>\u00bfHar\u00e1 falta que se dise\u00f1e otra vez La Casta\u00f1eda para poder salvar a nuestros salvadores de la Cuarta Transformaci\u00f3n?<\/p>\n<p>\u00bfNo cree usted?<\/p>\n<p>&nbsp;<\/p>\n<p><b>\u00cdndice Flam\u00edgero<\/b>: La tarde del m\u00e1s reciente viernes se conoci\u00f3 que Raymundo Collins Flores, ex titular del Instituto de Vivienda de la Ciudad de M\u00e9xico y exsecretario de Seguridad P\u00fablica, logr\u00f3 que un juez de Control del Tribunal Superior de Justicia decretara la extinci\u00f3n de acci\u00f3n penal en su contra, toda vez que prescribi\u00f3 el delito de uso ilegal de atribuciones y facultades por el que el gobierno capitalino lo acusa. En audiencia, el juez de Control concedi\u00f3 tal determinaci\u00f3n luego de que la defensa del exjefe de la Polic\u00eda capitalina as\u00ed lo solicitara, bajo las mismas circunstancias que su excolaborador Fernando Javier Linares, exdirector jur\u00eddico del Invi. Dicha determinaci\u00f3n deja sin efecto la orden de aprehensi\u00f3n girada en contra del tambi\u00e9n exsecretario de Seguridad P\u00fablica, al igual que la solicitud y emisi\u00f3n de la ficha roja de Interpol. Ser\u00e1 hoy lunes cuando un juez federal de su resoluci\u00f3n ante el juicio de amparo que tramit\u00f3 el a\u00f1o pasado Collins Flores. Y al respecto, el prestigiado penalista Alberto Woolrich apunta que \u201cel juez de control, Gardu\u00f1o, quien determin\u00f3 el caso Collins, es dentro del acervo cultural del Tribunal Superior de Justicia el que tiene m\u00e1s experiencia y conocimientos, su talento jur\u00eddico fue heredado dada la probidad intelectual de su se\u00f1or padre. Su hermano Juan Pablo Gardu\u00f1o, actualmente Magistrado Federal en Zacatecas, es tambi\u00e9n reconocido como unos de los j\u00f3venes con mayor talento. Ambos cuentan con el mayor timbre de orgullo del que puede presumir un tribuno: HONESTIDAD. Se exhorta a las autoridades del gobierno de Ciudad de M\u00e9xico a que no sigan evidenciando su ignorancia en materia de justicia. Basta ya de circos en materia de justicia.\u201d<\/p>\n<p><em><u><a href=\"http:\/\/www.indicepolitico.com\" target=\"_blank\" rel=\"noopener noreferrer\">www.indicepolitico.com<\/a><br \/>\n<\/u><\/em><a href=\"mailto:indicepolitico@gmail.com\" target=\"_blank\" rel=\"noopener noreferrer\"><em>indicepolitico@gmail.com<\/em><\/a><br \/>\n<em><a href=\"https:\/\/twitter.com\/indicepolitico?lang=es\" target=\"_blank\" rel=\"noopener noreferrer\">@IndicePolitico<\/a><\/em><br \/>\n<em><u><a href=\"https:\/\/twitter.com\/pacorodriguez\" target=\"_blank\" rel=\"noopener noreferrer\">@pacorodriguez<\/a><\/u><\/em><\/p>\n","protected":false},"excerpt":{"rendered":"<p><span style=\"color: #005497;\"><strong>Francisco Rodr\u00edguez<\/strong><\/span><br \/>\n<br \/>\nEl Proyecto de salud m\u00e1s ambicioso del porfiriato fue sin duda el del Manicomio General de La Casta\u00f1eda, asentado sobre los terrenos de la hacienda del mismo nombre, all\u00e1 por Lomas de Plateros, en la que todav\u00eda era \u201cla ciudad de los palacios\u201d.\u200e La Casta\u00f1eda fue el centro psiqui\u00e1trico m\u00e1s grande de M\u00e9xico hasta la segunda mitad del siglo veinte.<\/p>\n","protected":false},"author":1,"featured_media":456576,"comment_status":"open","ping_status":"open","sticky":false,"template":"","format":"standard","meta":{"_monsterinsights_skip_tracking":false,"_monsterinsights_sitenote_active":false,"_monsterinsights_sitenote_note":"","_monsterinsights_sitenote_category":0,"footnotes":""},"categories":[549],"tags":[43689,550,43674],"class_list":["post-456575","post","type-post","status-publish","format-standard","has-post-thumbnail","hentry","category-francisco-rodriguez","tag-francisco-rodriguez","tag-indice-politico","tag-opinion"],"_links":{"self":[{"href":"https:\/\/www.diarioimagen.net\/index.php?rest_route=\/wp\/v2\/posts\/456575","targetHints":{"allow":["GET"]}}],"collection":[{"href":"https:\/\/www.diarioimagen.net\/index.php?rest_route=\/wp\/v2\/posts"}],"about":[{"href":"https:\/\/www.diarioimagen.net\/index.php?rest_route=\/wp\/v2\/types\/post"}],"author":[{"embeddable":true,"href":"https:\/\/www.diarioimagen.net\/index.php?rest_route=\/wp\/v2\/users\/1"}],"replies":[{"embeddable":true,"href":"https:\/\/www.diarioimagen.net\/index.php?rest_route=%2Fwp%2Fv2%2Fcomments&post=456575"}],"version-history":[{"count":0,"href":"https:\/\/www.diarioimagen.net\/index.php?rest_route=\/wp\/v2\/posts\/456575\/revisions"}],"wp:featuredmedia":[{"embeddable":true,"href":"https:\/\/www.diarioimagen.net\/index.php?rest_route=\/wp\/v2\/media\/456576"}],"wp:attachment":[{"href":"https:\/\/www.diarioimagen.net\/index.php?rest_route=%2Fwp%2Fv2%2Fmedia&parent=456575"}],"wp:term":[{"taxonomy":"category","embeddable":true,"href":"https:\/\/www.diarioimagen.net\/index.php?rest_route=%2Fwp%2Fv2%2Fcategories&post=456575"},{"taxonomy":"post_tag","embeddable":true,"href":"https:\/\/www.diarioimagen.net\/index.php?rest_route=%2Fwp%2Fv2%2Ftags&post=456575"}],"curies":[{"name":"wp","href":"https:\/\/api.w.org\/{rel}","templated":true}]}}