{"id":456681,"date":"2020-01-20T00:03:14","date_gmt":"2020-01-20T06:03:14","guid":{"rendered":"https:\/\/www.diarioimagen.net\/?p=456681"},"modified":"2020-01-20T01:25:23","modified_gmt":"2020-01-20T07:25:23","slug":"pais-sin-ley","status":"publish","type":"post","link":"https:\/\/www.diarioimagen.net\/?p=456681","title":{"rendered":"Pa\u00eds sin ley"},"content":{"rendered":"<h2>Perfiles de M\u00e9xico<\/h2>\n<h5>Armando R\u00edos Ruiz<\/h5>\n<p>&nbsp;<\/p>\n<p>Siempre que se habla de lugares en donde la delincuencia act\u00faa por sus fueros y hace labores colaterales a las de las autoridades; se desplaza a sus anchas e impone su peso porque es, sencillamente, due\u00f1a de vidas y haciendas, se se\u00f1ala a un \u201cpueblo sin ley\u201d. Pero ahora, esa pr\u00e1ctica ocurre en todo el pa\u00eds, a lo largo y ancho. Luego entonces, el calificativo cambi\u00f3.<\/p>\n<p>La semana pasada se suscitaron diversos hechos altamente delictivos en lugares distantes unos de otros. Llamaron la atenci\u00f3n, la emboscada en las cercan\u00edas de Chilapa, Guerrero, rumbo a la regi\u00f3n denominada La Monta\u00f1a, en donde 10 ind\u00edgenas fueron brutalmente asesinados y sus cuerpos incinerados hasta quedar completamente irreconocibles.<\/p>\n<p>Se trataba de ind\u00edgenas integrantes de la agrupaci\u00f3n denominada Sensaci\u00f3n Musical, que regresaban de cumplir con un compromiso en una fiesta en un poblado vecino. Cuando pasaban por el poblado de Mezcalcingo fueron emboscados, posiblemente por el grupo delictivo \u201cLos Ardillos\u201d, oriundos de esa zona.<\/p>\n<p>Se ignora el motivo y se asegura que no lo hay. Por eso, minutos m\u00e1s tarde, cientos de ind\u00edgenas solicitaron el apoyo de la Guardia Nacional, misma que se neg\u00f3 a prestarles auxilio. Aconsejaron que mejor acudieran al Ministerio P\u00fablico de Chilapa. Luego se asentaron en un cruce importante de la carretera.<\/p>\n<p>Dijeron que no permitir\u00edan que nadie los quitara de ah\u00ed y que ellos no lo har\u00edan por su voluntad, hasta que les entregaran los cuerpos de sus familiares, totalmente calcinados.<\/p>\n<p>\u201cLos Ardillos\u201d conforman la agrupaci\u00f3n de narcotraficantes, oriunda de Olinal\u00e1 y otros poblados cercanos, en donde el Presidente dijo en campa\u00f1a, que amnistiar\u00eda a los malhechores.<\/p>\n<p>El mismo d\u00eda, en diferentes lugares de la misma entidad, los moradores reportaron que viv\u00edan un clima de tensi\u00f3n por las m\u00faltiples amenazas recibidas de los grupos delictivos que operan en cada rumbo<\/p>\n<p>Mientras tanto, en un estado distante, en Chihuahua, tambi\u00e9n se suscit\u00f3 un hecho que llam\u00f3 la atenci\u00f3n, por la rabia desmesurada utilizada por sus ejecutantes.<\/p>\n<p>En el pueblo Las Pomas, Chihuahua. Municipio de Maderas, un comando formado por m\u00e1s de 100 hombres armados hasta los dientes, se dieron a la tarea de incendiar 22 casas y cuatro veh\u00edculos, hasta que las llamas consumieron completamente todo.<\/p>\n<p>Hubo varias denuncias y todas coincidieron en que se trataba de un grupo muy nutrido de narcotraficantes que se mov\u00edan de un lado para otro incendiando todo lo que estaba a su alcance.<\/p>\n<p>Coincid\u00edan asimismo que el grupo se llev\u00f3 a la fuerza a cinco hombres, a quienes ataron y arrastraron, de quienes a la fecha, se desconoce el paradero y hasta hay sospecha de que ya est\u00e9n muertos<\/p>\n<p>Si lo anterior no es \u201cnarcoterrorismo\u201d, que alguien haga favor de precisar c\u00f3mo se llaman esos actos llenos de salvajismo atemorizante, que practican grupos sumamente bestiales, que parecen participar en una extra\u00f1a competencia para establecer qui\u00e9n es el peor.<\/p>\n<p>Por razones como las anteriores, es que la C\u00e1mara Nacional de Comercio de Matamoros, Tamaulipas, solicit\u00f3 permiso para que los comerciantes se armen, a causa de los constantes y cuantiosos robos de que son v\u00edctimas todos los d\u00edas y a todas horas, toda vez que las autoridades son m\u00e1s que incompetentes.<\/p>\n<p>Abel\u00a0 Mor\u00f3n Guzm\u00e1n, presidente de la C\u00e1mara, asegura que los mismos delincuentes saben que pueden actuar a placer, ya que nadie les har\u00e1 frente. Esa es la nueva incultura.<\/p>\n<p><a href=\"mailto:ariosruiz@gmail.com\" target=\"_blank\" rel=\"noopener noreferrer\"><em>ariosruiz@gmail.com<\/em><\/a><\/p>\n","protected":false},"excerpt":{"rendered":"<p><span style=\"color: #005497;\"><strong>Armando R\u00edos Ruiz<\/strong><\/span><\/p>\n","protected":false},"author":3,"featured_media":0,"comment_status":"open","ping_status":"open","sticky":false,"template":"","format":"standard","meta":{"_monsterinsights_skip_tracking":false,"_monsterinsights_sitenote_active":false,"_monsterinsights_sitenote_note":"","_monsterinsights_sitenote_category":0,"footnotes":""},"categories":[88405],"tags":[88407,43674,88406],"class_list":["post-456681","post","type-post","status-publish","format-standard","hentry","category-armando-rios-ruiz","tag-armando-rios-ruiz","tag-opinion","tag-perfiles-de-mexico"],"_links":{"self":[{"href":"https:\/\/www.diarioimagen.net\/index.php?rest_route=\/wp\/v2\/posts\/456681","targetHints":{"allow":["GET"]}}],"collection":[{"href":"https:\/\/www.diarioimagen.net\/index.php?rest_route=\/wp\/v2\/posts"}],"about":[{"href":"https:\/\/www.diarioimagen.net\/index.php?rest_route=\/wp\/v2\/types\/post"}],"author":[{"embeddable":true,"href":"https:\/\/www.diarioimagen.net\/index.php?rest_route=\/wp\/v2\/users\/3"}],"replies":[{"embeddable":true,"href":"https:\/\/www.diarioimagen.net\/index.php?rest_route=%2Fwp%2Fv2%2Fcomments&post=456681"}],"version-history":[{"count":0,"href":"https:\/\/www.diarioimagen.net\/index.php?rest_route=\/wp\/v2\/posts\/456681\/revisions"}],"wp:attachment":[{"href":"https:\/\/www.diarioimagen.net\/index.php?rest_route=%2Fwp%2Fv2%2Fmedia&parent=456681"}],"wp:term":[{"taxonomy":"category","embeddable":true,"href":"https:\/\/www.diarioimagen.net\/index.php?rest_route=%2Fwp%2Fv2%2Fcategories&post=456681"},{"taxonomy":"post_tag","embeddable":true,"href":"https:\/\/www.diarioimagen.net\/index.php?rest_route=%2Fwp%2Fv2%2Ftags&post=456681"}],"curies":[{"name":"wp","href":"https:\/\/api.w.org\/{rel}","templated":true}]}}