{"id":456682,"date":"2020-01-20T00:06:25","date_gmt":"2020-01-20T06:06:25","guid":{"rendered":"https:\/\/www.diarioimagen.net\/?p=456682"},"modified":"2020-01-20T01:27:39","modified_gmt":"2020-01-20T07:27:39","slug":"amlo-nos-da-el-avion","status":"publish","type":"post","link":"https:\/\/www.diarioimagen.net\/?p=456682","title":{"rendered":"AMLO nos da el avi\u00f3n"},"content":{"rendered":"<h2>Con mi mano izquierda&#8230;<\/h2>\n<h5>Edgar G\u00f3mez Flores<\/h5>\n<p>&nbsp;<\/p>\n<p>Empezamos 2020 con nuestra realidad y, en M\u00e9xico, parte de \u00e9sta son las ocurrencias y frases dicharacheras de nuestro Presidente. Desde el \u201cEso si calienta\u201d contestado al periodista mexicano de Univisi\u00f3n Jorge Ramos, por cuestionarle sus resultados en materia de seguridad; hasta \u201cla rifa del avi\u00f3n presidencial\u201d, nos hace pensar que no tendremos un cambio en la comunicaci\u00f3n de nuestro primer mandatario.<\/p>\n<p>El tema de la comunicaci\u00f3n pudiera parecer algo de forma. Sin embargo, la forma se empieza a volver fondo cuando el Presidente estira la liga de su popularidad y esta no se debilita, mucho menos se rompe. \u00bfSer\u00e1n estas ocurrencias una estrategia planeada de comunicaci\u00f3n social o ser\u00e1n ideas vagas, producto del centralismo del poder y la mala informaci\u00f3n con la que cuenta el Presidente? En el caso de que fuera la primera opci\u00f3n, creo que \u00e9l tiene buenos resultados. Lo explico. El Presidente puede decir lo que se le ocurra, sin informaci\u00f3n, en un tono de broma y burla y sus seguidores no dejan de confiar en \u00e9l. Esto, es algo que Andr\u00e9s Manuel ha probado y ya tiene datos. Sus \u201ctorpezas\u201d no merman su popularidad. Pudimos ver c\u00f3mo las fuerzas del orden federales soltaron en octubre 2019 a Ovidio Guzm\u00e1n y con seis distintas explicaciones y dos conferencias de prensa r\u00edspidas pudo, su equipo, seguir adelante. Tambi\u00e9n escuchamos c\u00f3mo se evade el debate de la seguridad p\u00fablica argumentando que, aun cuando 2019 es el a\u00f1o m\u00e1s violento despu\u00e9s de la Revoluci\u00f3n Mexicana, se ha detenido la pendiente de crecimiento; lo cual podr\u00eda ser buena noticia si el problema empezara, pero no en los niveles de 36,000 homicidios anuales que parece veremos en las cifras del a\u00f1o anterior.<\/p>\n<p>Estas ocurrencias llegaron a su l\u00edmite la semana pasada cuando plante\u00f3 la soluci\u00f3n econ\u00f3mica para recuperar el costo del avi\u00f3n rechazado como avi\u00f3n presidencial. Y en este punto creo que la decisi\u00f3n de no volar en una aeronave de esas dimensiones f\u00edsicas y econ\u00f3micas (120 millones de d\u00f3lares aproximadamente) es entendible, en el contexto de una austeridad republicana. Sin embargo, desconocer que el avi\u00f3n se encuentra en un proceso de arrendamiento financiero lo que implica que su venta generar\u00eda un recuperaci\u00f3n econ\u00f3mica de casi \u201ccero\u201d, o plantear la rifa de un avi\u00f3n es algo que genera enojo, risa y principalmente varios cuestionamientos. \u00bfEl Presidente habla en serio? fue una ocurrencia suya o de su gabinete, platic\u00f3 este tema con el Director de la Loter\u00eda Nacional, con el Director de Banobras (quien coordina la enajenaci\u00f3n del avi\u00f3n) o simplemente en el camino ven\u00eda escuchando a Chava Flores, cantautor popular mexicano, cuando en la canci\u00f3n \u201ca que le tiras cuando sue\u00f1as mexicano\u201d se le meti\u00f3 la frase \u201chacerte rico en loter\u00edas con un mill\u00f3n\u201d.<\/p>\n<p>Parece 2020 ser\u00e1 un a\u00f1o ocurrente de nueva cuenta. Debemos dar seguimiento puntual a los verdaderos problemas del pa\u00eds; la seguridad p\u00fablica (con la consolidaci\u00f3n de la Guardia Nacional), el crecimiento econ\u00f3mico (el cual fue \u201ccero\u201d en 2019), el reparto de los programas sociales y el desempe\u00f1o de la inversi\u00f3n p\u00fablica que se concentra (m\u00ednimo en el discurso) en el Tren Maya, la Refiner\u00eda de Dos Bocas y el Aeropuerto de Santa Luc\u00eda.<\/p>\n<p>El concentrarnos y distraernos con las ocurrencias de Andr\u00e9s Manuel har\u00e1 que nuestro Primer Mandatario un a\u00f1o m\u00e1s \u201cnos d\u00e9 el avi\u00f3n\u201d y ahora s\u00ed hasta con hangar.<\/p>\n<p><a href=\"mailto:edgargomez_cide@yahoo.com.mx\"><em>edgargomez_cide@yahoo.com.mx<\/em><\/a><\/p>\n","protected":false},"excerpt":{"rendered":"<p><span style=\"color: #005497;\"><strong>Edgar G\u00f3mez Flores<\/strong><\/span><\/p>\n","protected":false},"author":3,"featured_media":0,"comment_status":"open","ping_status":"open","sticky":false,"template":"","format":"standard","meta":{"_monsterinsights_skip_tracking":false,"_monsterinsights_sitenote_active":false,"_monsterinsights_sitenote_note":"","_monsterinsights_sitenote_category":0,"footnotes":""},"categories":[3819],"tags":[85911,85912,43674],"class_list":["post-456682","post","type-post","status-publish","format-standard","hentry","category-edgar-gomez-flores","tag-con-mi-mano-izquierda","tag-edgar-gomez-flores","tag-opinion"],"_links":{"self":[{"href":"https:\/\/www.diarioimagen.net\/index.php?rest_route=\/wp\/v2\/posts\/456682","targetHints":{"allow":["GET"]}}],"collection":[{"href":"https:\/\/www.diarioimagen.net\/index.php?rest_route=\/wp\/v2\/posts"}],"about":[{"href":"https:\/\/www.diarioimagen.net\/index.php?rest_route=\/wp\/v2\/types\/post"}],"author":[{"embeddable":true,"href":"https:\/\/www.diarioimagen.net\/index.php?rest_route=\/wp\/v2\/users\/3"}],"replies":[{"embeddable":true,"href":"https:\/\/www.diarioimagen.net\/index.php?rest_route=%2Fwp%2Fv2%2Fcomments&post=456682"}],"version-history":[{"count":0,"href":"https:\/\/www.diarioimagen.net\/index.php?rest_route=\/wp\/v2\/posts\/456682\/revisions"}],"wp:attachment":[{"href":"https:\/\/www.diarioimagen.net\/index.php?rest_route=%2Fwp%2Fv2%2Fmedia&parent=456682"}],"wp:term":[{"taxonomy":"category","embeddable":true,"href":"https:\/\/www.diarioimagen.net\/index.php?rest_route=%2Fwp%2Fv2%2Fcategories&post=456682"},{"taxonomy":"post_tag","embeddable":true,"href":"https:\/\/www.diarioimagen.net\/index.php?rest_route=%2Fwp%2Fv2%2Ftags&post=456682"}],"curies":[{"name":"wp","href":"https:\/\/api.w.org\/{rel}","templated":true}]}}